{"id":23631,"date":"2023-01-12T05:45:22","date_gmt":"2023-01-12T05:45:22","guid":{"rendered":"https:\/\/www.iceagetv.com\/radiosite\/?p=23631"},"modified":"2023-01-12T05:45:22","modified_gmt":"2023-01-12T05:45:22","slug":"calcul-mental-heure-de-consolidation-le-plan-de-pap-ndiaye-pour-renforcer-lenseignement-des-maths","status":"publish","type":"post","link":"https:\/\/www.iceagetv.com\/radiosite\/calcul-mental-heure-de-consolidation-le-plan-de-pap-ndiaye-pour-renforcer-lenseignement-des-maths\/","title":{"rendered":"CALCUL MENTAL, HEURE DE CONSOLIDATION: LE PLAN DE PAP NDIAYE POUR RENFORCER L&rsquo;ENSEIGNEMENT DES MATHS"},"content":{"rendered":"\n<p>Les petits Fran\u00e7ais de moins en moins forts en<a href=\"https:\/\/www.bfmtv.com\/societe\/education\/le-cnrs-juge-la-situation-des-mathematiques-en-france-tres-preoccupante_AD-202211150248.html\">&nbsp;math\u00e9matiques<\/a>? Dans une note de service relative \u00e0 la mise en place des maths de l&rsquo;\u00e9cole au lyc\u00e9e, et transmises aux personnels de l&rsquo;\u00c9ducation nationale, \u00c9douard Geffray reconna\u00eet une \u00ab\u00a0ma\u00eetrise in\u00e9gale des comp\u00e9tences de la part des \u00e9l\u00e8ves.\u00a0\u00bb<\/p>\n\n\n\n<p>Le Directeur g\u00e9n\u00e9ral de l&rsquo;enseignement scolaire (Dgesco) dresse dans ce document, que BFMTV s&rsquo;est procur\u00e9, les recommandations du minist\u00e8re de l&rsquo;\u00c9ducation nationale, pilot\u00e9 par Pap Ndiaye, afin de renforcer l&rsquo;enseignement des math\u00e9matiques, du CP \u00e0 la classe de terminale.<\/p>\n\n\n\n<h2 class=\"wp-block-heading\">\u00c0 l&rsquo;\u00e9cole \u00e9l\u00e9mentaire: \u00e9valuations et calcul mental<\/h2>\n\n\n\n<p>Grande nouveaut\u00e9: \u00ab\u00a0<a href=\"https:\/\/www.bfmtv.com\/societe\/evaluations-nationales-en-primaire-et-au-college-l-epidemie-de-covid-19-a-fait-chuter-les-performances-des-eleves_VN-202211260138.html\">les \u00e9valuations de d\u00e9but CP<\/a>, mi-CP, et CE1 seront \u00e9tendues \u00e0 la rentr\u00e9e 2023 aux \u00e9l\u00e8ves entrant en CM1.\u00a0\u00bb<\/p>\n\n\n\n<blockquote class=\"wp-block-quote is-layout-flow wp-block-quote-is-layout-flow\">\n<p>\u00ab\u00a0La r\u00e9ussite des \u00e9l\u00e8ves en math\u00e9matiques suppose un enseignement m\u00e9thodique, et dans le cadre des programmes, une progression conforme aux rep\u00e8res et attendus annuels de progression, disponibles du CP \u00e0 la classe de 3e\u00a0\u00bb, peut-on \u00e9galement lire.<\/p>\n<cite>Dans ce cadre, le minist\u00e8re de l&rsquo;\u00c9ducation nationale estime que plusieurs pratiques p\u00e9dagogiques sont \u00e0 encourager,\u00a0<a href=\"https:\/\/www.bfmtv.com\/societe\/education\/evaluations-nationales-en-primaire-un-eleve-de-ce1-sur-deux-a-des-difficultes-en-calcul-mental_AN-201810150034.html\">comme le calcul mental<\/a>, qui doit faire \u00ab\u00a0l&rsquo;objet d&rsquo;une pratique quotidienne d&rsquo;au moins 15 minutes \u00e0 l&rsquo;\u00e9cole \u00e9l\u00e9mentaire\u00a0\u00bb, ou la r\u00e9solution de probl\u00e8mes \u00e0 la complexit\u00e9 croissante, \u00ab\u00a0qui doit \u00eatre au coeur de l&rsquo;activit\u00e9 math\u00e9matique des \u00e9l\u00e8ves tout au long de la scolarit\u00e9 obligatoire.\u00a0\u00bb<br>Le minist\u00e8re esp\u00e8re que, d&rsquo;ici juin 2026, l&rsquo;ensemble des professeurs des \u00e9coles auront b\u00e9n\u00e9fici\u00e9 du \u00ab\u00a0plan math\u00e9matiques de formation\u00a0\u00bb, dont 35% des instituteurs ont d\u00e9j\u00e0 profit\u00e9.<\/cite><\/blockquote>\n","protected":false},"excerpt":{"rendered":"<p>Les petits Fran\u00e7ais de moins en moins forts en&nbsp;math\u00e9matiques? Dans une note de service relative \u00e0 la mise en place des maths de l&rsquo;\u00e9cole au lyc\u00e9e, et transmises aux personnels de l&rsquo;\u00c9ducation nationale, \u00c9douard Geffray reconna\u00eet une \u00ab\u00a0ma\u00eetrise in\u00e9gale des comp\u00e9tences de la part des \u00e9l\u00e8ves.\u00a0\u00bb Le Directeur g\u00e9n\u00e9ral de l&rsquo;enseignement scolaire (Dgesco) dresse dans [&hellip;]<\/p>\n","protected":false},"author":2,"featured_media":23632,"comment_status":"open","ping_status":"open","sticky":false,"template":"","format":"standard","meta":{"_jetpack_memberships_contains_paid_content":false,"footnotes":"","jetpack_publicize_message":"","jetpack_publicize_feature_enabled":true,"jetpack_social_post_already_shared":true,"jetpack_social_options":{"image_generator_settings":{"template":"highway","default_image_id":0,"font":"","enabled":false},"version":2},"_wpas_customize_per_network":false},"categories":[405],"tags":[],"class_list":["post-23631","post","type-post","status-publish","format-standard","has-post-thumbnail","hentry","category-actu-france-monde"],"jetpack_publicize_connections":[],"jetpack_featured_media_url":"https:\/\/i0.wp.com\/www.iceagetv.com\/radiosite\/wp-content\/uploads\/2023\/01\/Le-ministre-de-l-Education-nationale-Pap-Ndiaye-le-12-decembre-2022-a-Paris-1545000.jpg?fit=840%2C473&ssl=1","jetpack_sharing_enabled":true,"_links":{"self":[{"href":"https:\/\/www.iceagetv.com\/radiosite\/wp-json\/wp\/v2\/posts\/23631","targetHints":{"allow":["GET"]}}],"collection":[{"href":"https:\/\/www.iceagetv.com\/radiosite\/wp-json\/wp\/v2\/posts"}],"about":[{"href":"https:\/\/www.iceagetv.com\/radiosite\/wp-json\/wp\/v2\/types\/post"}],"author":[{"embeddable":true,"href":"https:\/\/www.iceagetv.com\/radiosite\/wp-json\/wp\/v2\/users\/2"}],"replies":[{"embeddable":true,"href":"https:\/\/www.iceagetv.com\/radiosite\/wp-json\/wp\/v2\/comments?post=23631"}],"version-history":[{"count":1,"href":"https:\/\/www.iceagetv.com\/radiosite\/wp-json\/wp\/v2\/posts\/23631\/revisions"}],"predecessor-version":[{"id":23633,"href":"https:\/\/www.iceagetv.com\/radiosite\/wp-json\/wp\/v2\/posts\/23631\/revisions\/23633"}],"wp:featuredmedia":[{"embeddable":true,"href":"https:\/\/www.iceagetv.com\/radiosite\/wp-json\/wp\/v2\/media\/23632"}],"wp:attachment":[{"href":"https:\/\/www.iceagetv.com\/radiosite\/wp-json\/wp\/v2\/media?parent=23631"}],"wp:term":[{"taxonomy":"category","embeddable":true,"href":"https:\/\/www.iceagetv.com\/radiosite\/wp-json\/wp\/v2\/categories?post=23631"},{"taxonomy":"post_tag","embeddable":true,"href":"https:\/\/www.iceagetv.com\/radiosite\/wp-json\/wp\/v2\/tags?post=23631"}],"curies":[{"name":"wp","href":"https:\/\/api.w.org\/{rel}","templated":true}]}}