{"id":23665,"date":"2023-01-16T16:54:02","date_gmt":"2023-01-16T16:54:02","guid":{"rendered":"https:\/\/www.iceagetv.com\/radiosite\/?p=23665"},"modified":"2023-01-16T16:54:02","modified_gmt":"2023-01-16T16:54:02","slug":"ado-tue-a-thiais-le-lyceen-serait-tombe-dans-un-guet-apens-sans-doute-lors-dun-reglement-de-compte-entre-bandes-de-quartiers-le-suspect-interpele-a-16-ans-et-etait-sous-controle-judiciair","status":"publish","type":"post","link":"https:\/\/www.iceagetv.com\/radiosite\/ado-tue-a-thiais-le-lyceen-serait-tombe-dans-un-guet-apens-sans-doute-lors-dun-reglement-de-compte-entre-bandes-de-quartiers-le-suspect-interpele-a-16-ans-et-etait-sous-controle-judiciair\/","title":{"rendered":"Ado tu\u00e9 \u00e0 Thiais: \u00ab\u00a0Le lyc\u00e9en, serait tomb\u00e9 dans un guet-apens sans doute lors d&rsquo;un r\u00e8glement de compte entre bandes de quartiers &#8211; Le suspect interpel\u00e9 a 16 ans et \u00e9tait sous contr\u00f4le judiciair"},"content":{"rendered":"\n<p><strong>St\u00e9phane Hardouin, procureur de la R\u00e9publique de Cr\u00e9teil, indique que l&rsquo;adolescent a \u00e9t\u00e9 tu\u00e9 d&rsquo;un coup de couteau, un autre a \u00e9t\u00e9 bless\u00e9 \u00e0 la cuisse \u00ab\u00a0par une arme blanche\u00a0\u00bb et transport\u00e9 \u00e0 l&rsquo;h\u00f4pital.&nbsp;<\/strong><\/p>\n\n\n\n<p><strong>\u00ab\u00a0Le lyc\u00e9en, serait tomb\u00e9 dans un guet-apens sans doute dans un r\u00e8glement de compte entre bandes de quartiers\u00a0\u00bb , a-t-il indiqu\u00e9.&nbsp;\u00ab\u00a0Le groupe des agresseurs \u00e9tait en situation de guet-apens. (&#8230;)&nbsp;<\/strong>Selon les t\u00e9moins sur place, les agresseurs auraient poursuivi les victimes sur quelques dizaines de m\u00e8tres, un d&rsquo;entre eux aurait fait usage d&rsquo;une arme blanche\u00a0\u00bb, a-t-il d\u00e9clar\u00e9.<\/p>\n\n\n\n<p><strong>Et de pr\u00e9ciser&nbsp;que \u00ab\u00a0Le suspect interpell\u00e9 a 16 ans et se trouvait sous contr\u00f4le judiciaire\u00a0\u00bb.&nbsp;<\/strong>&nbsp;\u00ab\u00a0Une plaie sous claviculaire proche de la r\u00e9gion du c\u0153ur et une&nbsp;blessure au niveau de la main\u00a0\u00bb&nbsp;, ont \u00e9t\u00e9 constat\u00e9es sur le corps du jeune homme, a pr\u00e9cis\u00e9 le procureur, qui a \u00e9galement pr\u00e9cis\u00e9 qu&rsquo;une autopsie aura lieu demain matin.<\/p>\n\n\n\n<p>Avant d&rsquo;indiquer que plusieurs suspects ont \u00e9t\u00e9 arr\u00eat\u00e9s,&nbsp;\u00ab\u00a0un d&rsquo;entre eux interpell\u00e9 \u00e0 son domicile de Choisy\u00a0\u00bb.&nbsp;<\/p>\n\n\n\n<p>La qualification choisie par le parquet pour cette enqu\u00eate est celle d'\u00a0\u00bbhomicide volontaire commis en bande organis\u00e9e et tentative\u00a0\u00bb\u00a0et\u00a0\u00ab\u00a0tentative d&rsquo;homicide volontaire commis en bande organis\u00e9e<\/p>\n\n\n\n<p>Un adolescent de 16 ans a \u00e9t\u00e9 mortellement poignard\u00e9 devant le lyc\u00e9e Guillaume Apollinaire \u00e0 Thiais (Val-de-Marne) lundi et un autre mineur a \u00e9t\u00e9 bless\u00e9, a indiqu\u00e9 le parquet de Cr\u00e9teil \u00e0 l\u2019AFP, confirmant une information de Valeurs actuelles. Le jeune bless\u00e9 a \u00e9t\u00e9 transport\u00e9 \u00e0 l\u2019h\u00f4pital Henri-Mondor, son pronostic vital n\u2019est pas engag\u00e9, selon le parquet.<\/p>\n\n\n\n<p>Les faits se sont d\u00e9roul\u00e9s lundi entre 08H00 et 09H00, selon les premiers \u00e9l\u00e9ments de l\u2019enqu\u00eate confi\u00e9e \u00e0 la police judiciaire du Val-de-Marne, a pr\u00e9cis\u00e9 le parquet, sans donner de pr\u00e9cisions sur le contexte de l\u2019agression. Contact\u00e9s par l\u2019AFP, la pr\u00e9fecture du Val-de-Marne et le rectorat de Cr\u00e9teil n\u2019\u00e9taient pas joignables dans l\u2019imm\u00e9diat.<\/p>\n\n\n\n<p>\u00ab C\u2019est un \u00e9v\u00e8nement dramatique qui choque tout le monde \u00bb, a r\u00e9agi aupr\u00e8s de l\u2019AFP le maire de Thiais Richard Dell\u2019Agnola. Le d\u00e9partement du Val-de-Marne a \u00e9t\u00e9 le th\u00e9\u00e2tre de rixe entre bandes rivales et d\u2019agressions mortelles entre jeunes, notamment en 2021 \u00e0 Champigny-sur-Marne ou \u00e0 Ivry-sur-Seine.<\/p>\n","protected":false},"excerpt":{"rendered":"<p>St\u00e9phane Hardouin, procureur de la R\u00e9publique de Cr\u00e9teil, indique que l&rsquo;adolescent a \u00e9t\u00e9 tu\u00e9 d&rsquo;un coup de couteau, un autre a \u00e9t\u00e9 bless\u00e9 \u00e0 la cuisse \u00ab\u00a0par une arme blanche\u00a0\u00bb et transport\u00e9 \u00e0 l&rsquo;h\u00f4pital.&nbsp; \u00ab\u00a0Le lyc\u00e9en, serait tomb\u00e9 dans un guet-apens sans doute dans un r\u00e8glement de compte entre bandes de quartiers\u00a0\u00bb , a-t-il indiqu\u00e9.&nbsp;\u00ab\u00a0Le [&hellip;]<\/p>\n","protected":false},"author":2,"featured_media":23666,"comment_status":"open","ping_status":"open","sticky":false,"template":"","format":"standard","meta":{"_jetpack_memberships_contains_paid_content":false,"footnotes":"","jetpack_publicize_message":"","jetpack_publicize_feature_enabled":true,"jetpack_social_post_already_shared":true,"jetpack_social_options":{"image_generator_settings":{"template":"highway","default_image_id":0,"font":"","enabled":false},"version":2},"_wpas_customize_per_network":false},"categories":[405],"tags":[],"class_list":["post-23665","post","type-post","status-publish","format-standard","has-post-thumbnail","hentry","category-actu-france-monde"],"jetpack_publicize_connections":[],"jetpack_featured_media_url":"https:\/\/i0.wp.com\/www.iceagetv.com\/radiosite\/wp-content\/uploads\/2023\/01\/Ado-tue-a-Thiais.jpg?fit=679%2C293&ssl=1","jetpack_sharing_enabled":true,"_links":{"self":[{"href":"https:\/\/www.iceagetv.com\/radiosite\/wp-json\/wp\/v2\/posts\/23665","targetHints":{"allow":["GET"]}}],"collection":[{"href":"https:\/\/www.iceagetv.com\/radiosite\/wp-json\/wp\/v2\/posts"}],"about":[{"href":"https:\/\/www.iceagetv.com\/radiosite\/wp-json\/wp\/v2\/types\/post"}],"author":[{"embeddable":true,"href":"https:\/\/www.iceagetv.com\/radiosite\/wp-json\/wp\/v2\/users\/2"}],"replies":[{"embeddable":true,"href":"https:\/\/www.iceagetv.com\/radiosite\/wp-json\/wp\/v2\/comments?post=23665"}],"version-history":[{"count":1,"href":"https:\/\/www.iceagetv.com\/radiosite\/wp-json\/wp\/v2\/posts\/23665\/revisions"}],"predecessor-version":[{"id":23667,"href":"https:\/\/www.iceagetv.com\/radiosite\/wp-json\/wp\/v2\/posts\/23665\/revisions\/23667"}],"wp:featuredmedia":[{"embeddable":true,"href":"https:\/\/www.iceagetv.com\/radiosite\/wp-json\/wp\/v2\/media\/23666"}],"wp:attachment":[{"href":"https:\/\/www.iceagetv.com\/radiosite\/wp-json\/wp\/v2\/media?parent=23665"}],"wp:term":[{"taxonomy":"category","embeddable":true,"href":"https:\/\/www.iceagetv.com\/radiosite\/wp-json\/wp\/v2\/categories?post=23665"},{"taxonomy":"post_tag","embeddable":true,"href":"https:\/\/www.iceagetv.com\/radiosite\/wp-json\/wp\/v2\/tags?post=23665"}],"curies":[{"name":"wp","href":"https:\/\/api.w.org\/{rel}","templated":true}]}}