{"id":23677,"date":"2023-01-17T16:41:04","date_gmt":"2023-01-17T16:41:04","guid":{"rendered":"https:\/\/www.iceagetv.com\/radiosite\/?p=23677"},"modified":"2023-01-17T16:41:04","modified_gmt":"2023-01-17T16:41:04","slug":"noel-le-graet-patron-de-la-fff-dement-toutes-les-accusations-de-harcelement-moral-ou-sexuel-la-parquet-annonce-louverture-dune-enquete-pour-harcelement-moral-et-outrage-sexiste","status":"publish","type":"post","link":"https:\/\/www.iceagetv.com\/radiosite\/noel-le-graet-patron-de-la-fff-dement-toutes-les-accusations-de-harcelement-moral-ou-sexuel-la-parquet-annonce-louverture-dune-enquete-pour-harcelement-moral-et-outrage-sexiste\/","title":{"rendered":"No\u00ebl Le Gra\u00ebt, patron de la FFF, \u00ab\u00a0d\u00e9ment toutes les accusations de harc\u00e8lement moral ou sexuel &#8211; La parquet annonce l&rsquo;ouverture d&rsquo;une enqu\u00eate pour harc\u00e8lement moral et outrage sexiste"},"content":{"rendered":"\n<p><strong>Dans un communiqu\u00e9 transmis \u00e0 l&rsquo;AFP, No\u00ebl Le Gra\u00ebt \u00ab\u00a0d\u00e9ment toutes les accusations de harc\u00e8lement moral ou sexuel\u00a0\u00bb<\/strong>. Le parquet de Paris a confirm\u00e9 ce midi l&rsquo;ouverture d&rsquo;une enqu\u00eate pr\u00e9liminaire pour harc\u00e8lement moral et sexuel visant le dirigeant breton, r\u00e9cemment mis en retrait de la pr\u00e9sidence de la F\u00e9d\u00e9ration fran\u00e7aise de football (FFF). Les investigations ont \u00e9t\u00e9 confi\u00e9es \u00e0 la Brigade de r\u00e9pression contre la d\u00e9linquance aux personnes.<\/p>\n\n\n\n<p><strong>Une enqu\u00eate pour harc\u00e8lement moral et harc\u00e8lement sexuel a \u00e9t\u00e9 ouverte lundi \u00e0 la suite du signalement pour \u00ab&nbsp;outrage sexiste&nbsp;\u00bb visant le pr\u00e9sident de la F\u00e9d\u00e9ration fran\u00e7aise de football No\u00ebl Le Gra\u00ebt, a indiqu\u00e9 mardi le parquet de Paris, sollicit\u00e9 par l\u2019AFP.<\/strong>&nbsp;Ce signalement a \u00e9t\u00e9 effectu\u00e9 apr\u00e8s le t\u00e9moignage de Sonia Souid, agente de plusieurs internationales fran\u00e7aises, recueilli par les auditeurs de l\u2019Inspection g\u00e9n\u00e9rale de l\u2019\u00e9ducation, du sport et de la recherche (IGESR), selon le quotidien Le Monde.<\/p>\n\n\n\n<p>Sonia Souid a publiquement d\u00e9nonc\u00e9 la semaine derni\u00e8re, aupr\u00e8s du quotidien L\u2019Equipe et sur RMC, le comportement jug\u00e9 sexiste de celui qui pr\u00e9side la FFF depuis 2011. \u00ab&nbsp;Il m\u2019a dit en t\u00eate \u00e0 t\u00eate, dans son appartement, tr\u00e8s clairement, que si je voulais qu\u2019il m\u2019aide, il fallait passer \u00e0 la casserole&nbsp;\u00bb, a-t-elle affirm\u00e9.<\/p>\n\n\n\n<p>\u00c9voquant ses rapports professionnels pass\u00e9s avec le patron du football fran\u00e7ais, elle explique avoir eu le sentiment \u00ab&nbsp;qu\u2019\u00e0 chaque fois, la seule chose qui l\u2019int\u00e9resse, et je m\u2019excuse de parler vulgairement, ce sont mes deux seins et mon cul&nbsp;\u00bb. Le 11 janvier, No\u00ebl Le Gra\u00ebt a \u00e9t\u00e9 \u00ab&nbsp;mis en retrait&nbsp;\u00bb de la pr\u00e9sidence de la f\u00e9d\u00e9ration par le comit\u00e9 ex\u00e9cutif.<\/p>\n\n\n\n<p>Sollicit\u00e9 samedi par l\u2019AFP, le minist\u00e8re des Sports avait pr\u00e9cis\u00e9 que la ministre Am\u00e9lie Oud\u00e9a-Cast\u00e9ra avait \u00e9t\u00e9 inform\u00e9e du signalement, conform\u00e9ment \u00e0 la proc\u00e9dure, et qu\u2019elle n\u2019avait pas vocation \u00e0 s\u2019exprimer davantage sur le sujet. \u00ab&nbsp;Je viens de prendre connaissance avec \u00e9tonnement d\u2019un article du Monde faisant \u00e9tat de fuites sur le rapport provisoire en cours de pr\u00e9paration (de l\u2019IGESR)&nbsp;\u00bb, a r\u00e9agi samedi de son c\u00f4t\u00e9 No\u00ebl Le Gra\u00ebt dans une d\u00e9claration transmise \u00e0 l\u2019AFP, apr\u00e8s la r\u00e9v\u00e9lation du signalement dans le quotidien. \u00ab&nbsp;A ce stade je ne connais ni les faits qui me sont reproch\u00e9s ni les personnes qui en sont \u00e0 l\u2019origine&nbsp;\u00bb, avait-il d\u00e9clar\u00e9. \u00ab&nbsp;Plus g\u00e9n\u00e9ralement je m\u2019\u00e9tonne que des informations puissent \u00eatre divulgu\u00e9es alors m\u00eame que le rapport provisoire ne m\u2019a pas encore \u00e9t\u00e9 transmis et que je n\u2019ai pas \u00e9t\u00e9 en mesure de faire valoir mes observations sur celui-ci&nbsp;\u00bb.<\/p>\n","protected":false},"excerpt":{"rendered":"<p>Dans un communiqu\u00e9 transmis \u00e0 l&rsquo;AFP, No\u00ebl Le Gra\u00ebt \u00ab\u00a0d\u00e9ment toutes les accusations de harc\u00e8lement moral ou sexuel\u00a0\u00bb. Le parquet de Paris a confirm\u00e9 ce midi l&rsquo;ouverture d&rsquo;une enqu\u00eate pr\u00e9liminaire pour harc\u00e8lement moral et sexuel visant le dirigeant breton, r\u00e9cemment mis en retrait de la pr\u00e9sidence de la F\u00e9d\u00e9ration fran\u00e7aise de football (FFF). Les investigations [&hellip;]<\/p>\n","protected":false},"author":2,"featured_media":23678,"comment_status":"open","ping_status":"open","sticky":false,"template":"","format":"standard","meta":{"_jetpack_memberships_contains_paid_content":false,"footnotes":"","jetpack_publicize_message":"","jetpack_publicize_feature_enabled":true,"jetpack_social_post_already_shared":true,"jetpack_social_options":{"image_generator_settings":{"template":"highway","default_image_id":0,"font":"","enabled":false},"version":2},"_wpas_customize_per_network":false},"categories":[405],"tags":[],"class_list":["post-23677","post","type-post","status-publish","format-standard","has-post-thumbnail","hentry","category-actu-france-monde"],"jetpack_publicize_connections":[],"jetpack_featured_media_url":"https:\/\/i0.wp.com\/www.iceagetv.com\/radiosite\/wp-content\/uploads\/2023\/01\/Noel-Le-Graet-patron-de-la-FFF.jpg?fit=324%2C141&ssl=1","jetpack_sharing_enabled":true,"_links":{"self":[{"href":"https:\/\/www.iceagetv.com\/radiosite\/wp-json\/wp\/v2\/posts\/23677","targetHints":{"allow":["GET"]}}],"collection":[{"href":"https:\/\/www.iceagetv.com\/radiosite\/wp-json\/wp\/v2\/posts"}],"about":[{"href":"https:\/\/www.iceagetv.com\/radiosite\/wp-json\/wp\/v2\/types\/post"}],"author":[{"embeddable":true,"href":"https:\/\/www.iceagetv.com\/radiosite\/wp-json\/wp\/v2\/users\/2"}],"replies":[{"embeddable":true,"href":"https:\/\/www.iceagetv.com\/radiosite\/wp-json\/wp\/v2\/comments?post=23677"}],"version-history":[{"count":1,"href":"https:\/\/www.iceagetv.com\/radiosite\/wp-json\/wp\/v2\/posts\/23677\/revisions"}],"predecessor-version":[{"id":23679,"href":"https:\/\/www.iceagetv.com\/radiosite\/wp-json\/wp\/v2\/posts\/23677\/revisions\/23679"}],"wp:featuredmedia":[{"embeddable":true,"href":"https:\/\/www.iceagetv.com\/radiosite\/wp-json\/wp\/v2\/media\/23678"}],"wp:attachment":[{"href":"https:\/\/www.iceagetv.com\/radiosite\/wp-json\/wp\/v2\/media?parent=23677"}],"wp:term":[{"taxonomy":"category","embeddable":true,"href":"https:\/\/www.iceagetv.com\/radiosite\/wp-json\/wp\/v2\/categories?post=23677"},{"taxonomy":"post_tag","embeddable":true,"href":"https:\/\/www.iceagetv.com\/radiosite\/wp-json\/wp\/v2\/tags?post=23677"}],"curies":[{"name":"wp","href":"https:\/\/api.w.org\/{rel}","templated":true}]}}