{"id":23692,"date":"2023-01-18T13:40:12","date_gmt":"2023-01-18T13:40:12","guid":{"rendered":"https:\/\/www.iceagetv.com\/radiosite\/?p=23692"},"modified":"2023-01-18T13:40:12","modified_gmt":"2023-01-18T13:40:12","slug":"yvelines-une-enquete-ouverte-pour-meurtre-et-destruction-volontaire-apres-un-incendie-qui-a-fait-trois-morts-ce-matin-dans-un-appartement-de-rambouillet","status":"publish","type":"post","link":"https:\/\/www.iceagetv.com\/radiosite\/yvelines-une-enquete-ouverte-pour-meurtre-et-destruction-volontaire-apres-un-incendie-qui-a-fait-trois-morts-ce-matin-dans-un-appartement-de-rambouillet\/","title":{"rendered":"Yvelines: Une enqu\u00eate ouverte pour \u00ab\u00a0meurtre et destruction volontaire\u00a0\u00bb apr\u00e8s un incendie qui a fait trois morts ce matin dans un appartement de Rambouillet"},"content":{"rendered":"\n<p><strong>Le parquet de Versailles a annonc\u00e9 mercredi l\u2019ouverture d\u2019une enqu\u00eate, confi\u00e9e \u00e0 la police judiciaire des Yvelines, pour \u00ab meurtre et destruction volontaire par incendie ayant entra\u00een\u00e9 la mort \u00bb apr\u00e8s le feu qui a fait trois morts dans la matin\u00e9e dans un appartement de Rambouillet (Yvelines).<\/strong><\/p>\n\n\n\n<p>\u00ab Les toutes premi\u00e8res constatations m\u00e9dico-l\u00e9gales faites sur place conduisent en effet \u00e0 envisager que des violences graves ont \u00e9t\u00e9 exerc\u00e9es sur l\u2019adolescent \u00bb retrouv\u00e9 mort apr\u00e8s le sinistre avec une femme qui pourrait \u00eatre sa m\u00e8re, \u00e2g\u00e9e de 48 ans, et un enfant qui pourrait \u00eatre sa soeur de huit ans.<\/p>\n\n\n\n<p>\u00ab Des premi\u00e8res investigations, il ressort que cette femme de nationalit\u00e9 bulgare, \u00e9tait occupante sans titre de l\u2019appartement, dont le titulaire du bail avait \u00e9t\u00e9 son compagnon de 2018 \u00e0 2020, date de leur s\u00e9paration. Depuis cette date, elle occupait seule le logement, avec ses enfants, issus d\u2019une pr\u00e9c\u00e9dente union \u00bb, pr\u00e9cise le parquet.<\/p>\n\n\n\n<p>Le titulaire du bail avait saisi le tribunal de proximit\u00e9 de Rambouillet qui avait ordonn\u00e9 mardi l\u2019expulsion de l\u2019occupante de ce logement. En milieu de matin\u00e9e, l\u2019incendie n\u2019\u00e9tait pas totalement \u00e9teint mais l\u2019ensemble de l\u2019immeuble avait \u00e9t\u00e9 \u00e9vacu\u00e9. Une quarantaine de pompiers \u00e9taient toujours sur les lieux.<\/p>\n\n\n\n<p><strong>Au moins trois personnes sont mortes dans l&rsquo;incendie d&rsquo;un appartement mercredi matin \u00e0 Rambouillet dans les Yvelines, l&rsquo;immeuble ayant \u00e9t\u00e9 \u00e9vacu\u00e9, ont indiqu\u00e9 \u00e0 l&rsquo;AFP les pompiers des Yvelines et une source polici\u00e8re.<\/strong><\/p>\n\n\n\n<p>Les secours sont intervenus vers 08H00 et se trouvaient toujours sur place vers 10H00, l&rsquo;intervention \u00e9tant toujours en cours, a ajout\u00e9 le parquet, sans pouvoir donner d&rsquo;autres pr\u00e9cisions car \u00ab\u00a0les constatations n&rsquo;ont pas encore commenc\u00e9es\u00a0\u00bb. \u00ab\u00a0Les trois corps sont enti\u00e8rement calcin\u00e9s et non identifiables\u00a0\u00bb pour le moment, a pr\u00e9cis\u00e9 une source polici\u00e8re.<\/p>\n\n\n\n<p>Mais des enfants pourraient faire partie des victimes car l&rsquo;incendie a touch\u00e9 l&rsquo;appartement d&rsquo;une famille avec deux enfants, selon une source proche du dossier. En milieu de matin\u00e9e, l&rsquo;incendie n&rsquo;\u00e9tait pas totalement \u00e9teint et l&rsquo;ensemble de l&rsquo;immeuble avait \u00e9t\u00e9 \u00e9vacu\u00e9.<\/p>\n\n\n\n<p>Contact\u00e9es par l&rsquo;AFP, la pr\u00e9fecture des Yvelines et V\u00e9ronique Matillon, la maire (DVD) de Rambouillet, n&rsquo;\u00e9taient pas joignables dans l&rsquo;imm\u00e9diat. Une quarantaine de pompiers sont toujours sur les lieux, o\u00f9 le ministre d\u00e9l\u00e9gu\u00e9 au Logement Olivier Klein \u00e9tait attendu.<\/p>\n","protected":false},"excerpt":{"rendered":"<p>Le parquet de Versailles a annonc\u00e9 mercredi l\u2019ouverture d\u2019une enqu\u00eate, confi\u00e9e \u00e0 la police judiciaire des Yvelines, pour \u00ab meurtre et destruction volontaire par incendie ayant entra\u00een\u00e9 la mort \u00bb apr\u00e8s le feu qui a fait trois morts dans la matin\u00e9e dans un appartement de Rambouillet (Yvelines). \u00ab Les toutes premi\u00e8res constatations m\u00e9dico-l\u00e9gales faites sur [&hellip;]<\/p>\n","protected":false},"author":2,"featured_media":23693,"comment_status":"open","ping_status":"open","sticky":false,"template":"","format":"standard","meta":{"_jetpack_memberships_contains_paid_content":false,"footnotes":"","jetpack_publicize_message":"","jetpack_publicize_feature_enabled":true,"jetpack_social_post_already_shared":true,"jetpack_social_options":{"image_generator_settings":{"template":"highway","default_image_id":0,"font":"","enabled":false},"version":2},"_wpas_customize_per_network":false},"categories":[405],"tags":[],"class_list":["post-23692","post","type-post","status-publish","format-standard","has-post-thumbnail","hentry","category-actu-france-monde"],"jetpack_publicize_connections":[],"jetpack_featured_media_url":"https:\/\/i0.wp.com\/www.iceagetv.com\/radiosite\/wp-content\/uploads\/2023\/01\/Yvelines-Une-enquete-ouverte.jpg?fit=639%2C263&ssl=1","jetpack_sharing_enabled":true,"_links":{"self":[{"href":"https:\/\/www.iceagetv.com\/radiosite\/wp-json\/wp\/v2\/posts\/23692","targetHints":{"allow":["GET"]}}],"collection":[{"href":"https:\/\/www.iceagetv.com\/radiosite\/wp-json\/wp\/v2\/posts"}],"about":[{"href":"https:\/\/www.iceagetv.com\/radiosite\/wp-json\/wp\/v2\/types\/post"}],"author":[{"embeddable":true,"href":"https:\/\/www.iceagetv.com\/radiosite\/wp-json\/wp\/v2\/users\/2"}],"replies":[{"embeddable":true,"href":"https:\/\/www.iceagetv.com\/radiosite\/wp-json\/wp\/v2\/comments?post=23692"}],"version-history":[{"count":1,"href":"https:\/\/www.iceagetv.com\/radiosite\/wp-json\/wp\/v2\/posts\/23692\/revisions"}],"predecessor-version":[{"id":23694,"href":"https:\/\/www.iceagetv.com\/radiosite\/wp-json\/wp\/v2\/posts\/23692\/revisions\/23694"}],"wp:featuredmedia":[{"embeddable":true,"href":"https:\/\/www.iceagetv.com\/radiosite\/wp-json\/wp\/v2\/media\/23693"}],"wp:attachment":[{"href":"https:\/\/www.iceagetv.com\/radiosite\/wp-json\/wp\/v2\/media?parent=23692"}],"wp:term":[{"taxonomy":"category","embeddable":true,"href":"https:\/\/www.iceagetv.com\/radiosite\/wp-json\/wp\/v2\/categories?post=23692"},{"taxonomy":"post_tag","embeddable":true,"href":"https:\/\/www.iceagetv.com\/radiosite\/wp-json\/wp\/v2\/tags?post=23692"}],"curies":[{"name":"wp","href":"https:\/\/api.w.org\/{rel}","templated":true}]}}