{"id":23702,"date":"2023-01-19T10:09:23","date_gmt":"2023-01-19T10:09:23","guid":{"rendered":"https:\/\/www.iceagetv.com\/radiosite\/?p=23702"},"modified":"2023-01-19T10:09:23","modified_gmt":"2023-01-19T10:09:23","slug":"retraites-les-grevistes-intensifient-fortement-les-baisses-de-production-delectricite","status":"publish","type":"post","link":"https:\/\/www.iceagetv.com\/radiosite\/retraites-les-grevistes-intensifient-fortement-les-baisses-de-production-delectricite\/","title":{"rendered":"Retraites : les gr\u00e9vistes intensifient fortement les baisses de production d&rsquo;\u00e9lectricit\u00e9"},"content":{"rendered":"\n<p><strong>Ce jeudi, les gestionnaires des principaux r\u00e9seaux \u00e9lectriques ont rejoint l\u2019appel \u00e0 la gr\u00e8ve lanc\u00e9 par la CGT, dont EDF. De son c\u00f4t\u00e9, RTE observe des baisses de production importantes que le gestionnaire de r\u00e9seaux \u00e9lectriques appelle \u00e0 arr\u00eater.<\/strong><\/p>\n\n\n\n<p><a href=\"https:\/\/www.europe1.fr\/societe\/retraites-premieres-baisses-de-production-delectricite-sans-coupures-de-courant-4161996\">Les&nbsp;baisses de production d&rsquo;\u00e9lectricit\u00e9 organis\u00e9es par des agents EDF<\/a>&nbsp;pour contester&nbsp;<a href=\"https:\/\/www.europe1.fr\/dossiers\/reforme-des-retraites\">le projet gouvernemental sur&nbsp;les&nbsp;retraites<\/a>&nbsp;se sont fortement intensifi\u00e9es jeudi, atteignant au moins l&rsquo;\u00e9quivalent de deux fois la consommation de Paris, a-t-on appris aupr\u00e8s de la CGT et du gestionnaire des lignes \u00e0 haute et tr\u00e8s haute tension RTE.&nbsp;\u00ab\u00a0C&rsquo;est le d\u00e9but de la lutte jusqu&rsquo;au retrait!!\u00a0\u00bb, \u00e9crit la f\u00e9d\u00e9ration CGT Mines Energie dans un tract sur&nbsp;les&nbsp;r\u00e9seaux sociaux, annon\u00e7ant \u00ab\u00a0plus de 7.000 MW de baisse de production sans aucun impact sur&nbsp;les&nbsp;usagers\u00a0\u00bb.<a><\/a><\/p>\n\n\n\n<h2 class=\"wp-block-heading\">La baisse de production atteint un seuil<\/h2>\n\n\n\n<p>\u00ab\u00a0C&rsquo;est \u00e9norme : on ne l\u00e2che rien!!\u00a0\u00bb, ajoute le tract de la f\u00e9d\u00e9ration nationale des mines et \u00e9nergie FNME CGT.\u00a0Le gestionnaire du r\u00e9seau \u00e9lectrique fran\u00e7ais RTE observe pour sa part \u00ab\u00a0une baisse de 5.000 MW, environ l&rsquo;\u00e9quivalent de deux fois la consommation de Paris\u00a0\u00bb au point d&rsquo;envoyer aux\u00a0gr\u00e9vistes\u00a0\u00ab\u00a0un message qui demande l&rsquo;arr\u00eat des baisses\u00a0\u00bb.\u00a0\u00ab\u00a0Cela ne devrait pas baisser plus bas\u00a0\u00bb, a pr\u00e9cis\u00e9 \u00e0 l&rsquo;AFP RTE, entreprise de service public charg\u00e9e d&rsquo;assurer la s\u00e9curit\u00e9 de l&rsquo;approvisionnement en \u00e9lectricit\u00e9.<\/p>\n\n\n\n<h2 class=\"wp-block-heading\">Le r\u00e9gime sp\u00e9cial de retraite des agents EDF doit dispara\u00eetre<\/h2>\n\n\n\n<p>Les&nbsp;agents EDF dont le r\u00e9gime sp\u00e9cial de retraite doit dispara\u00eetre pour&nbsp;les&nbsp;nouveaux embauch\u00e9s si la r\u00e9forme est adopt\u00e9e, avaient d\u00e9but\u00e9&nbsp;les&nbsp;baisses de production d\u00e8s mercredi soir, notamment sur&nbsp;les&nbsp;barrages du Cheylas (Is\u00e8re), de Pied-de-Borne (Loz\u00e8re) ou des Sall\u00e8les (Ard\u00e8che).&nbsp;Les&nbsp;r\u00e9acteurs nucl\u00e9aires fran\u00e7ais produisent entre 900 et 1.450 MW d&rsquo;\u00e9lectricit\u00e9.<\/p>\n","protected":false},"excerpt":{"rendered":"<p>Ce jeudi, les gestionnaires des principaux r\u00e9seaux \u00e9lectriques ont rejoint l\u2019appel \u00e0 la gr\u00e8ve lanc\u00e9 par la CGT, dont EDF. De son c\u00f4t\u00e9, RTE observe des baisses de production importantes que le gestionnaire de r\u00e9seaux \u00e9lectriques appelle \u00e0 arr\u00eater. Les&nbsp;baisses de production d&rsquo;\u00e9lectricit\u00e9 organis\u00e9es par des agents EDF&nbsp;pour contester&nbsp;le projet gouvernemental sur&nbsp;les&nbsp;retraites&nbsp;se sont fortement intensifi\u00e9es [&hellip;]<\/p>\n","protected":false},"author":2,"featured_media":23703,"comment_status":"open","ping_status":"open","sticky":false,"template":"","format":"standard","meta":{"_jetpack_memberships_contains_paid_content":false,"footnotes":"","jetpack_publicize_message":"","jetpack_publicize_feature_enabled":true,"jetpack_social_post_already_shared":true,"jetpack_social_options":{"image_generator_settings":{"template":"highway","default_image_id":0,"font":"","enabled":false},"version":2},"_wpas_customize_per_network":false},"categories":[405],"tags":[],"class_list":["post-23702","post","type-post","status-publish","format-standard","has-post-thumbnail","hentry","category-actu-france-monde"],"jetpack_publicize_connections":[],"jetpack_featured_media_url":"https:\/\/i0.wp.com\/www.iceagetv.com\/radiosite\/wp-content\/uploads\/2023\/01\/les-grevistes-intensifient-fortement-les-baisses-de-production-delectricite.jpg?fit=680%2C354&ssl=1","jetpack_sharing_enabled":true,"_links":{"self":[{"href":"https:\/\/www.iceagetv.com\/radiosite\/wp-json\/wp\/v2\/posts\/23702","targetHints":{"allow":["GET"]}}],"collection":[{"href":"https:\/\/www.iceagetv.com\/radiosite\/wp-json\/wp\/v2\/posts"}],"about":[{"href":"https:\/\/www.iceagetv.com\/radiosite\/wp-json\/wp\/v2\/types\/post"}],"author":[{"embeddable":true,"href":"https:\/\/www.iceagetv.com\/radiosite\/wp-json\/wp\/v2\/users\/2"}],"replies":[{"embeddable":true,"href":"https:\/\/www.iceagetv.com\/radiosite\/wp-json\/wp\/v2\/comments?post=23702"}],"version-history":[{"count":1,"href":"https:\/\/www.iceagetv.com\/radiosite\/wp-json\/wp\/v2\/posts\/23702\/revisions"}],"predecessor-version":[{"id":23704,"href":"https:\/\/www.iceagetv.com\/radiosite\/wp-json\/wp\/v2\/posts\/23702\/revisions\/23704"}],"wp:featuredmedia":[{"embeddable":true,"href":"https:\/\/www.iceagetv.com\/radiosite\/wp-json\/wp\/v2\/media\/23703"}],"wp:attachment":[{"href":"https:\/\/www.iceagetv.com\/radiosite\/wp-json\/wp\/v2\/media?parent=23702"}],"wp:term":[{"taxonomy":"category","embeddable":true,"href":"https:\/\/www.iceagetv.com\/radiosite\/wp-json\/wp\/v2\/categories?post=23702"},{"taxonomy":"post_tag","embeddable":true,"href":"https:\/\/www.iceagetv.com\/radiosite\/wp-json\/wp\/v2\/tags?post=23702"}],"curies":[{"name":"wp","href":"https:\/\/api.w.org\/{rel}","templated":true}]}}