{"id":23758,"date":"2023-01-24T17:07:23","date_gmt":"2023-01-24T17:07:23","guid":{"rendered":"https:\/\/www.iceagetv.com\/radiosite\/?p=23758"},"modified":"2023-01-24T17:07:23","modified_gmt":"2023-01-24T17:07:23","slug":"roanne-le-parquet-a-requis-18-mois-de-prison-dont-6-a-9-mois-avec-sursis-probatoire-pendant-deux-ans-contre-le-pere-de-la-jeune-fille-agressee","status":"publish","type":"post","link":"https:\/\/www.iceagetv.com\/radiosite\/roanne-le-parquet-a-requis-18-mois-de-prison-dont-6-a-9-mois-avec-sursis-probatoire-pendant-deux-ans-contre-le-pere-de-la-jeune-fille-agressee\/","title":{"rendered":"Roanne : Le parquet a requis 18 mois de prison, dont 6 \u00e0 9 mois avec sursis probatoire pendant deux ans, contre le p\u00e8re de la jeune fille agress\u00e9e"},"content":{"rendered":"\n<p><strong>Le parquet a requis 18 mois de prison, dont 6 \u00e0 9 mois avec sursis probatoire pendant deux ans, contre le p\u00e8re de la jeune fille agress\u00e9e<\/strong>. Le procureur de la R\u00e9publique a \u00e9galement requis un an de prison (dont 6 mois avec sursis) et deux ans de prison (dont un avec sursis) contre deux autres complices. Il a enfin demand\u00e9 la relaxe pour le dernier pr\u00e9venu au b\u00e9n\u00e9fice du doute.<\/p>\n\n\n\n<p><strong>Accus\u00e9s d\u2019avoir tabass\u00e9 un adolescent de 16 ans suspect\u00e9 d&rsquo;avoir agress\u00e9 sexuellement \u00e0 Roanne (Loire) une fillette de 6 ans, le p\u00e8re de celle-ci, ainsi que trois de ses amis complices pr\u00e9sum\u00e9s de l&rsquo;agression, doivent comparaitre devant le tribunal correctionnel de la ville ce mardi&nbsp; \u00e0 13h.<\/strong>&nbsp;Les quatre individus sont notamment accus\u00e9s de violences aggrav\u00e9es avec deux circonstances aggravantes violences en r\u00e9union et violences avec arme.<\/p>\n\n\n\n<p>Les faits s&rsquo;\u00e9taient d\u00e9roul\u00e9s dans la nuit du jeudi 20 au vendredi 21 octobre 2022, dans le quartier du Mayollet, \u00e0 Roanne, lorsqu&rsquo;une m\u00e8re de famille avait surpris \u00e0 son domicile un individu qui sortait de la chambre de sa fille, prenant la fuite.<\/p>\n\n\n\n<p>La m\u00e8re de la fillette avait dans la foul\u00e9e communiqu\u00e9 une description pr\u00e9cise du suspect, un jeune homme, lors de son d\u00e9p\u00f4t de plainte. Ce faisant, des amis de la famille et des voisins avaient mis en place une surveillance autour du domicile familial, ce qui leur avait permis de rep\u00e9rer, d\u00e8s le lendemain des faits pr\u00e9sum\u00e9s, un individu correspondant \u00e0 la description en train de r\u00f4der dans le quartier.<\/p>\n\n\n\n<p>Le suspect avait ainsi \u00e9t\u00e9 frapp\u00e9 par le p\u00e8re de famille et ses trois amis. Les coups port\u00e9s sur l&rsquo;agresseur pr\u00e9sum\u00e9, avec un c\u00e2ble \u00e9lectrique et un manche \u00e0 balai, lui avaient valu dix jours d&rsquo;ITT.<\/p>\n\n\n\n<p>Arriv\u00e9 \u00e0 l&rsquo;\u00e9poque en France depuis plus d\u2019un mois, mineur isol\u00e9, il avait indiqu\u00e9 \u00eatre orphelin et s\u00e9journait, depuis une quinzaine de jours, dans un logement proche de celui de la famille, avec deux autres personnes immigr\u00e9es. Il avait \u00e9t\u00e9 mis en examen et plac\u00e9 en d\u00e9tention provisoire pour \u00abagression sexuelle aggrav\u00e9e sur mineure de moins de 15 ans\u00bb.<\/p>\n","protected":false},"excerpt":{"rendered":"<p>Le parquet a requis 18 mois de prison, dont 6 \u00e0 9 mois avec sursis probatoire pendant deux ans, contre le p\u00e8re de la jeune fille agress\u00e9e. Le procureur de la R\u00e9publique a \u00e9galement requis un an de prison (dont 6 mois avec sursis) et deux ans de prison (dont un avec sursis) contre deux [&hellip;]<\/p>\n","protected":false},"author":2,"featured_media":23759,"comment_status":"open","ping_status":"open","sticky":false,"template":"","format":"standard","meta":{"_jetpack_memberships_contains_paid_content":false,"footnotes":"","jetpack_publicize_message":"","jetpack_publicize_feature_enabled":true,"jetpack_social_post_already_shared":true,"jetpack_social_options":{"image_generator_settings":{"template":"highway","default_image_id":0,"font":"","enabled":false},"version":2},"_wpas_customize_per_network":false},"categories":[405],"tags":[],"class_list":["post-23758","post","type-post","status-publish","format-standard","has-post-thumbnail","hentry","category-actu-france-monde"],"jetpack_publicize_connections":[],"jetpack_featured_media_url":"https:\/\/i0.wp.com\/www.iceagetv.com\/radiosite\/wp-content\/uploads\/2023\/01\/Le-parquet-a-requis-18-mois-de-prison-dont-6-a-9-mois.jpg?fit=679%2C293&ssl=1","jetpack_sharing_enabled":true,"_links":{"self":[{"href":"https:\/\/www.iceagetv.com\/radiosite\/wp-json\/wp\/v2\/posts\/23758","targetHints":{"allow":["GET"]}}],"collection":[{"href":"https:\/\/www.iceagetv.com\/radiosite\/wp-json\/wp\/v2\/posts"}],"about":[{"href":"https:\/\/www.iceagetv.com\/radiosite\/wp-json\/wp\/v2\/types\/post"}],"author":[{"embeddable":true,"href":"https:\/\/www.iceagetv.com\/radiosite\/wp-json\/wp\/v2\/users\/2"}],"replies":[{"embeddable":true,"href":"https:\/\/www.iceagetv.com\/radiosite\/wp-json\/wp\/v2\/comments?post=23758"}],"version-history":[{"count":1,"href":"https:\/\/www.iceagetv.com\/radiosite\/wp-json\/wp\/v2\/posts\/23758\/revisions"}],"predecessor-version":[{"id":23760,"href":"https:\/\/www.iceagetv.com\/radiosite\/wp-json\/wp\/v2\/posts\/23758\/revisions\/23760"}],"wp:featuredmedia":[{"embeddable":true,"href":"https:\/\/www.iceagetv.com\/radiosite\/wp-json\/wp\/v2\/media\/23759"}],"wp:attachment":[{"href":"https:\/\/www.iceagetv.com\/radiosite\/wp-json\/wp\/v2\/media?parent=23758"}],"wp:term":[{"taxonomy":"category","embeddable":true,"href":"https:\/\/www.iceagetv.com\/radiosite\/wp-json\/wp\/v2\/categories?post=23758"},{"taxonomy":"post_tag","embeddable":true,"href":"https:\/\/www.iceagetv.com\/radiosite\/wp-json\/wp\/v2\/tags?post=23758"}],"curies":[{"name":"wp","href":"https:\/\/api.w.org\/{rel}","templated":true}]}}