{"id":23765,"date":"2023-01-26T04:44:43","date_gmt":"2023-01-26T04:44:43","guid":{"rendered":"https:\/\/www.iceagetv.com\/radiosite\/?p=23765"},"modified":"2023-01-26T04:44:43","modified_gmt":"2023-01-26T04:44:43","slug":"burkina-faso-repondant-aux-exigences-de-ouagadougou-les-soldats-francais-vont-quitter-le-pays-dici-un-mois","status":"publish","type":"post","link":"https:\/\/www.iceagetv.com\/radiosite\/burkina-faso-repondant-aux-exigences-de-ouagadougou-les-soldats-francais-vont-quitter-le-pays-dici-un-mois\/","title":{"rendered":"Burkina Faso\u00a0: R\u00e9pondant aux exigences de Ouagadougou, les soldats fran\u00e7ais vont quitter le pays d\u2019ici \u00ab\u00a0un mois\u00a0\u00bb"},"content":{"rendered":"\n<p>L\u2019influence militaire fran\u00e7aise s\u2019\u00e9rode au Sahel. Paris va retirer ses troupes du&nbsp;<a href=\"https:\/\/www.20minutes.fr\/monde\/burkina_faso\/\">Burkina Faso<\/a>&nbsp;d\u2019ici \u00ab&nbsp;un mois&nbsp;\u00bb, a indiqu\u00e9 mercredi le minist\u00e8re fran\u00e7ais des Affaires \u00e9trang\u00e8res, apr\u00e8s avoir \u00e9t\u00e9 officiellement inform\u00e9 la veille par la junte de&nbsp;<a href=\"https:\/\/www.20minutes.fr\/monde\/russie\/4019955-20230122-burkina-faso-ouagadougou-donne-mois-troupes-francaises-quitter-pays\">la d\u00e9nonciation des accords de d\u00e9fense liant les deux pays<\/a>.<\/p>\n\n\n\n<p>\u00ab&nbsp;Mardi (\u2026) nous avons re\u00e7u formellement la d\u00e9nonciation, par&nbsp;<a href=\"https:\/\/www.20minutes.fr\/monde\/4007178-20221026-burkina-faso-gouvernement-23-membres-dont-trois-militaires-va-diriger-transition\">le gouvernement burkinab\u00e9<\/a>, de l\u2019accord de&nbsp;2018 relatif au statut des forces fran\u00e7aises pr\u00e9sentes dans ce pays. Conform\u00e9ment aux termes de l\u2019accord, la d\u00e9nonciation prend effet un mois apr\u00e8s la r\u00e9ception de la notification \u00e9crite&nbsp;\u00bb, a d\u00e9clar\u00e9 le Quai d\u2019Orsay, en assurant que la France \u00ab&nbsp;respecter (ait) les termes de cet accord en donnant suite \u00e0 cette demande&nbsp;\u00bb.<\/p>\n\n\n\n<h2 class=\"wp-block-heading\">Selon la junte, les liens diplomatiques ne sont pas en jeu<\/h2>\n\n\n\n<p>Le Burkina h\u00e9berge actuellement un contingent de pr\u00e8s de 400 forces sp\u00e9ciales fran\u00e7aises, la force Sabre. Ces derniers auront quitt\u00e9 le pays \u00ab&nbsp;d\u2019ici fin f\u00e9vrier&nbsp;\u00bb et le retrait de tous les mat\u00e9riels devrait \u00eatre achev\u00e9 \u00ab&nbsp;fin avril&nbsp;\u00bb, a affirm\u00e9 une source proche du dossier.<\/p>\n","protected":false},"excerpt":{"rendered":"<p>L\u2019influence militaire fran\u00e7aise s\u2019\u00e9rode au Sahel. Paris va retirer ses troupes du&nbsp;Burkina Faso&nbsp;d\u2019ici \u00ab&nbsp;un mois&nbsp;\u00bb, a indiqu\u00e9 mercredi le minist\u00e8re fran\u00e7ais des Affaires \u00e9trang\u00e8res, apr\u00e8s avoir \u00e9t\u00e9 officiellement inform\u00e9 la veille par la junte de&nbsp;la d\u00e9nonciation des accords de d\u00e9fense liant les deux pays. \u00ab&nbsp;Mardi (\u2026) nous avons re\u00e7u formellement la d\u00e9nonciation, par&nbsp;le gouvernement burkinab\u00e9, [&hellip;]<\/p>\n","protected":false},"author":2,"featured_media":23766,"comment_status":"open","ping_status":"open","sticky":false,"template":"","format":"standard","meta":{"_jetpack_memberships_contains_paid_content":false,"footnotes":"","jetpack_publicize_message":"","jetpack_publicize_feature_enabled":true,"jetpack_social_post_already_shared":true,"jetpack_social_options":{"image_generator_settings":{"template":"highway","default_image_id":0,"font":"","enabled":false},"version":2},"_wpas_customize_per_network":false},"categories":[405],"tags":[],"class_list":["post-23765","post","type-post","status-publish","format-standard","has-post-thumbnail","hentry","category-actu-france-monde"],"jetpack_publicize_connections":[],"jetpack_featured_media_url":"https:\/\/i0.wp.com\/www.iceagetv.com\/radiosite\/wp-content\/uploads\/2023\/01\/Screenshot_20230126_054430.jpg?fit=984%2C672&ssl=1","jetpack_sharing_enabled":true,"_links":{"self":[{"href":"https:\/\/www.iceagetv.com\/radiosite\/wp-json\/wp\/v2\/posts\/23765","targetHints":{"allow":["GET"]}}],"collection":[{"href":"https:\/\/www.iceagetv.com\/radiosite\/wp-json\/wp\/v2\/posts"}],"about":[{"href":"https:\/\/www.iceagetv.com\/radiosite\/wp-json\/wp\/v2\/types\/post"}],"author":[{"embeddable":true,"href":"https:\/\/www.iceagetv.com\/radiosite\/wp-json\/wp\/v2\/users\/2"}],"replies":[{"embeddable":true,"href":"https:\/\/www.iceagetv.com\/radiosite\/wp-json\/wp\/v2\/comments?post=23765"}],"version-history":[{"count":1,"href":"https:\/\/www.iceagetv.com\/radiosite\/wp-json\/wp\/v2\/posts\/23765\/revisions"}],"predecessor-version":[{"id":23767,"href":"https:\/\/www.iceagetv.com\/radiosite\/wp-json\/wp\/v2\/posts\/23765\/revisions\/23767"}],"wp:featuredmedia":[{"embeddable":true,"href":"https:\/\/www.iceagetv.com\/radiosite\/wp-json\/wp\/v2\/media\/23766"}],"wp:attachment":[{"href":"https:\/\/www.iceagetv.com\/radiosite\/wp-json\/wp\/v2\/media?parent=23765"}],"wp:term":[{"taxonomy":"category","embeddable":true,"href":"https:\/\/www.iceagetv.com\/radiosite\/wp-json\/wp\/v2\/categories?post=23765"},{"taxonomy":"post_tag","embeddable":true,"href":"https:\/\/www.iceagetv.com\/radiosite\/wp-json\/wp\/v2\/tags?post=23765"}],"curies":[{"name":"wp","href":"https:\/\/api.w.org\/{rel}","templated":true}]}}