{"id":23768,"date":"2023-01-26T07:58:13","date_gmt":"2023-01-26T07:58:13","guid":{"rendered":"https:\/\/www.iceagetv.com\/radiosite\/?p=23768"},"modified":"2023-01-26T07:58:13","modified_gmt":"2023-01-26T07:58:13","slug":"deux-eglises-attaquees-hier-soir-en-espagne-par-un-homme-avec-une-machette-faisant-un-mort-et-plusieurs-blesses-une-journee-de-deuil-sera-observee-aujourdhui-dans-la-ville-dalgesiras","status":"publish","type":"post","link":"https:\/\/www.iceagetv.com\/radiosite\/deux-eglises-attaquees-hier-soir-en-espagne-par-un-homme-avec-une-machette-faisant-un-mort-et-plusieurs-blesses-une-journee-de-deuil-sera-observee-aujourdhui-dans-la-ville-dalgesiras\/","title":{"rendered":"Deux \u00e9glises attaqu\u00e9es hier soir en Espagne par un homme avec une machette, faisant un mort et plusieurs bless\u00e9s : Une journ\u00e9e de deuil sera observ\u00e9e aujourd&rsquo;hui dans la ville d&rsquo;Alg\u00e9siras"},"content":{"rendered":"\n<p><strong>Les habitants d&rsquo;Alg\u00e9siras, dans le sud de l&rsquo;Espagne, vont observer aujourd&rsquo;hui une journ\u00e9e de deuil et devaient se rassembler pour condamner l&rsquo;attaque \u00e0 la machette contre deux \u00e9glises de la ville<\/strong>, dans laquelle un sacristain a \u00e9t\u00e9 tu\u00e9 et un pr\u00eatre bless\u00e9 la veille. Les autorit\u00e9s espagnoles ont ouvert une enqu\u00eate pour \u00ab\u00a0terrorisme\u00a0\u00bb \u00e0 la suite de cette double attaque, dont l&rsquo;auteur pr\u00e9sum\u00e9 a \u00e9t\u00e9 arr\u00eat\u00e9.<\/p>\n\n\n\n<p>\u00ab\u00a0A 19H00 pass\u00e9es, un homme est entr\u00e9 dans l&rsquo;\u00e9glise de San Isidro d&rsquo;Alg\u00e9siras et a attaqu\u00e9 le pr\u00eatre, arm\u00e9 d&rsquo;une machette, le blessant gri\u00e8vement\u00a0\u00bb, a indiqu\u00e9 le minist\u00e8re de l&rsquo;Int\u00e9rieur dans un message \u00e0 la presse. \u00ab\u00a0Il s&rsquo;est ensuite rendu \u00e0 l&rsquo;\u00e9glise Nuestra Se\u00f1ora de La Palma o\u00f9 il s&rsquo;en est pris au sacristain, apr\u00e8s avoir caus\u00e9 divers d\u00e9g\u00e2ts\u00a0\u00bb, a ajout\u00e9 le minist\u00e8re.<\/p>\n\n\n\n<p>Le sacristain a alors \u00ab\u00a0r\u00e9ussi \u00e0 sortir de l&rsquo;\u00e9glise mais a \u00e9t\u00e9 rattrap\u00e9 \u00e0 l&rsquo;ext\u00e9rieur par l&rsquo;assaillant, qui lui a ass\u00e9n\u00e9 plusieurs blessures mortelles\u00a0\u00bb, a poursuivi le minist\u00e8re, ajoutant que l&rsquo;assaillant avait \u00e9t\u00e9 \u00ab\u00a0immobilis\u00e9 et arr\u00eat\u00e9\u00a0\u00bb par la police.<\/p>\n\n\n\n<p>Ces deux \u00e9glises sont situ\u00e9es \u00e0 quelques minutes \u00e0 pied l&rsquo;une de l&rsquo;autre dans cette ville de la pointe sud de l&rsquo;Espagne.<\/p>\n\n\n\n<p>Sur Twitter, le chef du gouvernement espagnol, le socialiste Pedro Sanchez, a \u00ab\u00a0adress\u00e9 (ses) plus sinc\u00e8res condol\u00e9ances aux proches du sacristain d\u00e9c\u00e9d\u00e9 lors de la terrible attaque d&rsquo;Alg\u00e9siras\u00a0\u00bb et souhait\u00e9 \u00ab\u00a0un prompt r\u00e9tablissement aux bless\u00e9s\u00a0\u00bb.<\/p>\n\n\n\n<p>Le maire d&rsquo;Alg\u00e9siras a d\u00e9cr\u00e9t\u00e9 un jour de deuil et a invit\u00e9 les habitants \u00e0 se rassembler pour condamner cette attaque jeudi \u00e0 12H00 devant l&rsquo;\u00e9glise pr\u00e8s de laquelle a \u00e9t\u00e9 tu\u00e9 le sacristain.<\/p>\n\n\n\n<p>Selon une porte-parole des services de secours, le pr\u00eatre a \u00e9t\u00e9 bless\u00e9 \u00ab\u00a0au cou\u00a0\u00bb et hospitalis\u00e9 tandis que le sacristain est d\u00e9c\u00e9d\u00e9 sur place. Le sacristain tu\u00e9 s&rsquo;appelait Diego Valencia et le pr\u00eatre Antonio Rodr\u00edguez, selon le maire d&rsquo;Alg\u00e9siras.<strong>Une enqu\u00eate pour des faits pr\u00e9sum\u00e9s de terrorisme a \u00e9t\u00e9 ouverte<\/strong>, apr\u00e8s l&rsquo;attaque \u00e0 l&rsquo;arme blanche qui a fait un mort et plusieurs bless\u00e9s \u00e0 Alg\u00e9siras, dans le sud de l&rsquo;Espagne, a annonc\u00e9 le parquet \u00e0 l&rsquo;AFP.<\/p>\n\n\n\n<p><strong>Un sacristain a \u00e9t\u00e9 tu\u00e9 et plusieurs personnes bless\u00e9es dont un pr\u00eatre dans une attaque \u00e0 l&rsquo;arme blanche ce&nbsp; soir dans une \u00e9glise d&rsquo;Alg\u00e9siras, dans le sud de l&rsquo;Espagne, ont indiqu\u00e9 les autorit\u00e9s.<\/strong>&nbsp;Une enqu\u00eate pour des faits pr\u00e9sum\u00e9s de terrorisme a \u00e9t\u00e9 ouverte. Cette enqu\u00eate va \u00eatre men\u00e9e par un magistrat de l&rsquo;Audience nationale, tribunal charg\u00e9 notamment des affaires de terrorisme, a pr\u00e9cis\u00e9 le parquet, sans donner plus de pr\u00e9cisions<\/p>\n\n\n\n<p>\u00ab\u00a0L&rsquo;attaque \u00e0 l&rsquo;arme blanche\u00a0\u00bb s&rsquo;est produite \u00ab\u00a0peu avant 20H00\u00a0\u00bb dans l&rsquo;\u00e9glise de San Isidro d&rsquo;Alg\u00e9siras, a indiqu\u00e9 le minist\u00e8re de l&rsquo;Int\u00e9rieur. Une personne a \u00e9t\u00e9 tu\u00e9e \u00e0 l&rsquo;ext\u00e9rieur de l&rsquo;\u00e9glise et une bless\u00e9e dans l&rsquo;\u00e9glise, a ajout\u00e9 le minist\u00e8re.<\/p>\n\n\n\n<p>Une source polici\u00e8re a indiqu\u00e9 \u00e0 l&rsquo;AFP que la personne tu\u00e9e \u00e9tait un sacristain tandis que l&rsquo;un des bless\u00e9s \u00e9tait un pr\u00eatre.<\/p>\n\n\n\n<p>Selon cette source, l&rsquo;assaillant \u00e9tait v\u00eatu d&rsquo;une djellaba et a \u00ab\u00a0cri\u00e9 quelque chose\u00a0\u00bb au moment de l&rsquo;attaque.<\/p>\n\n\n\n<p>Des m\u00e9dias locaux, se basant sur des t\u00e9moignages, indiquent que l&rsquo;assaillant \u00e9tait arm\u00e9 d&rsquo;une machette avec laquelle il a tu\u00e9 le sacristain. \u00ab\u00a0Les faits sont analys\u00e9s et font l&rsquo;objet d&rsquo;une enqu\u00eate. Il n&rsquo;est pas possible pour le moment de d\u00e9terminer la nature de l&rsquo;attaque\u00a0\u00bb, a assur\u00e9 pour sa part le minist\u00e8re de l&rsquo;Int\u00e9rieur.<\/p>\n","protected":false},"excerpt":{"rendered":"<p>Les habitants d&rsquo;Alg\u00e9siras, dans le sud de l&rsquo;Espagne, vont observer aujourd&rsquo;hui une journ\u00e9e de deuil et devaient se rassembler pour condamner l&rsquo;attaque \u00e0 la machette contre deux \u00e9glises de la ville, dans laquelle un sacristain a \u00e9t\u00e9 tu\u00e9 et un pr\u00eatre bless\u00e9 la veille. Les autorit\u00e9s espagnoles ont ouvert une enqu\u00eate pour \u00ab\u00a0terrorisme\u00a0\u00bb \u00e0 la [&hellip;]<\/p>\n","protected":false},"author":2,"featured_media":23769,"comment_status":"open","ping_status":"open","sticky":false,"template":"","format":"standard","meta":{"_jetpack_memberships_contains_paid_content":false,"footnotes":"","jetpack_publicize_message":"","jetpack_publicize_feature_enabled":true,"jetpack_social_post_already_shared":true,"jetpack_social_options":{"image_generator_settings":{"template":"highway","default_image_id":0,"font":"","enabled":false},"version":2},"_wpas_customize_per_network":false},"categories":[405],"tags":[],"class_list":["post-23768","post","type-post","status-publish","format-standard","has-post-thumbnail","hentry","category-actu-france-monde"],"jetpack_publicize_connections":[],"jetpack_featured_media_url":"https:\/\/i0.wp.com\/www.iceagetv.com\/radiosite\/wp-content\/uploads\/2023\/01\/Deux-eglises-attaquees-hier-soir-en-Espagne-par-un-homme-avec-une-machette.jpg?fit=679%2C293&ssl=1","jetpack_sharing_enabled":true,"_links":{"self":[{"href":"https:\/\/www.iceagetv.com\/radiosite\/wp-json\/wp\/v2\/posts\/23768","targetHints":{"allow":["GET"]}}],"collection":[{"href":"https:\/\/www.iceagetv.com\/radiosite\/wp-json\/wp\/v2\/posts"}],"about":[{"href":"https:\/\/www.iceagetv.com\/radiosite\/wp-json\/wp\/v2\/types\/post"}],"author":[{"embeddable":true,"href":"https:\/\/www.iceagetv.com\/radiosite\/wp-json\/wp\/v2\/users\/2"}],"replies":[{"embeddable":true,"href":"https:\/\/www.iceagetv.com\/radiosite\/wp-json\/wp\/v2\/comments?post=23768"}],"version-history":[{"count":1,"href":"https:\/\/www.iceagetv.com\/radiosite\/wp-json\/wp\/v2\/posts\/23768\/revisions"}],"predecessor-version":[{"id":23770,"href":"https:\/\/www.iceagetv.com\/radiosite\/wp-json\/wp\/v2\/posts\/23768\/revisions\/23770"}],"wp:featuredmedia":[{"embeddable":true,"href":"https:\/\/www.iceagetv.com\/radiosite\/wp-json\/wp\/v2\/media\/23769"}],"wp:attachment":[{"href":"https:\/\/www.iceagetv.com\/radiosite\/wp-json\/wp\/v2\/media?parent=23768"}],"wp:term":[{"taxonomy":"category","embeddable":true,"href":"https:\/\/www.iceagetv.com\/radiosite\/wp-json\/wp\/v2\/categories?post=23768"},{"taxonomy":"post_tag","embeddable":true,"href":"https:\/\/www.iceagetv.com\/radiosite\/wp-json\/wp\/v2\/tags?post=23768"}],"curies":[{"name":"wp","href":"https:\/\/api.w.org\/{rel}","templated":true}]}}