{"id":23787,"date":"2023-01-28T08:14:55","date_gmt":"2023-01-28T08:14:55","guid":{"rendered":"https:\/\/www.iceagetv.com\/radiosite\/?p=23787"},"modified":"2023-01-28T08:14:55","modified_gmt":"2023-01-28T08:14:55","slug":"israel-un-palestinien-arme-a-tue-par-balles-sept-personnes-hier-soir-pres-dune-synagogue-a-jerusalem-est-pendant-les-prieres-du-shabbat","status":"publish","type":"post","link":"https:\/\/www.iceagetv.com\/radiosite\/israel-un-palestinien-arme-a-tue-par-balles-sept-personnes-hier-soir-pres-dune-synagogue-a-jerusalem-est-pendant-les-prieres-du-shabbat\/","title":{"rendered":"Isra\u00ebl : Un Palestinien arm\u00e9 a tu\u00e9 par balles sept personnes hier soir pr\u00e8s d&rsquo;une synagogue \u00e0 J\u00e9rusalem-Est pendant les pri\u00e8res du shabbat"},"content":{"rendered":"\n<p>Un Palestinien arm\u00e9 a tu\u00e9 par balles sept personnes hier soir pr\u00e8s d&rsquo;une synagogue \u00e0 J\u00e9rusalem-Est pendant les pri\u00e8res du shabbat.&nbsp;Cette fusillade, dont l&rsquo;auteur a \u00e9t\u00e9 abattu, est survenue \u00e0 Neve Yaakov, quartier de colonisation juive \u00e0 J\u00e9rusalem-Est, partie de la Ville sainte annex\u00e9e par Isra\u00ebl, sur fond d&rsquo;appels internationaux \u00e0 emp\u00eacher une nouvelle escalade apr\u00e8s 36H00 de violences en Cisjordanie, \u00e0 Gaza et en Isra\u00ebl, et au soir de la journ\u00e9e mondiale \u00e0 la m\u00e9moire des victimes de la Shoah.<\/p>\n\n\n\n<p>\u00ab\u00a0Il est particuli\u00e8rement abject que cette attaque se soit produite sur un lieu de culte, et [en ce] jour de comm\u00e9moration\u00a0\u00bb du g\u00e9nocide des juifs par les nazis pendant la seconde guerre mondiale, a d\u00e9clar\u00e9 le porte-parole d&rsquo;Antonio Guterres secr\u00e9taire g\u00e9n\u00e9ral des Nations unies.<\/p>\n\n\n\n<p>\u00ab\u00a0Sept personnes innocentes ont \u00e9t\u00e9 massacr\u00e9es\u00a0\u00bb par l&rsquo;assaillant, un Palestinien r\u00e9sident de J\u00e9rusalem-Est \u00e2g\u00e9 de 21 ans, qui a ouvert le feu dans la rue vers 20H15 (18H15 GMT), selon la police. Il s&rsquo;agit de \u00ab\u00a0l&rsquo;une des pires attaques que nous ayons subies ces derni\u00e8res ann\u00e9es\u00a0\u00bb, a d\u00e9clar\u00e9 sur place \u00e0 la presse le chef de la police isra\u00e9lienne Kobi Shabtai.<\/p>\n\n\n\n<p>Selon la police, \u00ab\u00a0le terroriste a \u00e9t\u00e9 neutralis\u00e9 et d\u00e9clar\u00e9 mort\u00a0\u00bb apr\u00e8s une course poursuite en voiture et une fusillade avec des policiers. \u00ab\u00a0J&rsquo;ai vu le terroriste arriver en voiture.<\/p>\n\n\n\n<p>Il s&rsquo;est arr\u00eat\u00e9 au milieu du carrefour, a ouvert le feu \u00e0 partir de sa voiture\u00a0\u00bb et a continu\u00e9 de tirer sur les gens qui s&rsquo;approchaient pour aider les personnes touch\u00e9es, a d\u00e9clar\u00e9 \u00e0 l&rsquo;AFP Shalom Borohov, un barbier de 48 ans habitant pr\u00e8s de la synagogue.<\/p>\n\n\n\n<p>Le Magen David Adom (MDA), \u00e9quivalent isra\u00e9lien de la Croix-Rouge, a dit avoir recens\u00e9 au total dix victimes touch\u00e9es par balles, parmi lesquelles un homme de 70 ans et un adolescent de 14 ans. Un photographe de l&rsquo;AFP a vu sur place trois corps allong\u00e9s dans la rue. La nouvelle de l&rsquo;attentat a \u00e9t\u00e9 suivie par des sc\u00e8nes de liesse \u00e0 Ramallah et dans la bande de Gaza par des habitants brandissant des drapeaux palestiniens, selon des journalistes de l&rsquo;AFP. Tandis que sur les lieux de la fusillade, des dizaines d&rsquo;Isra\u00e9liens ont accueilli le Premier ministre Benjamin Netanyahu aux cris de \u00ab\u00a0Mort aux Arabes !\u00a0\u00bb<\/p>\n\n\n\n<p>S&rsquo;exprimant ensuite \u00e0 la t\u00e9l\u00e9vision, M. Netanyahu a promis \u00ab\u00a0des mesures imm\u00e9diates\u00a0\u00bb, sans plus de pr\u00e9cisions, et a appel\u00e9 les Isra\u00e9liens \u00e0 ne pas se faire justice par eux-m\u00eames mais \u00e0 s&rsquo;en remettre \u00e0 l&rsquo;arm\u00e9e et \u00e0 la police.<\/p>\n\n\n\n<p>L&rsquo;attaque de J\u00e9rusalem \u00ab\u00a0est une r\u00e9action naturelle aux crimes de l&rsquo;occupation (Isra\u00ebl, NDLR) contre notre peuple palestinien\u00a0\u00bb, a d\u00e9clar\u00e9 \u00e0 Gaza Hazem Qassem, porte-parole du mouvement islamiste palestinien Hamas, en rappelant la mort, la veille, de neuf Palestiniens lors d&rsquo;un raid de l&rsquo;arm\u00e9e isra\u00e9lienne \u00e0 J\u00e9nine, dans le nord de la Cisjordanie occup\u00e9e.<\/p>\n","protected":false},"excerpt":{"rendered":"<p>Un Palestinien arm\u00e9 a tu\u00e9 par balles sept personnes hier soir pr\u00e8s d&rsquo;une synagogue \u00e0 J\u00e9rusalem-Est pendant les pri\u00e8res du shabbat.&nbsp;Cette fusillade, dont l&rsquo;auteur a \u00e9t\u00e9 abattu, est survenue \u00e0 Neve Yaakov, quartier de colonisation juive \u00e0 J\u00e9rusalem-Est, partie de la Ville sainte annex\u00e9e par Isra\u00ebl, sur fond d&rsquo;appels internationaux \u00e0 emp\u00eacher une nouvelle escalade [&hellip;]<\/p>\n","protected":false},"author":2,"featured_media":23788,"comment_status":"open","ping_status":"open","sticky":false,"template":"","format":"standard","meta":{"_jetpack_memberships_contains_paid_content":false,"footnotes":"","jetpack_publicize_message":"","jetpack_publicize_feature_enabled":true,"jetpack_social_post_already_shared":true,"jetpack_social_options":{"image_generator_settings":{"template":"highway","default_image_id":0,"font":"","enabled":false},"version":2},"_wpas_customize_per_network":false},"categories":[405],"tags":[],"class_list":["post-23787","post","type-post","status-publish","format-standard","has-post-thumbnail","hentry","category-actu-france-monde"],"jetpack_publicize_connections":[],"jetpack_featured_media_url":"https:\/\/i0.wp.com\/www.iceagetv.com\/radiosite\/wp-content\/uploads\/2023\/01\/Un-Palestinien-arme-a-tue-par-balles-sept-personnes-hier-soir-pres-dune-synagogue-a-Jerusalem-Est.jpg?fit=679%2C293&ssl=1","jetpack_sharing_enabled":true,"_links":{"self":[{"href":"https:\/\/www.iceagetv.com\/radiosite\/wp-json\/wp\/v2\/posts\/23787","targetHints":{"allow":["GET"]}}],"collection":[{"href":"https:\/\/www.iceagetv.com\/radiosite\/wp-json\/wp\/v2\/posts"}],"about":[{"href":"https:\/\/www.iceagetv.com\/radiosite\/wp-json\/wp\/v2\/types\/post"}],"author":[{"embeddable":true,"href":"https:\/\/www.iceagetv.com\/radiosite\/wp-json\/wp\/v2\/users\/2"}],"replies":[{"embeddable":true,"href":"https:\/\/www.iceagetv.com\/radiosite\/wp-json\/wp\/v2\/comments?post=23787"}],"version-history":[{"count":1,"href":"https:\/\/www.iceagetv.com\/radiosite\/wp-json\/wp\/v2\/posts\/23787\/revisions"}],"predecessor-version":[{"id":23789,"href":"https:\/\/www.iceagetv.com\/radiosite\/wp-json\/wp\/v2\/posts\/23787\/revisions\/23789"}],"wp:featuredmedia":[{"embeddable":true,"href":"https:\/\/www.iceagetv.com\/radiosite\/wp-json\/wp\/v2\/media\/23788"}],"wp:attachment":[{"href":"https:\/\/www.iceagetv.com\/radiosite\/wp-json\/wp\/v2\/media?parent=23787"}],"wp:term":[{"taxonomy":"category","embeddable":true,"href":"https:\/\/www.iceagetv.com\/radiosite\/wp-json\/wp\/v2\/categories?post=23787"},{"taxonomy":"post_tag","embeddable":true,"href":"https:\/\/www.iceagetv.com\/radiosite\/wp-json\/wp\/v2\/tags?post=23787"}],"curies":[{"name":"wp","href":"https:\/\/api.w.org\/{rel}","templated":true}]}}