{"id":23797,"date":"2023-01-28T15:43:45","date_gmt":"2023-01-28T15:43:45","guid":{"rendered":"https:\/\/www.iceagetv.com\/radiosite\/?p=23797"},"modified":"2023-01-28T15:43:45","modified_gmt":"2023-01-28T15:43:45","slug":"covid-19-arrets-de-travail-sans-jour-de-carence-supprimes-fin-de-lisolement-systematique-des-cas-positifs-ce-qui-change-au-1er-fevrier","status":"publish","type":"post","link":"https:\/\/www.iceagetv.com\/radiosite\/covid-19-arrets-de-travail-sans-jour-de-carence-supprimes-fin-de-lisolement-systematique-des-cas-positifs-ce-qui-change-au-1er-fevrier\/","title":{"rendered":"<strong>Covid-19 : arr\u00eats de travail sans jour de carence supprim\u00e9s, fin de \u00ab\u00a0l&rsquo;isolement syst\u00e9matique\u00a0\u00bb des cas positifs&#8230; Ce qui change au 1er f\u00e9vrier<\/strong>"},"content":{"rendered":"\n<p>Les r\u00e8gles \u00e9voluent face \u00e0 l&rsquo;\u00e9pid\u00e9mie de Covid-19 en France.&nbsp;Les arr\u00eats de travail d\u00e9rogatoires, sans jour de carence pour les personnes test\u00e9es positives, ne seront plus possibles \u00e0 compter du 1er&nbsp;f\u00e9vrier, selon un d\u00e9cret publi\u00e9 samedi 28 janvier au&nbsp;<em><a href=\"https:\/\/www.legifrance.gouv.fr\/jorf\/id\/JORFTEXT000047068565\" target=\"_blank\" rel=\"noreferrer noopener\">Journal officiel<\/a>.&nbsp;<\/em>Dans un&nbsp;<em>\u00ab\u00a0contexte \u00e9pid\u00e9mique favorable\u00a0\u00bb<\/em>, la Direction g\u00e9n\u00e9rale de la Sant\u00e9 (DGS) a par ailleurs annonc\u00e9 dans un communiqu\u00e9&nbsp;<em>\u00ab\u00a0plusieurs \u00e9volutions\u00a0\u00bb<\/em>&nbsp;prenant \u00e9galement effet au 1er&nbsp;f\u00e9vrier. Voici ce qui va changer.<\/p>\n\n\n\n<h2 class=\"wp-block-heading\">Les arr\u00eats de travail sans jour de carence supprim\u00e9s<\/h2>\n\n\n\n<p>Le d\u00e9cret publi\u00e9 au&nbsp;<em>JO \u00ab\u00a0met un terme\u00a0\u00bb&nbsp;<\/em>\u00e0&nbsp;<em>\u00ab\u00a0la d\u00e9livrance d&rsquo;arr\u00eats de travail d\u00e9rogatoires aux assur\u00e9s se trouvant dans l&rsquo;impossibilit\u00e9 de continuer \u00e0 travailler, y compris \u00e0 distance\u00a0\u00bb.&nbsp;<\/em>Cr\u00e9\u00e9 au d\u00e9but de la crise sanitaire en 2020&nbsp;<em>\u00ab\u00a0afin de limiter la propagation de l&rsquo;\u00e9pid\u00e9mie\u00a0\u00bb<\/em>, ce dispositif avait \u00e9t\u00e9 prolong\u00e9 \u00e0 plusieurs reprises, derni\u00e8rement par le budget de la S\u00e9curit\u00e9 sociale pour 2023, qui pr\u00e9voyait toutefois la fin de cette mesure&nbsp;<em>\u00ab\u00a0au plus tard\u00a0\u00bb&nbsp;<\/em>\u00e0 la fin de l&rsquo;ann\u00e9e. Le gouvernement a donc d\u00e9cid\u00e9 d&rsquo;avancer l&rsquo;\u00e9ch\u00e9ance.<\/p>\n\n\n\n<h2 class=\"wp-block-heading\">\u00ab\u00a0L&rsquo;isolement syst\u00e9matique\u00a0\u00bb des cas positifs plus requis<\/h2>\n\n\n\n<p>Alors que la situation sanitaire est en nette am\u00e9lioration depuis le d\u00e9but de l&rsquo;ann\u00e9e, avec moins de&nbsp;<a href=\"https:\/\/www.francetvinfo.fr\/sante\/maladie\/coronavirus\/infographies-covid-19-morts-hospitalisations-age-malades-l-evolution-de-l-epidemie-en-france-et-dans-le-monde-en-cartes-et-graphiques.html\">16&nbsp;000&nbsp;malades hospitalis\u00e9s actuellement<\/a>, contre pr\u00e8s de 25&nbsp;000&nbsp;fin d\u00e9cembre, la DGS annonce dans un communiqu\u00e9 que&nbsp;<em>\u00ab\u00a0l&rsquo;isolement syst\u00e9matique\u00a0\u00bb<\/em>&nbsp;des cas positifs et&nbsp;<em>\u00ab\u00a0la r\u00e9alisation d&rsquo;un test\u00a0\u00bb<\/em>&nbsp;au bout de deux jours pour leurs contacts&nbsp;<em>\u00ab\u00a0ne seront plus requis\u00a0\u00bb<\/em>. Peu appliqu\u00e9es en pratique, ces pr\u00e9cautions restent n\u00e9anmoins&nbsp;<em>\u00ab\u00a0fortement recommand\u00e9es\u00a0\u00bb<\/em>.<\/p>\n\n\n\n<h2 class=\"wp-block-heading\">L&rsquo;outil de suivi des cas positifs et contacts en voie de suppression<\/h2>\n\n\n\n<p>L&rsquo;enregistrement des r\u00e9sultats de tests positifs dans le fichier informatique SI-DEP sera d\u00e9sormais<em>&nbsp;\u00ab\u00a0conditionn\u00e9 au recueil pr\u00e9alable du consentement des personnes concern\u00e9es\u00a0\u00bb<\/em>, jusqu&rsquo;\u00e0 l&rsquo;arr\u00eat de cet outil de suivi de l&rsquo;\u00e9pid\u00e9mie, pr\u00e9vu fin juin.<\/p>\n\n\n\n<p>Le suivi des \u00ab\u00a0cas contacts\u00a0\u00bb, via le service \u00ab\u00a0contact Covid\u00a0\u00bb g\u00e9r\u00e9 par l&rsquo;Assurance maladie, va lui cesser d\u00e9finitivement d\u00e8s mercredi, m\u00eame si ses effectifs avaient \u00e9t\u00e9 d\u00e9j\u00e0 fortement r\u00e9duits, de 6&nbsp;500&nbsp;\u00e9quivalents temps plein en 2021 \u00e0 350 en septembre selon la Cour des comptes.<\/p>\n","protected":false},"excerpt":{"rendered":"<p>Les r\u00e8gles \u00e9voluent face \u00e0 l&rsquo;\u00e9pid\u00e9mie de Covid-19 en France.&nbsp;Les arr\u00eats de travail d\u00e9rogatoires, sans jour de carence pour les personnes test\u00e9es positives, ne seront plus possibles \u00e0 compter du 1er&nbsp;f\u00e9vrier, selon un d\u00e9cret publi\u00e9 samedi 28 janvier au&nbsp;Journal officiel.&nbsp;Dans un&nbsp;\u00ab\u00a0contexte \u00e9pid\u00e9mique favorable\u00a0\u00bb, la Direction g\u00e9n\u00e9rale de la Sant\u00e9 (DGS) a par ailleurs annonc\u00e9 dans [&hellip;]<\/p>\n","protected":false},"author":2,"featured_media":23798,"comment_status":"open","ping_status":"open","sticky":false,"template":"","format":"standard","meta":{"_jetpack_memberships_contains_paid_content":false,"footnotes":"","jetpack_publicize_message":"","jetpack_publicize_feature_enabled":true,"jetpack_social_post_already_shared":true,"jetpack_social_options":{"image_generator_settings":{"template":"highway","default_image_id":0,"font":"","enabled":false},"version":2},"_wpas_customize_per_network":false},"categories":[405],"tags":[],"class_list":["post-23797","post","type-post","status-publish","format-standard","has-post-thumbnail","hentry","category-actu-france-monde"],"jetpack_publicize_connections":[],"jetpack_featured_media_url":"https:\/\/i0.wp.com\/www.iceagetv.com\/radiosite\/wp-content\/uploads\/2023\/01\/Covid-19-arrets-de-travail-sans-jour-de-carence-supprimes.jpg?fit=787%2C526&ssl=1","jetpack_sharing_enabled":true,"_links":{"self":[{"href":"https:\/\/www.iceagetv.com\/radiosite\/wp-json\/wp\/v2\/posts\/23797","targetHints":{"allow":["GET"]}}],"collection":[{"href":"https:\/\/www.iceagetv.com\/radiosite\/wp-json\/wp\/v2\/posts"}],"about":[{"href":"https:\/\/www.iceagetv.com\/radiosite\/wp-json\/wp\/v2\/types\/post"}],"author":[{"embeddable":true,"href":"https:\/\/www.iceagetv.com\/radiosite\/wp-json\/wp\/v2\/users\/2"}],"replies":[{"embeddable":true,"href":"https:\/\/www.iceagetv.com\/radiosite\/wp-json\/wp\/v2\/comments?post=23797"}],"version-history":[{"count":1,"href":"https:\/\/www.iceagetv.com\/radiosite\/wp-json\/wp\/v2\/posts\/23797\/revisions"}],"predecessor-version":[{"id":23799,"href":"https:\/\/www.iceagetv.com\/radiosite\/wp-json\/wp\/v2\/posts\/23797\/revisions\/23799"}],"wp:featuredmedia":[{"embeddable":true,"href":"https:\/\/www.iceagetv.com\/radiosite\/wp-json\/wp\/v2\/media\/23798"}],"wp:attachment":[{"href":"https:\/\/www.iceagetv.com\/radiosite\/wp-json\/wp\/v2\/media?parent=23797"}],"wp:term":[{"taxonomy":"category","embeddable":true,"href":"https:\/\/www.iceagetv.com\/radiosite\/wp-json\/wp\/v2\/categories?post=23797"},{"taxonomy":"post_tag","embeddable":true,"href":"https:\/\/www.iceagetv.com\/radiosite\/wp-json\/wp\/v2\/tags?post=23797"}],"curies":[{"name":"wp","href":"https:\/\/api.w.org\/{rel}","templated":true}]}}