{"id":23807,"date":"2023-01-29T17:28:51","date_gmt":"2023-01-29T17:28:51","guid":{"rendered":"https:\/\/www.iceagetv.com\/radiosite\/?p=23807"},"modified":"2023-01-29T17:28:51","modified_gmt":"2023-01-29T17:28:51","slug":"greve-du-mardi-31-janvier-voici-toutes-les-previsions-detaillees-pour-la-circulation-des-transports-en-commun-qui-seront-tres-perturbes-en-raison-dune-nouvelle-journee-de-mobilisation-des-syndicat","status":"publish","type":"post","link":"https:\/\/www.iceagetv.com\/radiosite\/greve-du-mardi-31-janvier-voici-toutes-les-previsions-detaillees-pour-la-circulation-des-transports-en-commun-qui-seront-tres-perturbes-en-raison-dune-nouvelle-journee-de-mobilisation-des-syndicat\/","title":{"rendered":"Gr\u00e8ve du mardi 31 janvier &#8211; Voici toutes les pr\u00e9visions d\u00e9taill\u00e9es pour la circulation des transports en commun qui seront tr\u00e8s perturb\u00e9s en raison d&rsquo;une nouvelle journ\u00e9e de mobilisation des syndicats"},"content":{"rendered":"\n<p>Le ministre d\u00e9l\u00e9gu\u00e9 charg\u00e9 des Transports, Cl\u00e9ment Beaune, a annonc\u00e9 qu&rsquo;il s&rsquo;attendait&nbsp; \u00e0 des fortes perturbations mardi dans les transports en raison d&rsquo;une nouvelle journ\u00e9e de mobilisation des syndicats contre la r\u00e9forme des retraites.<\/p>\n\n\n\n<p><strong>Trains TGV<\/strong><\/p>\n\n\n\n<p>La SNCF pr\u00e9voit de maintenir seulement un TGV sur trois (InOui et OUIGO).<\/p>\n\n\n\n<p>Sur l\u2019axe nord,&nbsp; 2\/5 InOui, 1\/2 pour l\u2019axe est, 1\/4 sur l\u2019axe atlantique et 1\/2 pour les trajets vers et depuis le sud-est. Deux OUIGO sur cinq circuleront. Pour les voyages entre les r\u00e9gions, la SNCF pr\u00e9voit 1\/3 TGV.<\/p>\n\n\n\n<p><strong>Le trafic des Intercit\u00e9s sera tr\u00e8s fortement d\u00e9grad\u00e9<\/strong><\/p>\n\n\n\n<p>Aucune circulation pr\u00e9vue, hormis un aller-retour pour les lignes Paris-Clermont, Paris-Limoges-Toulouse et Bordeaux-Marseille. Les Intercit\u00e9s ne rouleront pas dans la nuit de lundi \u00e0 mardi mais aussi de mardi \u00e0 mercredi.<\/p>\n\n\n\n<p>Seulement deux TER sur dix circuleront.<\/p>\n\n\n\n<p><strong>Trains \u00e0 l\u2019international<\/strong><\/p>\n\n\n\n<p>L\u2019Eurostar et le Thalys devraient conna\u00eetre un trafic quasi-normal. Le trafic des trains Lyria et avec 1\/4 train pour les autres liaisons vers l\u2019\u00e9tranger.<\/p>\n\n\n\n<p><strong>En \u00cele-de-France<\/strong><\/p>\n\n\n\n<p>1\/3 train pour le RER A et B et les lignes H et U du transilien. Sur la ligne K avec un train sur quatre. RER C, D et E ainsi que les lignes J,L,N, P et R, un train sur 10.<\/p>\n\n\n\n<p>Pour le RER C, aucune circulation entre Invalides et Pontoise\/Saint-Quentin en Yvelines\/Versailles Rive Gauche.<\/p>\n\n\n\n<p>Pour le RER D: interconnexion suspendue entre Ch\u00e2telet et Gare de Lyon, pas de trains entre Ch\u00e2telet et Gare de Lyon<\/p>\n\n\n\n<p>Ligne R : aucune circulation entre Melun et Montereau via H\u00e9ricy.<\/p>\n","protected":false},"excerpt":{"rendered":"<p>Le ministre d\u00e9l\u00e9gu\u00e9 charg\u00e9 des Transports, Cl\u00e9ment Beaune, a annonc\u00e9 qu&rsquo;il s&rsquo;attendait&nbsp; \u00e0 des fortes perturbations mardi dans les transports en raison d&rsquo;une nouvelle journ\u00e9e de mobilisation des syndicats contre la r\u00e9forme des retraites. Trains TGV La SNCF pr\u00e9voit de maintenir seulement un TGV sur trois (InOui et OUIGO). Sur l\u2019axe nord,&nbsp; 2\/5 InOui, 1\/2 [&hellip;]<\/p>\n","protected":false},"author":2,"featured_media":23808,"comment_status":"open","ping_status":"open","sticky":false,"template":"","format":"standard","meta":{"_jetpack_memberships_contains_paid_content":false,"footnotes":"","jetpack_publicize_message":"","jetpack_publicize_feature_enabled":true,"jetpack_social_post_already_shared":true,"jetpack_social_options":{"image_generator_settings":{"template":"highway","default_image_id":0,"font":"","enabled":false},"version":2},"_wpas_customize_per_network":false},"categories":[405],"tags":[],"class_list":["post-23807","post","type-post","status-publish","format-standard","has-post-thumbnail","hentry","category-actu-france-monde"],"jetpack_publicize_connections":[],"jetpack_featured_media_url":"https:\/\/i0.wp.com\/www.iceagetv.com\/radiosite\/wp-content\/uploads\/2023\/01\/Greve-du-mardi-31-janvier.jpg?fit=679%2C293&ssl=1","jetpack_sharing_enabled":true,"_links":{"self":[{"href":"https:\/\/www.iceagetv.com\/radiosite\/wp-json\/wp\/v2\/posts\/23807","targetHints":{"allow":["GET"]}}],"collection":[{"href":"https:\/\/www.iceagetv.com\/radiosite\/wp-json\/wp\/v2\/posts"}],"about":[{"href":"https:\/\/www.iceagetv.com\/radiosite\/wp-json\/wp\/v2\/types\/post"}],"author":[{"embeddable":true,"href":"https:\/\/www.iceagetv.com\/radiosite\/wp-json\/wp\/v2\/users\/2"}],"replies":[{"embeddable":true,"href":"https:\/\/www.iceagetv.com\/radiosite\/wp-json\/wp\/v2\/comments?post=23807"}],"version-history":[{"count":1,"href":"https:\/\/www.iceagetv.com\/radiosite\/wp-json\/wp\/v2\/posts\/23807\/revisions"}],"predecessor-version":[{"id":23809,"href":"https:\/\/www.iceagetv.com\/radiosite\/wp-json\/wp\/v2\/posts\/23807\/revisions\/23809"}],"wp:featuredmedia":[{"embeddable":true,"href":"https:\/\/www.iceagetv.com\/radiosite\/wp-json\/wp\/v2\/media\/23808"}],"wp:attachment":[{"href":"https:\/\/www.iceagetv.com\/radiosite\/wp-json\/wp\/v2\/media?parent=23807"}],"wp:term":[{"taxonomy":"category","embeddable":true,"href":"https:\/\/www.iceagetv.com\/radiosite\/wp-json\/wp\/v2\/categories?post=23807"},{"taxonomy":"post_tag","embeddable":true,"href":"https:\/\/www.iceagetv.com\/radiosite\/wp-json\/wp\/v2\/tags?post=23807"}],"curies":[{"name":"wp","href":"https:\/\/api.w.org\/{rel}","templated":true}]}}