{"id":23821,"date":"2023-01-30T19:17:26","date_gmt":"2023-01-30T19:17:26","guid":{"rendered":"https:\/\/www.iceagetv.com\/radiosite\/?p=23821"},"modified":"2023-01-30T19:17:26","modified_gmt":"2023-01-30T19:17:26","slug":"emmanuel-macron-annonce-ce-soir-soutenir-elisabeth-borne-qui-affirmait-que-lage-de-depart-a-64-ans-nest-plus-negociable-le-point-sur-les-perturbations-prevues-demain","status":"publish","type":"post","link":"https:\/\/www.iceagetv.com\/radiosite\/emmanuel-macron-annonce-ce-soir-soutenir-elisabeth-borne-qui-affirmait-que-lage-de-depart-a-64-ans-nest-plus-negociable-le-point-sur-les-perturbations-prevues-demain\/","title":{"rendered":"Emmanuel Macron annonce ce soir soutenir Elisabeth Borne qui affirmait que \u00ab\u00a0l&rsquo;\u00e2ge de d\u00e9part \u00e0 64 ans n&rsquo;est plus n\u00e9gociable\u00a0\u00bb &#8211; Le point sur les perturbations pr\u00e9vues demain"},"content":{"rendered":"\n<p><strong>Emmanuel Macron, en d\u00e9placement aux Pays-Bas, a r\u00e9pondu \u00e0 une question sur la r\u00e9forme des retraites. La Premi\u00e8re ministre \u00c9lisabeth Borne a affirm\u00e9 hier que l&rsquo;\u00e2ge l\u00e9gal de d\u00e9part, fix\u00e9 \u00e0 64 ans \u00ab\u00a0n&rsquo;est plus n\u00e9gociable\u00a0\u00bb. Emmanuel Macron a \u00e9t\u00e9 invit\u00e9 \u00e0 r\u00e9agir sur cette affirmation :\u00a0 \u00ab\u00a0Je la soutiens\u00a0\u00bb, a r\u00e9agi le pr\u00e9sident de la R\u00e9publique<\/strong>, qualifiant la r\u00e9forme des retraites d'\u00a0\u00bbindispensable quand on se compare en Europe et pour sauver notre syst\u00e8me par r\u00e9partition\u00a0\u00bb.<\/p>\n\n\n\n<p><strong>La RATP d\u00e9voile ses pr\u00e9visions de trafic pour ce mardi et\u00ab&nbsp;invite tous les voyageurs qui en ont la possibilit\u00e9 \u00e0 privil\u00e9gier le t\u00e9l\u00e9travail ou \u00e0 diff\u00e9rer leurs d\u00e9placements sur le r\u00e9seau ce jour-l\u00e0&nbsp;\u00bb.<\/strong><\/p>\n\n\n\n<p><strong>RER<\/strong><\/p>\n\n\n\n<p>Le trafic sera tr\u00e8s perturb\u00e9 sur les lignes A et B.<\/p>\n\n\n\n<p>Sur le&nbsp;RER A, en moyenne 1 train sur 2 circuleront aux heures de pointe et 1 train sur 4 aux heures creuses. Les horaires des premiers d\u00e9parts se situeront vers 5h35. En fin de service, le dernier passage \u00e0 Ch\u00e2telet est pr\u00e9vu vers minuit. Interconnexion maintenue \u00e0 Nanterre Pr\u00e9fecture jusqu\u2019\u00e0\u0300 21&nbsp;heures.<\/p>\n\n\n\n<p>Sur&nbsp;le RER&nbsp;B, en moyenne 1 train sur 2 circuleront. L&rsquo;interconnexion sera interrompue \u00e0 la Gare du Nord.<\/p>\n\n\n\n<p><strong>M\u00e9tros<\/strong><\/p>\n\n\n\n<p>Les lignes&nbsp;1 et 14&nbsp;fonctionneront normalement<\/p>\n\n\n\n<p>1 train sur 2 aux heures de pointe et 1 train sur 4 aux heures creuses avec risque de saturation sur&nbsp;la ligne 4. Les stations suivantes seront ferm\u00e9es&nbsp;: Simplon, Strasbourg Saint-Denis, R\u00e9aumur- S\u00e9bastopol, Cit\u00e9, Montparnasse-Bienvenue, Raspail, Al\u00e9sia. La station&nbsp;: Gare de l\u2019Est. sera ouverte uniquement aux heures de pointe (7h30- 9h30\/16h30-19h30)<\/p>\n\n\n\n<p>Ligne 2&nbsp;: 1 train sur 3 aux heures de pointe et 1 train sur 4 aux heures creuses. Les stations suivantes seront ouvertes uniquement aux heures de pointe (7h30- 9h30\/16h30-19h30)&nbsp;: Stalingrad et Villiers.<\/p>\n\n\n\n<p>Ligne 3&nbsp;: Ouverte de Pont de Levallois \u2013 B\u00e9con \u00e0 Havre-Caumartin, 1 train sur 3 entre 7h30-9h30 et 16h30-19h30<\/p>\n\n\n\n<p>Ligne 3 bis&nbsp;: traffic interrompu.<\/p>\n\n\n\n<p>Ligne 5&nbsp;: 1 train sur 3 entre 6h30-9h30 et 16h30-19h30. Les stations suivantes seront ferm\u00e9es&nbsp;: Hoche, Laumi\u00e8re, R\u00e9publique, Richard Lenoir, Campo Formio.<\/p>\n\n\n\n<p>Ligne 6&nbsp;: Ouverte de Nation \u00e0 Denfert-Rochereau, 1 train sur 3 entre 6h-10h et 16h-20h.<\/p>\n\n\n\n<p>Ligne 7&nbsp;: 1 train sur 3 entre 6h30-9h30 et 16h-19h30. Les stations suivantes seront ferm\u00e9es&nbsp;: Ch\u00e2teau-Landon, Cadet, Op\u00e9ra, Tolbiac.<\/p>\n\n\n\n<p>Ligne 8&nbsp;:&nbsp;Ouverte de Cr\u00e9teil Pointe du Lac \u00e0 Reuilly-Diderot, 1 train sur 3 entre 6h30- 9h30 et 16h30-19h30<\/p>\n\n\n\n<p>Ligne 7 bis&nbsp;: 1 train sur 3 entre 6h30-9h30 \u2013 16h-19h30<\/p>\n\n\n\n<p>Ligne 9&nbsp;: 1 train sur 2 entre 6h30-9h30 et 16h30-19h30 Les stations suivantes seront ferm\u00e9es&nbsp;: Trocad\u00e9ro, Richelieu-Drouot, Grands Boulevards, Strasbourg Saint-Denis, R\u00e9publique.<\/p>\n\n\n\n<p>Ligne 10&nbsp;: 1 train sur 3 entre 6h30-9h30 et 16h30-19h30 Les stations suivantes seront ferm\u00e9es&nbsp;: La Motte Picquet Grenelle, Duroc.<\/p>\n\n\n\n<p>Ligne 11 :&nbsp;1 train sur 3 le matin sur la ligne enti\u00e8re entre 6h30-9h30 et 1 train sur 5 l\u2019apr\u00e8s-midi entre Belleville et Mairie des&nbsp;Lilas uniquement entre 16h30 et 19h30. Les stations suivantes seront ferm\u00e9es&nbsp;: Porte des&nbsp;Lilas, Jourdain, R\u00e9publique, Arts et M\u00e9tiers.<\/p>\n\n\n\n<p>Ligne 12&nbsp;: 1 train sur 3 aux heures de pointe et 1 train sur 4 aux heures creuses. Les stations suivantes seront ferm\u00e9es&nbsp;: Pasteur, Montparnasse Bienvenue.<\/p>\n\n\n\n<p>Ligne 13&nbsp;: Ouverte de Saint-Denis Universit\u00e9\/les Courtilles \u00e0 Invalides le matin entre 6h30 et 9h30 avec 1 train sur 3 et ouverte l\u2019apr\u00e8s-midi 16h30 et 19h30 de Saint-Denis Universit\u00e9\/les Courtilles \u00e0 Champs-Elys\u00e9es Cl\u00e9menceau.<\/p>\n","protected":false},"excerpt":{"rendered":"<p>Emmanuel Macron, en d\u00e9placement aux Pays-Bas, a r\u00e9pondu \u00e0 une question sur la r\u00e9forme des retraites. La Premi\u00e8re ministre \u00c9lisabeth Borne a affirm\u00e9 hier que l&rsquo;\u00e2ge l\u00e9gal de d\u00e9part, fix\u00e9 \u00e0 64 ans \u00ab\u00a0n&rsquo;est plus n\u00e9gociable\u00a0\u00bb. Emmanuel Macron a \u00e9t\u00e9 invit\u00e9 \u00e0 r\u00e9agir sur cette affirmation :\u00a0 \u00ab\u00a0Je la soutiens\u00a0\u00bb, a r\u00e9agi le pr\u00e9sident de [&hellip;]<\/p>\n","protected":false},"author":2,"featured_media":23822,"comment_status":"open","ping_status":"open","sticky":false,"template":"","format":"standard","meta":{"_jetpack_memberships_contains_paid_content":false,"footnotes":"","jetpack_publicize_message":"","jetpack_publicize_feature_enabled":true,"jetpack_social_post_already_shared":true,"jetpack_social_options":{"image_generator_settings":{"template":"highway","default_image_id":0,"font":"","enabled":false},"version":2},"_wpas_customize_per_network":false},"categories":[405],"tags":[],"class_list":["post-23821","post","type-post","status-publish","format-standard","has-post-thumbnail","hentry","category-actu-france-monde"],"jetpack_publicize_connections":[],"jetpack_featured_media_url":"https:\/\/i0.wp.com\/www.iceagetv.com\/radiosite\/wp-content\/uploads\/2023\/01\/Emmanuel-Macron-annonce-ce-soir-soutenir-Elisabeth-Borne.jpg?fit=679%2C293&ssl=1","jetpack_sharing_enabled":true,"_links":{"self":[{"href":"https:\/\/www.iceagetv.com\/radiosite\/wp-json\/wp\/v2\/posts\/23821","targetHints":{"allow":["GET"]}}],"collection":[{"href":"https:\/\/www.iceagetv.com\/radiosite\/wp-json\/wp\/v2\/posts"}],"about":[{"href":"https:\/\/www.iceagetv.com\/radiosite\/wp-json\/wp\/v2\/types\/post"}],"author":[{"embeddable":true,"href":"https:\/\/www.iceagetv.com\/radiosite\/wp-json\/wp\/v2\/users\/2"}],"replies":[{"embeddable":true,"href":"https:\/\/www.iceagetv.com\/radiosite\/wp-json\/wp\/v2\/comments?post=23821"}],"version-history":[{"count":1,"href":"https:\/\/www.iceagetv.com\/radiosite\/wp-json\/wp\/v2\/posts\/23821\/revisions"}],"predecessor-version":[{"id":23823,"href":"https:\/\/www.iceagetv.com\/radiosite\/wp-json\/wp\/v2\/posts\/23821\/revisions\/23823"}],"wp:featuredmedia":[{"embeddable":true,"href":"https:\/\/www.iceagetv.com\/radiosite\/wp-json\/wp\/v2\/media\/23822"}],"wp:attachment":[{"href":"https:\/\/www.iceagetv.com\/radiosite\/wp-json\/wp\/v2\/media?parent=23821"}],"wp:term":[{"taxonomy":"category","embeddable":true,"href":"https:\/\/www.iceagetv.com\/radiosite\/wp-json\/wp\/v2\/categories?post=23821"},{"taxonomy":"post_tag","embeddable":true,"href":"https:\/\/www.iceagetv.com\/radiosite\/wp-json\/wp\/v2\/tags?post=23821"}],"curies":[{"name":"wp","href":"https:\/\/api.w.org\/{rel}","templated":true}]}}