{"id":23824,"date":"2023-01-30T19:23:09","date_gmt":"2023-01-30T19:23:09","guid":{"rendered":"https:\/\/www.iceagetv.com\/radiosite\/?p=23824"},"modified":"2023-01-30T19:23:09","modified_gmt":"2023-01-30T19:23:09","slug":"mercredi-une-nouvelle-hausse-du-prix-de-lelectricite-est-programmee-en-france-limitee-a-15-dans-le-cadre-du-bouclier-tarifaire","status":"publish","type":"post","link":"https:\/\/www.iceagetv.com\/radiosite\/mercredi-une-nouvelle-hausse-du-prix-de-lelectricite-est-programmee-en-france-limitee-a-15-dans-le-cadre-du-bouclier-tarifaire\/","title":{"rendered":"Mercredi, une nouvelle hausse du prix de l&rsquo;\u00e9lectricit\u00e9 est programm\u00e9e en France, limit\u00e9e \u00e0 15% dans le cadre du bouclier tarifaire"},"content":{"rendered":"\n<p>Mercredi, une nouvelle hausse du prix de l&rsquo;\u00e9lectricit\u00e9 est programm\u00e9e en France, limit\u00e9e \u00e0 15% dans le cadre du bouclier tarifaire. Sans le bouclier tarifaire d\u00e9cid\u00e9 par l\u2019\u00c9tat pour prot\u00e9ger les consommateurs, l&rsquo;\u00e9lectricit\u00e9 aurait d\u00fb augmenter non pas de 15% mercredi, mais de 99,22% TTC, selon le bar\u00e8me rendu public en janvier par la Commission de r\u00e9gulation de l&rsquo;\u00e9nergie (Cre) et fix\u00e9 en fonction des co\u00fbts de fourniture de l&rsquo;\u00e9lectricit\u00e9 sur les march\u00e9s de gros.<\/p>\n\n\n\n<p>Mercredi, la hausse concernera dans l&rsquo;Hexagone 20,54 millions de foyers et 1,45 million de petits professionnels, ainsi que la Corse et l&rsquo;Outremer, mais pas la Nouvelle-Cal\u00e9donie et la Polyn\u00e9sie qui ont leurs propres tarifs. \u00ab\u00a0Les nouveaux prix seront r\u00e9percut\u00e9s sur la facture chaque mois\u00a0\u00bb, a pr\u00e9cis\u00e9 EDF \u00e0 l&rsquo;AFP.<\/p>\n\n\n\n<p>Pour les clients qui ne veulent pas modifier leurs mensualit\u00e9s, une r\u00e9gularisation en fin d&rsquo;ann\u00e9e sera appliqu\u00e9e. Environ 100.000 logements du parc social, chauff\u00e9s collectivement \u00e0 l&rsquo;\u00e9lectricit\u00e9, sont aussi indirectement concern\u00e9s. Le nouveau tarif servira au calcul de l&rsquo;aide du bouclier tarifaire am\u00e9lior\u00e9e fin 2022, qui reste \u00ab\u00a0imparfaite\u00a0\u00bb selon le Mouvement HLM.<\/p>\n\n\n\n<p>\u00ab\u00a0Parce que la part des d\u00e9penses de transport et de logement est un peu plus \u00e9lev\u00e9e dans leur panier de consommation, les m\u00e9nages avec les revenus les plus bas subissent plus fortement la hausse des prix de l\u2019\u00e9nergie\u00a0\u00bb, a soulign\u00e9 \u00e0 plusieurs reprises l&rsquo;Insee.<\/p>\n\n\n\n<p>La hausse de 15% \u2014 identique \u00e0 celle du tarif r\u00e9glement\u00e9 du gaz le 1er janvier dernier \u2014 survient apr\u00e8s douze mois de gel tarifaire d\u00e9cid\u00e9 par le gouvernement. Elle est le fruit d&rsquo;un arbitrage politique, avec \u00e0 la cl\u00e9 des consid\u00e9rations budg\u00e9taires pour l\u2019\u00c9tat qui prend en charge 85% de la hausse. \u00ab\u00a0On est le pays le plus protecteur des m\u00e9nages\u00a0\u00bb, revendique le minist\u00e8re de la Transition \u00e9nerg\u00e9tique : 45 milliards d&rsquo;euros sont pr\u00e9vus en 2023 pour le bouclier tarifaire, dont 27 milliards pour l&rsquo;\u00e9lectricit\u00e9.<\/p>\n","protected":false},"excerpt":{"rendered":"<p>Mercredi, une nouvelle hausse du prix de l&rsquo;\u00e9lectricit\u00e9 est programm\u00e9e en France, limit\u00e9e \u00e0 15% dans le cadre du bouclier tarifaire. Sans le bouclier tarifaire d\u00e9cid\u00e9 par l\u2019\u00c9tat pour prot\u00e9ger les consommateurs, l&rsquo;\u00e9lectricit\u00e9 aurait d\u00fb augmenter non pas de 15% mercredi, mais de 99,22% TTC, selon le bar\u00e8me rendu public en janvier par la Commission [&hellip;]<\/p>\n","protected":false},"author":2,"featured_media":23825,"comment_status":"open","ping_status":"open","sticky":false,"template":"","format":"standard","meta":{"_jetpack_memberships_contains_paid_content":false,"footnotes":"","jetpack_publicize_message":"","jetpack_publicize_feature_enabled":true,"jetpack_social_post_already_shared":true,"jetpack_social_options":{"image_generator_settings":{"template":"highway","default_image_id":0,"font":"","enabled":false},"version":2},"_wpas_customize_per_network":false},"categories":[405],"tags":[],"class_list":["post-23824","post","type-post","status-publish","format-standard","has-post-thumbnail","hentry","category-actu-france-monde"],"jetpack_publicize_connections":[],"jetpack_featured_media_url":"https:\/\/i0.wp.com\/www.iceagetv.com\/radiosite\/wp-content\/uploads\/2023\/01\/une-nouvelle-hausse-du-prix-de-lelectricite.jpg?fit=679%2C293&ssl=1","jetpack_sharing_enabled":true,"_links":{"self":[{"href":"https:\/\/www.iceagetv.com\/radiosite\/wp-json\/wp\/v2\/posts\/23824","targetHints":{"allow":["GET"]}}],"collection":[{"href":"https:\/\/www.iceagetv.com\/radiosite\/wp-json\/wp\/v2\/posts"}],"about":[{"href":"https:\/\/www.iceagetv.com\/radiosite\/wp-json\/wp\/v2\/types\/post"}],"author":[{"embeddable":true,"href":"https:\/\/www.iceagetv.com\/radiosite\/wp-json\/wp\/v2\/users\/2"}],"replies":[{"embeddable":true,"href":"https:\/\/www.iceagetv.com\/radiosite\/wp-json\/wp\/v2\/comments?post=23824"}],"version-history":[{"count":1,"href":"https:\/\/www.iceagetv.com\/radiosite\/wp-json\/wp\/v2\/posts\/23824\/revisions"}],"predecessor-version":[{"id":23826,"href":"https:\/\/www.iceagetv.com\/radiosite\/wp-json\/wp\/v2\/posts\/23824\/revisions\/23826"}],"wp:featuredmedia":[{"embeddable":true,"href":"https:\/\/www.iceagetv.com\/radiosite\/wp-json\/wp\/v2\/media\/23825"}],"wp:attachment":[{"href":"https:\/\/www.iceagetv.com\/radiosite\/wp-json\/wp\/v2\/media?parent=23824"}],"wp:term":[{"taxonomy":"category","embeddable":true,"href":"https:\/\/www.iceagetv.com\/radiosite\/wp-json\/wp\/v2\/categories?post=23824"},{"taxonomy":"post_tag","embeddable":true,"href":"https:\/\/www.iceagetv.com\/radiosite\/wp-json\/wp\/v2\/tags?post=23824"}],"curies":[{"name":"wp","href":"https:\/\/api.w.org\/{rel}","templated":true}]}}