{"id":23827,"date":"2023-01-31T19:13:48","date_gmt":"2023-01-31T19:13:48","guid":{"rendered":"https:\/\/www.iceagetv.com\/radiosite\/?p=23827"},"modified":"2023-01-31T19:13:48","modified_gmt":"2023-01-31T19:13:48","slug":"les-syndicats-annoncent-2-nouvelles-dates-de-mobilisation-le-mardi-7-fevrier-et-le-samedi-11-fevrier-la-cgt-revendique-28-millions-de-manifestants-aujourdhui-en-france-contre-127-million-pour","status":"publish","type":"post","link":"https:\/\/www.iceagetv.com\/radiosite\/les-syndicats-annoncent-2-nouvelles-dates-de-mobilisation-le-mardi-7-fevrier-et-le-samedi-11-fevrier-la-cgt-revendique-28-millions-de-manifestants-aujourdhui-en-france-contre-127-million-pour\/","title":{"rendered":"Les syndicats annoncent 2 nouvelles dates de mobilisation : Le mardi 7 f\u00e9vrier et le samedi 11 f\u00e9vrier &#8211; La CGT revendique 2,8 millions de manifestants aujourd&rsquo;hui en France contre 1,27 million pour le Minist\u00e8re de l&rsquo;Int\u00e9rieur"},"content":{"rendered":"\n<p><strong>\u00a0Les syndicats annoncent deux nouvelles dates de mobilisation : Le mardi 7 f\u00e9vrier et le samedi 11 f\u00e9vrier1,272 millions de personnes ont manifest\u00e9 en France selon le Minist\u00e8re de l&rsquo;Int\u00e9rieur\u00a0\u00a0<\/strong>A Paris, la pr\u00e9fecture de police affirme que la dispersion du cort\u00e8ge se termine dans le calme, apr\u00e8s un \u00ab\u00a0\u00e9pisode de tension\u00a0\u00bb qui a demand\u00e9 l&rsquo;intervention des forces de l&rsquo;ordre. Elle annonce un total de 23 interpellations.<strong>La CGT annonce 2,8 millions de manifestants en France aujourd&rsquo;hui87.000 manifestants \u00e0 Paris selon la Pr\u00e9fecture, 55.000 selon le cabinet ind\u00e9pendant Occurrence et 500.000 selon la CGT.\u00a0:Le cabinet ind\u00e9pendant Occurrence annonce 55.000 manifestants \u00e0 Paris alors que la CGT parle de 500.000 personnes<\/strong>\u00a0qui ont d\u00e9fil\u00e9 dans les rues de la capitale<strong>\u00a0Les incidents se poursuivent Place Vauban \u00e0 Paris avec les forces de l&rsquo;ordre violemment attaqu\u00e9s par des groupes de personnes masqu\u00e9es qui provoquent de nombreux d\u00e9g\u00e2tsAlors que les incidents se poursuivent \u00e0 Paris, la pr\u00e9fecture de police de Paris fait \u00e9tat de 18 interpellations dans le cadre de la journ\u00e9e de mobilisation dans la capitale.<\/strong><\/p>\n\n\n\n<p>Un groupe de perturbateurs pr\u00e9sent dans le pr\u00e9-cort\u00e8ge selon la pr\u00e9fecture de police, s&rsquo;est retrouv\u00e9 en face-\u00e0-face avec les forces de l&rsquo;ordre dans le quartier du Montparnasse. Au carrefour du boulevard Montparnasse et du boulevard Raspail, quelques dizaines de personnes cagoul\u00e9es et v\u00eatues de noir ont lanc\u00e9 des projectiles sur les forces de l&rsquo;ordre, qui ont r\u00e9pondu par des tirs de gaz lacrymog\u00e8ne.<\/p>\n\n\n\n<p>Le pr\u00e9-cort\u00e8ge a ensuite repris sa marche, les incidents ont \u00e9t\u00e9 limit\u00e9s. La vitrine d&rsquo;une agence bancaire a \u00e9t\u00e9 cass\u00e9e, alors qu&rsquo;une devanture de La Poste a \u00e9t\u00e9 endommag\u00e9e.<\/p>\n\n\n\n<p>Pour cette deuxi\u00e8me journ\u00e9e de mobilisation contre le projet du gouvernement, 4 000 policiers et gendarmes, dont 42 unit\u00e9s de forces mobiles, ont \u00e9t\u00e9 d\u00e9ploy\u00e9s dans la capitale.<\/p>\n","protected":false},"excerpt":{"rendered":"<p>\u00a0Les syndicats annoncent deux nouvelles dates de mobilisation : Le mardi 7 f\u00e9vrier et le samedi 11 f\u00e9vrier1,272 millions de personnes ont manifest\u00e9 en France selon le Minist\u00e8re de l&rsquo;Int\u00e9rieur\u00a0\u00a0A Paris, la pr\u00e9fecture de police affirme que la dispersion du cort\u00e8ge se termine dans le calme, apr\u00e8s un \u00ab\u00a0\u00e9pisode de tension\u00a0\u00bb qui a demand\u00e9 l&rsquo;intervention [&hellip;]<\/p>\n","protected":false},"author":2,"featured_media":23828,"comment_status":"open","ping_status":"open","sticky":false,"template":"","format":"standard","meta":{"_jetpack_memberships_contains_paid_content":false,"footnotes":"","jetpack_publicize_message":"","jetpack_publicize_feature_enabled":true,"jetpack_social_post_already_shared":true,"jetpack_social_options":{"image_generator_settings":{"template":"highway","default_image_id":0,"font":"","enabled":false},"version":2},"_wpas_customize_per_network":false},"categories":[405],"tags":[],"class_list":["post-23827","post","type-post","status-publish","format-standard","has-post-thumbnail","hentry","category-actu-france-monde"],"jetpack_publicize_connections":[],"jetpack_featured_media_url":"https:\/\/i0.wp.com\/www.iceagetv.com\/radiosite\/wp-content\/uploads\/2023\/01\/Les-syndicats-annoncent-2-nouvelles-dates-de-mobilisation.jpg?fit=679%2C293&ssl=1","jetpack_sharing_enabled":true,"_links":{"self":[{"href":"https:\/\/www.iceagetv.com\/radiosite\/wp-json\/wp\/v2\/posts\/23827","targetHints":{"allow":["GET"]}}],"collection":[{"href":"https:\/\/www.iceagetv.com\/radiosite\/wp-json\/wp\/v2\/posts"}],"about":[{"href":"https:\/\/www.iceagetv.com\/radiosite\/wp-json\/wp\/v2\/types\/post"}],"author":[{"embeddable":true,"href":"https:\/\/www.iceagetv.com\/radiosite\/wp-json\/wp\/v2\/users\/2"}],"replies":[{"embeddable":true,"href":"https:\/\/www.iceagetv.com\/radiosite\/wp-json\/wp\/v2\/comments?post=23827"}],"version-history":[{"count":1,"href":"https:\/\/www.iceagetv.com\/radiosite\/wp-json\/wp\/v2\/posts\/23827\/revisions"}],"predecessor-version":[{"id":23829,"href":"https:\/\/www.iceagetv.com\/radiosite\/wp-json\/wp\/v2\/posts\/23827\/revisions\/23829"}],"wp:featuredmedia":[{"embeddable":true,"href":"https:\/\/www.iceagetv.com\/radiosite\/wp-json\/wp\/v2\/media\/23828"}],"wp:attachment":[{"href":"https:\/\/www.iceagetv.com\/radiosite\/wp-json\/wp\/v2\/media?parent=23827"}],"wp:term":[{"taxonomy":"category","embeddable":true,"href":"https:\/\/www.iceagetv.com\/radiosite\/wp-json\/wp\/v2\/categories?post=23827"},{"taxonomy":"post_tag","embeddable":true,"href":"https:\/\/www.iceagetv.com\/radiosite\/wp-json\/wp\/v2\/tags?post=23827"}],"curies":[{"name":"wp","href":"https:\/\/api.w.org\/{rel}","templated":true}]}}