{"id":23833,"date":"2023-02-01T04:58:31","date_gmt":"2023-02-01T04:58:31","guid":{"rendered":"https:\/\/www.iceagetv.com\/radiosite\/?p=23833"},"modified":"2023-02-01T04:58:31","modified_gmt":"2023-02-01T04:58:31","slug":"mesures-allegees-indicateurs-en-baisse-le-covid-19-est-il-derriere-nous","status":"publish","type":"post","link":"https:\/\/www.iceagetv.com\/radiosite\/mesures-allegees-indicateurs-en-baisse-le-covid-19-est-il-derriere-nous\/","title":{"rendered":"MESURES ALL\u00c9G\u00c9ES, INDICATEURS EN BAISSE&#8230; LE COVID-19 EST-IL DERRI\u00c8RE NOUS?"},"content":{"rendered":"\n<p>Trois ans jour pour jour apr\u00e8s avoir qualifi\u00e9 la maladie d'\u00a0\u00bburgence de sant\u00e9 publique de port\u00e9e internationale\u00a0\u00bb, l&rsquo;Organisation mondiale de la sant\u00e9 (OMS) a d\u00e9cid\u00e9 ce lundi&nbsp;<a href=\"https:\/\/www.bfmtv.com\/sante\/trois-ans-apres-l-oms-maintient-le-niveau-d-alerte-maximal-pour-la-pandemie-de-covid-19_AD-202301300448.html\">de maintenir son niveau d&rsquo;alerte maximal sur la pand\u00e9mie de Covid-19<\/a>. Si l&rsquo;OMS estime que la pand\u00e9mie \u00ab\u00a0est probablement \u00e0 un point de transition\u00a0\u00bb, elle regrette que la surveillance et le s\u00e9quen\u00e7age g\u00e9n\u00e9tique, qui permettent de suivre l&rsquo;\u00e9volution du virus et ses d\u00e9placements, aient fortement chut\u00e9.<\/p>\n\n\n\n<p>Comme la vaccination, souligne l&rsquo;OMS, que ce soit dans les pays pauvres faute de s\u00e9rums, de moyens et de m\u00e9fiance, ou dans les pays mieux lotis o\u00f9 une lassitude se fait jour et o\u00f9 le mouvement antivax a sem\u00e9 le doute.<\/p>\n\n\n\n<h2 class=\"wp-block-heading\">Abandon de la strat\u00e9gie du \u00ab\u00a0tester, tracer, isoler\u00a0\u00bb<\/h2>\n\n\n\n<p>Apr\u00e8s la neuvi\u00e8me vague fin d\u00e9cembre, les indicateurs sont en baisse en France et&nbsp;<a href=\"https:\/\/www.bfmtv.com\/sante\/covid-19-les-controles-sanitaires-imposes-aux-voyageurs-chinois-prolonges-de-15-jours-en-france_AD-202301280132.html\">la situation sanitaire en am\u00e9lioration<\/a>, avec moins de 16.000 malades hospitalis\u00e9s actuellement, contre pr\u00e8s de 25.000 fin d\u00e9cembre. D&rsquo;apr\u00e8s le site Covid Tracker, le nombre de contaminations a \u00e9galement chut\u00e9 en un mois, de plus de 20.000 \u00e0 moins de 5000 par jour en moyenne.&nbsp;<a href=\"https:\/\/www.santepubliquefrance.fr\/dossiers\/coronavirus-covid-19\/coronavirus-chiffres-cles-et-evolution-de-la-covid-19-en-france-et-dans-le-monde\" target=\"_blank\" rel=\"noreferrer noopener\">Selon les chiffres de Sant\u00e9 Publique Franc<\/a>e, au 25 janvier, les hospitalisations ont diminu\u00e9 de 32,6% en sept jours, les morts de 31,9% et les admissions en r\u00e9animation de 34,1%.<\/p>\n\n\n\n<p>La France l\u00e8ve m\u00eame d\u00e8s ce mercredi certaines&nbsp;<a href=\"https:\/\/www.bfmtv.com\/sante\/covid-19-le-gouvernement-met-fin-a-la-strategie-du-tester-tracer-isoler_AV-202301290154.html\">des derni\u00e8res mesures de restriction<\/a>. Les arr\u00eats de travail d\u00e9rogatoires, sans jour de carence pour les personnes test\u00e9es positives au Covid-19, ne seront d\u00e9sormais plus possibles. La fin de la mesure, pr\u00e9vue tout d&rsquo;abord \u00ab\u00a0au plus tard\u00a0\u00bb \u00e0 la fin de l&rsquo;ann\u00e9e 2023, a donc \u00e9t\u00e9 avanc\u00e9e.<\/p>\n\n\n\n<p>Tomb\u00e9s en d\u00e9su\u00e9tude sur fond de chutes des cas, \u00ab\u00a0l&rsquo;isolement syst\u00e9matique\u00a0\u00bb des cas positifs et \u00ab\u00a0la r\u00e9alisation d&rsquo;un test\u00a0\u00bb au bout de deux jours pour leurs contacts ne seront par ailleurs plus requis. Enfin le suivi des \u00ab\u00a0cas contacts\u00a0\u00bb, via le service \u00ab\u00a0contact Covid\u00a0\u00bb g\u00e9r\u00e9 par l&rsquo;Assurance maladie, va quant \u00e0 lui cesser d\u00e9finitivement.<\/p>\n\n\n\n<p>Les m\u00e9decins, eux, restent prudents. \u00ab\u00a0C&rsquo;est un pari calcul\u00e9, une d\u00e9cision dans la continuit\u00e9\u00a0\u00bb, commente aupr\u00e8s de BFMTV.com Benjamin Davido, infectiologue \u00e0 l&rsquo;h\u00f4pital Raymond-Poincar\u00e9 de Garches, dans les Hauts-de-Seine. \u00ab\u00a0Est-ce que c&rsquo;est le bon moment? Difficile de le dire\u00a0\u00bb, s&rsquo;interroge-t-il.<\/p>\n\n\n\n<p>De son c\u00f4t\u00e9, l&rsquo;\u00e9pid\u00e9miologiste et pr\u00e9sident de la cellule Covid-19 de l\u2019Acad\u00e9mie nationale de m\u00e9decine Yves Buisson estime la d\u00e9cision \u00ab\u00a0parfaitement coh\u00e9rent(e) avec la situation actuelle\u00a0\u00bb, d\u00e9crivant des \u00ab\u00a0mesures du d\u00e9but de la pand\u00e9mie\u00a0\u00bb.<\/p>\n","protected":false},"excerpt":{"rendered":"<p>Trois ans jour pour jour apr\u00e8s avoir qualifi\u00e9 la maladie d&rsquo;\u00a0\u00bburgence de sant\u00e9 publique de port\u00e9e internationale\u00a0\u00bb, l&rsquo;Organisation mondiale de la sant\u00e9 (OMS) a d\u00e9cid\u00e9 ce lundi&nbsp;de maintenir son niveau d&rsquo;alerte maximal sur la pand\u00e9mie de Covid-19. Si l&rsquo;OMS estime que la pand\u00e9mie \u00ab\u00a0est probablement \u00e0 un point de transition\u00a0\u00bb, elle regrette que la surveillance [&hellip;]<\/p>\n","protected":false},"author":2,"featured_media":23834,"comment_status":"open","ping_status":"open","sticky":false,"template":"","format":"standard","meta":{"_jetpack_memberships_contains_paid_content":false,"footnotes":"","jetpack_publicize_message":"","jetpack_publicize_feature_enabled":true,"jetpack_social_post_already_shared":true,"jetpack_social_options":{"image_generator_settings":{"template":"highway","default_image_id":0,"font":"","enabled":false},"version":2},"_wpas_customize_per_network":false},"categories":[405],"tags":[],"class_list":["post-23833","post","type-post","status-publish","format-standard","has-post-thumbnail","hentry","category-actu-france-monde"],"jetpack_publicize_connections":[],"jetpack_featured_media_url":"https:\/\/i0.wp.com\/www.iceagetv.com\/radiosite\/wp-content\/uploads\/2023\/02\/Un-soignant-tient-un-echantillon-collecte-sur-un-patient-teste-pour-le-Covid-19-le-23-decembre-2021-a-Paris-1194135.jpg?fit=840%2C473&ssl=1","jetpack_sharing_enabled":true,"_links":{"self":[{"href":"https:\/\/www.iceagetv.com\/radiosite\/wp-json\/wp\/v2\/posts\/23833","targetHints":{"allow":["GET"]}}],"collection":[{"href":"https:\/\/www.iceagetv.com\/radiosite\/wp-json\/wp\/v2\/posts"}],"about":[{"href":"https:\/\/www.iceagetv.com\/radiosite\/wp-json\/wp\/v2\/types\/post"}],"author":[{"embeddable":true,"href":"https:\/\/www.iceagetv.com\/radiosite\/wp-json\/wp\/v2\/users\/2"}],"replies":[{"embeddable":true,"href":"https:\/\/www.iceagetv.com\/radiosite\/wp-json\/wp\/v2\/comments?post=23833"}],"version-history":[{"count":1,"href":"https:\/\/www.iceagetv.com\/radiosite\/wp-json\/wp\/v2\/posts\/23833\/revisions"}],"predecessor-version":[{"id":23835,"href":"https:\/\/www.iceagetv.com\/radiosite\/wp-json\/wp\/v2\/posts\/23833\/revisions\/23835"}],"wp:featuredmedia":[{"embeddable":true,"href":"https:\/\/www.iceagetv.com\/radiosite\/wp-json\/wp\/v2\/media\/23834"}],"wp:attachment":[{"href":"https:\/\/www.iceagetv.com\/radiosite\/wp-json\/wp\/v2\/media?parent=23833"}],"wp:term":[{"taxonomy":"category","embeddable":true,"href":"https:\/\/www.iceagetv.com\/radiosite\/wp-json\/wp\/v2\/categories?post=23833"},{"taxonomy":"post_tag","embeddable":true,"href":"https:\/\/www.iceagetv.com\/radiosite\/wp-json\/wp\/v2\/tags?post=23833"}],"curies":[{"name":"wp","href":"https:\/\/api.w.org\/{rel}","templated":true}]}}