{"id":23847,"date":"2023-02-02T07:41:22","date_gmt":"2023-02-02T07:41:22","guid":{"rendered":"https:\/\/www.iceagetv.com\/radiosite\/?p=23847"},"modified":"2023-02-02T07:41:22","modified_gmt":"2023-02-02T07:41:22","slug":"gard-le-corps-sans-vie-de-la-jeune-sihem-18-ans-a-ete-retrouve-dans-une-foret-cette-nuit-le-principal-suspect-est-passe-aux-aveux-entre-2-heures-et-3-heures-du-matin","status":"publish","type":"post","link":"https:\/\/www.iceagetv.com\/radiosite\/gard-le-corps-sans-vie-de-la-jeune-sihem-18-ans-a-ete-retrouve-dans-une-foret-cette-nuit-le-principal-suspect-est-passe-aux-aveux-entre-2-heures-et-3-heures-du-matin\/","title":{"rendered":"\u00a0Gard &#8211; Le corps sans vie de la jeune Sihem, 18 ans, a \u00e9t\u00e9 retrouv\u00e9 dans une for\u00eat cette nuit : \u00ab\u00a0Le principal suspect est pass\u00e9 aux aveux entre 2 heures et 3 heures du matin"},"content":{"rendered":"\n<p><strong>Le corps sans vie de la jeune Sihem, 18 ans, a \u00e9t\u00e9 retrouv\u00e9 dans une for\u00eat dans le Gard dans la nuit de mercredi \u00e0 jeudi annonce Le Parisien \u00e0 l&rsquo;instant. Le quotidien pr\u00e9cise que le principal suspect est pass\u00e9 aux avec cette nuit entre 2h et 3h du matin<\/strong><\/p>\n\n\n\n<p><strong> Depuis une semaine, cette jeune fille \u00e2g\u00e9e de 18 ans est port\u00e9e disparue dans le Gard. Un appel \u00e0 t\u00e9moins a \u00e9t\u00e9 lanc\u00e9 le week-end dernier pour tenter de la retrouver, en vain<\/strong>. Un homme et une femme ont \u00e9t\u00e9 plac\u00e9s en garde \u00e0 vue dans l&rsquo;enqu\u00eate de la disparition de Sihem, mais c&rsquo;est le profil de l&rsquo;homme qui int\u00e9resse les gendarmes.<\/p>\n\n\n\n<p>En effet, cet homme a collectionn\u00e9 onze condamnations indiquent nos confr\u00e8res de RTL qui pr\u00e9cisent que . s a vie a \u00e9t\u00e9 une longue suite de larcins, de violences, de trafics, toujours aux alentours de chez lui.&nbsp;<\/p>\n\n\n\n<p>\u00abL&rsquo;homme est interrog\u00e9 sur une participation \u00e0 la disparition, tandis que la femme pourrait d\u00e9tenir des informations permettant de localiser la jeune fille (&#8230;). Elle est entendue du chef de non-assistance \u00e0 personne en danger\u00bb, a pr\u00e9cis\u00e9 la procureure de N\u00eemes. Il est d\u00e9j\u00e0 connu de la justice et devait compara\u00eetre devant la cour d&rsquo;assises du Gard pour r\u00e9pondre de certains faits dans le cadre d&rsquo;une autre affaire, selon le Figaro une source judiciaire.&nbsp;Il devait compara\u00eetre pour vol \u00e0 main arm\u00e9e, a indiqu\u00e9 la procureure.<\/p>\n\n\n\n<p>Selon le communiqu\u00e9 de la magistrate, la jeune fille \u00abavait pour la derni\u00e8re fois communiqu\u00e9 avec des amis aux alentours de minuit\u00bb le 25 janvier, alors qu&rsquo;elle \u00abs&rsquo;appr\u00eatait \u00e0 sortir de son domicile, probablement pour rejoindre une personne de sa connaissance\u00bb. \u00abDes \u00e9l\u00e9ments (pourraient) laisser penser \u00e0 une disparition en lien avec des faits visant \u00e0 obtenir des fonds\u00bb.<\/p>\n\n\n\n<p>C&rsquo;est le jeudi 26 janvier que le p\u00e8re de Sihem, 18 ans, s&rsquo;est pr\u00e9sent\u00e9 au commissariat de police d\u2019Al\u00e8s pour y signaler la disparition inqui\u00e9tante de sa fille de la Grande-Combe dans le Gard depuis minuit.<\/p>\n\n\n\n<p>La veille, la jeune femme \u00e9tait all\u00e9e rendre visite \u00e0 sa grand-m\u00e8re. Vers minuit, cette derni\u00e8re a \u00e9t\u00e9 alert\u00e9e par un bruit, s&rsquo;est lev\u00e9e et a r\u00e9alis\u00e9 que sa petite-fille n&rsquo;\u00e9tait plus l\u00e0. La porte d&rsquo;entr\u00e9e \u00e9tait alors entrouverte et les affaires de Sihem, toujours dans sa chambre. Alert\u00e9e de ces faits, la brigade de gendarmerie a tr\u00e8s rapidement pris le relai pour mener les investigations.<\/p>\n","protected":false},"excerpt":{"rendered":"<p>Le corps sans vie de la jeune Sihem, 18 ans, a \u00e9t\u00e9 retrouv\u00e9 dans une for\u00eat dans le Gard dans la nuit de mercredi \u00e0 jeudi annonce Le Parisien \u00e0 l&rsquo;instant. Le quotidien pr\u00e9cise que le principal suspect est pass\u00e9 aux avec cette nuit entre 2h et 3h du matin Depuis une semaine, cette jeune [&hellip;]<\/p>\n","protected":false},"author":2,"featured_media":23848,"comment_status":"open","ping_status":"open","sticky":false,"template":"","format":"standard","meta":{"_jetpack_memberships_contains_paid_content":false,"footnotes":"","jetpack_publicize_message":"","jetpack_publicize_feature_enabled":true,"jetpack_social_post_already_shared":true,"jetpack_social_options":{"image_generator_settings":{"template":"highway","default_image_id":0,"font":"","enabled":false},"version":2},"_wpas_customize_per_network":false},"categories":[405],"tags":[],"class_list":["post-23847","post","type-post","status-publish","format-standard","has-post-thumbnail","hentry","category-actu-france-monde"],"jetpack_publicize_connections":[],"jetpack_featured_media_url":"https:\/\/i0.wp.com\/www.iceagetv.com\/radiosite\/wp-content\/uploads\/2023\/02\/Le-corps-sans-vie-de-la-jeune-Sihem.jpg?fit=679%2C293&ssl=1","jetpack_sharing_enabled":true,"_links":{"self":[{"href":"https:\/\/www.iceagetv.com\/radiosite\/wp-json\/wp\/v2\/posts\/23847","targetHints":{"allow":["GET"]}}],"collection":[{"href":"https:\/\/www.iceagetv.com\/radiosite\/wp-json\/wp\/v2\/posts"}],"about":[{"href":"https:\/\/www.iceagetv.com\/radiosite\/wp-json\/wp\/v2\/types\/post"}],"author":[{"embeddable":true,"href":"https:\/\/www.iceagetv.com\/radiosite\/wp-json\/wp\/v2\/users\/2"}],"replies":[{"embeddable":true,"href":"https:\/\/www.iceagetv.com\/radiosite\/wp-json\/wp\/v2\/comments?post=23847"}],"version-history":[{"count":1,"href":"https:\/\/www.iceagetv.com\/radiosite\/wp-json\/wp\/v2\/posts\/23847\/revisions"}],"predecessor-version":[{"id":23849,"href":"https:\/\/www.iceagetv.com\/radiosite\/wp-json\/wp\/v2\/posts\/23847\/revisions\/23849"}],"wp:featuredmedia":[{"embeddable":true,"href":"https:\/\/www.iceagetv.com\/radiosite\/wp-json\/wp\/v2\/media\/23848"}],"wp:attachment":[{"href":"https:\/\/www.iceagetv.com\/radiosite\/wp-json\/wp\/v2\/media?parent=23847"}],"wp:term":[{"taxonomy":"category","embeddable":true,"href":"https:\/\/www.iceagetv.com\/radiosite\/wp-json\/wp\/v2\/categories?post=23847"},{"taxonomy":"post_tag","embeddable":true,"href":"https:\/\/www.iceagetv.com\/radiosite\/wp-json\/wp\/v2\/tags?post=23847"}],"curies":[{"name":"wp","href":"https:\/\/api.w.org\/{rel}","templated":true}]}}