{"id":23850,"date":"2023-02-02T11:01:29","date_gmt":"2023-02-02T11:01:29","guid":{"rendered":"https:\/\/www.iceagetv.com\/radiosite\/?p=23850"},"modified":"2023-02-02T11:01:29","modified_gmt":"2023-02-02T11:01:29","slug":"le-journaliste-et-critique-dramatique-philippe-tesson-qui-a-travaille-au-canard-enchaine-et-au-figaro-est-decede-a-lage-de-94-ans","status":"publish","type":"post","link":"https:\/\/www.iceagetv.com\/radiosite\/le-journaliste-et-critique-dramatique-philippe-tesson-qui-a-travaille-au-canard-enchaine-et-au-figaro-est-decede-a-lage-de-94-ans\/","title":{"rendered":"Le journaliste et critique dramatique Philippe Tesson, qui a travaill\u00e9 au \u00ab\u00a0Canard encha\u00een\u00e9\u00a0\u00bb et au \u00ab\u00a0Figaro\u00a0\u00bb, est d\u00e9c\u00e9d\u00e9 \u00e0 l\u2019\u00e2ge de 94 ans"},"content":{"rendered":"\n<p>Le journaliste, homme de th\u00e9\u00e2tre et pol\u00e9miste Philippe Tesson, p\u00e8re de l&rsquo;\u00e9crivain Sylvain Tesson, est d\u00e9c\u00e9d\u00e9 \u00e0 l&rsquo;\u00e2ge de 94 ans, a indiqu\u00e9 jeudi \u00e0 l&rsquo;AFP le Th\u00e9\u00e2tre de Poche-Montparnasse \u00e0 Paris, qu&rsquo;il dirigeait. Il s&rsquo;est \u00e9teint \u00e0 son domicile de Chatou (Yvelines) mercredi, a pr\u00e9cis\u00e9 le jury du prix Interalli\u00e9, qu&rsquo;il pr\u00e9sidait, confirmant une information du Figaro.<\/p>\n\n\n\n<p>Philippe Tesson avait \u00e9t\u00e9 le r\u00e9dacteur en chef du l\u00e9gendaire journal \u00ab\u00a0Combat\u00a0\u00bb de 1960 \u00e0 1974, avant de fonder son propre journal, le \u00ab\u00a0Quotidien de Paris\u00a0\u00bb, qu&rsquo;il a dirig\u00e9 pendant 20 ans (1974-1994). Avec ce quotidien lib\u00e9ral, soutien de Val\u00e9ry Giscard d&rsquo;Estaing avant de s&rsquo;opposer aux socialistes et \u00e0 Fran\u00e7ois Mitterrand, il avait mis le pied \u00e0 l&rsquo;\u00e9trier \u00e0 de nombreuses personnalit\u00e9s: Eric Zemmour, Jean-Marc Sylvestre, Catherine P\u00e9gard, Claire Chazal&#8230;<\/p>\n\n\n\n<p>Il avait quitt\u00e9 le journal en 1994, deux ans avant l&rsquo;arr\u00eat de sa publication pour raisons financi\u00e8res. Dans les ann\u00e9es 90, un plus large public avait d\u00e9couvert sa verve et ses yeux bleus sur les plateaux t\u00e9l\u00e9, o\u00f9 il intervenait comme pol\u00e9miste et prenait volontiers la posture du \u00ab\u00a0r\u00e9ac\u00a0\u00bb assum\u00e9.<\/p>\n\n\n\n<p>\u00ab\u00a0Aujourd&rsquo;hui, je suis r\u00e9solument de droite. A 90 ans, on n&rsquo;est plus \u00e0 gauche. M\u00eame M\u00e9lenchon changera\u00a0\u00bb, s&rsquo;amusait ce passionn\u00e9 de politique, ami de Pierre Mauroy (son condisciple au coll\u00e8ge du Cateau-Cambr\u00e9sis) et soutien d\u00e9clar\u00e9 d&rsquo;Emmanuel Macron en 2017. Son autre passion \u00e9tait le th\u00e9\u00e2tre.<\/p>\n\n\n\n<p>Il avait notamment \u00e9crit comme critique th\u00e9\u00e2tral dans Le Canard encha\u00een\u00e9 ou Le Figaro et avait rachet\u00e9 en 2011 le Th\u00e9\u00e2tre de Poche-Montparnasse, qu&rsquo;il dirigeait avec sa fille, St\u00e9phanie Tesson.<\/p>\n\n\n\n<p>P\u00e8re de deux autres enfants, l&rsquo;\u00e9crivain Sylvain Tesson et la journaliste Daphn\u00e9 Tesson, Philippe Tesson \u00e9tait n\u00e9 dans une famille bourgeoise de Picardie, \u00e0 Wassigny (Aisne) le 1er mars 1928.<\/p>\n\n\n\n<p>Avec sa femme m\u00e9decin, Marie-Claude Millet (1942-2014), il avait \u00e9galement fond\u00e9 \u00ab\u00a0Le Quotidien du m\u00e9decin\u00a0\u00bb et \u00ab\u00a0Le Quotidien du pharmacien\u00a0\u00bb. Il a continu\u00e9 \u00e0 pr\u00e9sider jusqu&rsquo;au bout le jury du prix Interalli\u00e9, qu&rsquo;il avait rejoint en 1993.<\/p>\n","protected":false},"excerpt":{"rendered":"<p>Le journaliste, homme de th\u00e9\u00e2tre et pol\u00e9miste Philippe Tesson, p\u00e8re de l&rsquo;\u00e9crivain Sylvain Tesson, est d\u00e9c\u00e9d\u00e9 \u00e0 l&rsquo;\u00e2ge de 94 ans, a indiqu\u00e9 jeudi \u00e0 l&rsquo;AFP le Th\u00e9\u00e2tre de Poche-Montparnasse \u00e0 Paris, qu&rsquo;il dirigeait. Il s&rsquo;est \u00e9teint \u00e0 son domicile de Chatou (Yvelines) mercredi, a pr\u00e9cis\u00e9 le jury du prix Interalli\u00e9, qu&rsquo;il pr\u00e9sidait, confirmant une [&hellip;]<\/p>\n","protected":false},"author":2,"featured_media":0,"comment_status":"open","ping_status":"open","sticky":false,"template":"","format":"standard","meta":{"_jetpack_memberships_contains_paid_content":false,"footnotes":"","jetpack_publicize_message":"","jetpack_publicize_feature_enabled":true,"jetpack_social_post_already_shared":true,"jetpack_social_options":{"image_generator_settings":{"template":"highway","default_image_id":0,"font":"","enabled":false},"version":2},"_wpas_customize_per_network":false},"categories":[68],"tags":[],"class_list":["post-23850","post","type-post","status-publish","format-standard","hentry","category-actu-culturelle"],"jetpack_publicize_connections":[],"jetpack_featured_media_url":"","jetpack_sharing_enabled":true,"_links":{"self":[{"href":"https:\/\/www.iceagetv.com\/radiosite\/wp-json\/wp\/v2\/posts\/23850","targetHints":{"allow":["GET"]}}],"collection":[{"href":"https:\/\/www.iceagetv.com\/radiosite\/wp-json\/wp\/v2\/posts"}],"about":[{"href":"https:\/\/www.iceagetv.com\/radiosite\/wp-json\/wp\/v2\/types\/post"}],"author":[{"embeddable":true,"href":"https:\/\/www.iceagetv.com\/radiosite\/wp-json\/wp\/v2\/users\/2"}],"replies":[{"embeddable":true,"href":"https:\/\/www.iceagetv.com\/radiosite\/wp-json\/wp\/v2\/comments?post=23850"}],"version-history":[{"count":1,"href":"https:\/\/www.iceagetv.com\/radiosite\/wp-json\/wp\/v2\/posts\/23850\/revisions"}],"predecessor-version":[{"id":23851,"href":"https:\/\/www.iceagetv.com\/radiosite\/wp-json\/wp\/v2\/posts\/23850\/revisions\/23851"}],"wp:attachment":[{"href":"https:\/\/www.iceagetv.com\/radiosite\/wp-json\/wp\/v2\/media?parent=23850"}],"wp:term":[{"taxonomy":"category","embeddable":true,"href":"https:\/\/www.iceagetv.com\/radiosite\/wp-json\/wp\/v2\/categories?post=23850"},{"taxonomy":"post_tag","embeddable":true,"href":"https:\/\/www.iceagetv.com\/radiosite\/wp-json\/wp\/v2\/tags?post=23850"}],"curies":[{"name":"wp","href":"https:\/\/api.w.org\/{rel}","templated":true}]}}