{"id":23890,"date":"2023-02-06T19:23:50","date_gmt":"2023-02-06T19:23:50","guid":{"rendered":"https:\/\/www.iceagetv.com\/radiosite\/?p=23890"},"modified":"2023-02-06T19:23:50","modified_gmt":"2023-02-06T19:23:50","slug":"reforme-des-retraites-decouvrez-les-previsions-de-trafic-des-transports-que-la-ratp-vient-dannoncer-pour-la-journee-de-greve-de-demain","status":"publish","type":"post","link":"https:\/\/www.iceagetv.com\/radiosite\/reforme-des-retraites-decouvrez-les-previsions-de-trafic-des-transports-que-la-ratp-vient-dannoncer-pour-la-journee-de-greve-de-demain\/","title":{"rendered":"R\u00e9forme des Retraites &#8211; D\u00e9couvrez les pr\u00e9visions de trafic des transports que la RATP vient d&rsquo;annoncer pour la journ\u00e9e de gr\u00e8ve de demain"},"content":{"rendered":"\n<p>Ce mardi en r\u00e9gion parisienne, les transports seront perturb\u00e9s. La RATP d\u00e9voile ses pr\u00e9visions de trafic pour ce mardi 7 f\u00e9vrier, lors de la&nbsp;troisi\u00e8me journ\u00e9e de mobilisation nationale&nbsp;\u00e0 l\u2019appel des syndicats pour protester&nbsp;contre la r\u00e9forme des retraites et le report de l\u2019\u00e2ge l\u00e9gal de d\u00e9part.&nbsp;<\/p>\n\n\n\n<p><strong>TRAFIC DANS LES RER<\/strong><\/p>\n\n\n\n<p>Sur les lignes A et B du RER, le trafic sera tr\u00e8s perturb\u00e9 annonce la RTP\/<\/p>\n\n\n\n<p>&#8211; RER A, en moyenne 3 train sur 5 circuleront, avec interconnexion maintenue \u00e0 Nanterre Pr\u00e9fecture.<\/p>\n\n\n\n<p>&#8211; RER B, en moyenne 1 train sur 2 circulera aux heures de pointe avec changement de train n\u00e9cessaire \u00e0 Gare du Nord.<\/p>\n\n\n\n<p>&#8211; RER C, 1 train sur 3 circulera sur l\u2019ensemble de la ligne.<\/p>\n\n\n\n<p>&#8211; RER D, seulement 1 train sur 6 circulera. Aucun train entre Ch\u00e2telet Les Halles et Garde de Lyon, aucune circulation sur les axes Malesherbs-Corbeil-Juvisy via Ris-Orangis et Corbeil Melun.<\/p>\n\n\n\n<p>&#8211; RER E. 2 trains sur 5.<\/p>\n\n\n\n<p><strong>TRAFIC DANS LES METROS<\/strong><\/p>\n\n\n\n<p>&#8211; Les lignes 1 et 14 fonctionneront normalement du fait de leur automatisation<\/p>\n\n\n\n<p>&#8211; Ligne 2 : 1 train sur 3 de 6h30 \u00e0 20h00. La ligne est ferm\u00e9e en dehors de ces horaires.<\/p>\n\n\n\n<p>&#8211; Ligne 4. 1 trains sur 2<\/p>\n\n\n\n<p>&#8211; Ligne 3 : 1 train sur 3 de 6h30 \u00e0 9h30 et de 16h30 \u00e0 19h30. La ligne est ferm\u00e9e en dehors de ces horaires.<\/p>\n\n\n\n<p>&#8211; Ligne 3 bis : trafic normal.<\/p>\n\n\n\n<p>&#8211; Ligne 5 : 1 train sur 3 de 5h30 \u00e0 20h00. Les deux lignes sont ferm\u00e9es en dehors de ces horaires.<\/p>\n\n\n\n<p>&#8211; Ligne 6 : 1 train sur 3 de 5h30 \u00e0 20h00. Les deux lignes sont ferm\u00e9es en dehors de ces horaires.<\/p>\n\n\n\n<p>&#8211; Ligne 7 : 1 train sur 3 de 6h00 \u00e0 22h00. La ligne est ferm\u00e9e en dehors de ces horaires.<\/p>\n\n\n\n<p>&#8211; Ligne 7 bis : 1 train sur 2 de 6h00 \u00e0 22h00. La ligne est ferm\u00e9e en dehors de ces horaires.<\/p>\n\n\n\n<p>&#8211; Ligne 8 : 1 train sur 3 uniquement entre Cr\u00e9teil &#8211; Pointe du Lac et Reuilly &#8211; Diderot (la ligne sera ferm\u00e9e toute la journ\u00e9e entre Reuilly &#8211; Diderot et Balard) de 6h30 \u00e0 9h30 et de 16h30 \u00e0 19h30. La ligne sera ferm\u00e9e en dehors de ces horaires.<\/p>\n\n\n\n<p>&#8211; Ligne 9 : 2 trains sur 3 le matin et 1 train sur 2 l\u2019apr\u00e8s-midi, de 5h30 \u00e0 20h30. La ligne sera ferm\u00e9e en dehors de ces horaires.<\/p>\n\n\n\n<p>&#8211; Ligne 10 : 1 train sur 3 de 6h30 \u00e0 9h30 et 1 train sur 2 de 16h30 \u00e0 19h30. La ligne sera ferm\u00e9e en dehors de ces horaires.<\/p>\n\n\n\n<p>&#8211; Ligne 11 : 1 train sur 2 de 6h00 \u00e0 11h00 et 1 train sur 4 de 16h30 \u00e0 19h30. La ligne sera ferm\u00e9e en dehors de ces horaires.<\/p>\n\n\n\n<p>&#8211; Ligne 12 : 1 train sur 3 de 5h30 \u00e0 21h. La ligne sera ferm\u00e9e en dehors de ces horaires.<\/p>\n\n\n\n<p>&#8211; Ligne 13 : 1 train sur 3 uniquement entre Saint Denis &#8211; Universit\u00e9 \/ Asni\u00e8res Genevilliers &#8211; Les Courtilles et Montparnasse &#8211; Bienven\u00fce (la ligne est ferm\u00e9e toute la journ\u00e9e entre Montparnasse &#8211; Bienven\u00fce et Ch\u00e2tillon &#8211; Montrouge) de 6h30 \u00e0 9h30 et de 16h30 \u00e0 19h30. La ligne sera ferm\u00e9e en dehors de ces horaires.<\/p>\n","protected":false},"excerpt":{"rendered":"<p>Ce mardi en r\u00e9gion parisienne, les transports seront perturb\u00e9s. La RATP d\u00e9voile ses pr\u00e9visions de trafic pour ce mardi 7 f\u00e9vrier, lors de la&nbsp;troisi\u00e8me journ\u00e9e de mobilisation nationale&nbsp;\u00e0 l\u2019appel des syndicats pour protester&nbsp;contre la r\u00e9forme des retraites et le report de l\u2019\u00e2ge l\u00e9gal de d\u00e9part.&nbsp; TRAFIC DANS LES RER Sur les lignes A et B [&hellip;]<\/p>\n","protected":false},"author":2,"featured_media":23891,"comment_status":"open","ping_status":"open","sticky":false,"template":"","format":"standard","meta":{"_jetpack_memberships_contains_paid_content":false,"footnotes":"","jetpack_publicize_message":"","jetpack_publicize_feature_enabled":true,"jetpack_social_post_already_shared":true,"jetpack_social_options":{"image_generator_settings":{"template":"highway","default_image_id":0,"font":"","enabled":false},"version":2},"_wpas_customize_per_network":false},"categories":[405],"tags":[],"class_list":["post-23890","post","type-post","status-publish","format-standard","has-post-thumbnail","hentry","category-actu-france-monde"],"jetpack_publicize_connections":[],"jetpack_featured_media_url":"https:\/\/i0.wp.com\/www.iceagetv.com\/radiosite\/wp-content\/uploads\/2023\/02\/Decouvrez-les-previsions-de-trafic-des-transports-que-la-RATP.jpg?fit=679%2C293&ssl=1","jetpack_sharing_enabled":true,"_links":{"self":[{"href":"https:\/\/www.iceagetv.com\/radiosite\/wp-json\/wp\/v2\/posts\/23890","targetHints":{"allow":["GET"]}}],"collection":[{"href":"https:\/\/www.iceagetv.com\/radiosite\/wp-json\/wp\/v2\/posts"}],"about":[{"href":"https:\/\/www.iceagetv.com\/radiosite\/wp-json\/wp\/v2\/types\/post"}],"author":[{"embeddable":true,"href":"https:\/\/www.iceagetv.com\/radiosite\/wp-json\/wp\/v2\/users\/2"}],"replies":[{"embeddable":true,"href":"https:\/\/www.iceagetv.com\/radiosite\/wp-json\/wp\/v2\/comments?post=23890"}],"version-history":[{"count":1,"href":"https:\/\/www.iceagetv.com\/radiosite\/wp-json\/wp\/v2\/posts\/23890\/revisions"}],"predecessor-version":[{"id":23892,"href":"https:\/\/www.iceagetv.com\/radiosite\/wp-json\/wp\/v2\/posts\/23890\/revisions\/23892"}],"wp:featuredmedia":[{"embeddable":true,"href":"https:\/\/www.iceagetv.com\/radiosite\/wp-json\/wp\/v2\/media\/23891"}],"wp:attachment":[{"href":"https:\/\/www.iceagetv.com\/radiosite\/wp-json\/wp\/v2\/media?parent=23890"}],"wp:term":[{"taxonomy":"category","embeddable":true,"href":"https:\/\/www.iceagetv.com\/radiosite\/wp-json\/wp\/v2\/categories?post=23890"},{"taxonomy":"post_tag","embeddable":true,"href":"https:\/\/www.iceagetv.com\/radiosite\/wp-json\/wp\/v2\/tags?post=23890"}],"curies":[{"name":"wp","href":"https:\/\/api.w.org\/{rel}","templated":true}]}}