{"id":23901,"date":"2023-02-07T19:17:33","date_gmt":"2023-02-07T19:17:33","guid":{"rendered":"https:\/\/www.iceagetv.com\/radiosite\/?p=23901"},"modified":"2023-02-07T19:17:33","modified_gmt":"2023-02-07T19:17:33","slug":"greve-du-7-fevrier-contre-la-reforme-des-retraites-en-direct-757-000-manifestants-en-france-selon-le-ministere-de-linterieur-pres-de-2-millions-selon-la-cgt","status":"publish","type":"post","link":"https:\/\/www.iceagetv.com\/radiosite\/greve-du-7-fevrier-contre-la-reforme-des-retraites-en-direct-757-000-manifestants-en-france-selon-le-ministere-de-linterieur-pres-de-2-millions-selon-la-cgt\/","title":{"rendered":"Gr\u00e8ve du 7\u00a0f\u00e9vrier contre la r\u00e9forme des retraites, en direct\u00a0: 757\u00a0000 manifestants en France, selon le minist\u00e8re de l\u2019int\u00e9rieur, pr\u00e8s de 2\u00a0millions, selon la CGT"},"content":{"rendered":"\n<p>La manifestation parisienne a r\u00e9uni 400\u00a0000 personnes, selon la CGT, autant que le 19 janvier, 57\u00a0000\u00a0selon la place Beauvau. Dans de nombreuses villes de province, les cort\u00e8ges \u00e9taient moins fournis, selon les chiffres des autorit\u00e9s et des organisateurs.<\/p>\n\n\n\n<h2 class=\"wp-block-heading\">L\u2019intersyndicale ne compte pas rel\u00e2cher la pression sur le gouvernement et la majorit\u00e9<\/h2>\n\n\n\n<p>R\u00e9unie mardi soir \u00e0 la Bourse du travail, \u00e0 Paris, l\u2019intersyndicale a appel\u00e9 dans un communiqu\u00e9 <em>\u00ab&nbsp;\u00e0 manifester encore plus massivement le samedi 11&nbsp;f\u00e9vrier&nbsp;\u00bb<\/em>. <em>\u00ab&nbsp;Le gouvernement doit retirer son projet sans attendre la fin du processus parlementaire&nbsp;\u00bb<\/em>, a-t-elle intim\u00e9. Le secr\u00e9taire g\u00e9n\u00e9ral de la CFDT Laurent Berger avait reconnu au lancement de la manifestation parisienne <em>\u00ab&nbsp;un petit handicap avec les vacances&nbsp;\u00bb<\/em> qui ont commenc\u00e9 pour la zone A.<\/p>\n\n\n\n<p><em>\u00ab&nbsp;Mais le d\u00e9bat parlementaire, c\u2019est jusqu\u2019\u00e0 fin mars, et en mars il n\u2019y aura plus de vacances&nbsp;\u00bb<\/em>, a-t-il pr\u00e9venu, estimant une nouvelle fois que ce serait <em>\u00ab&nbsp;une folie d\u00e9mocratique de rester sourd&nbsp;\u00bb<\/em> \u00e0 la contestation de la r\u00e9forme.<\/p>\n\n\n\n<p>Le leader de la CGT Philippe Martinez a appel\u00e9 \u00e0 des gr\u00e8ves <em>\u00ab\u00a0plus dures, plus massives, plus nombreuses\u00a0\u00bb<\/em>, <em>\u00ab\u00a0si le gouvernement persiste \u00e0 ne pas \u00e9couter\u00a0\u00bb<\/em>. <em>\u00ab\u00a0Il faudra d\u2019autres manifs mais pour nous, c\u2019est clair, la suite ce sera la gr\u00e8ve reconductible, autour du 8\u00a0mars\u00a0\u00bb<\/em>, lui a fait \u00e9cho Simon Duteil (Solidaires).<\/p>\n\n\n\n<p>Vous pouvez partager un article en cliquant sur les ic\u00f4nes de partage en haut \u00e0 droite de celui-ci.<br>La reproduction totale ou partielle d\u2019un article, sans l\u2019autorisation \u00e9crite et pr\u00e9alable du <a href=\"https:\/\/www.lemonde.fr\">Monde<\/a>, est strictement interdite.<br>Pour plus d\u2019informations, consultez nos <a href=\"https:\/\/moncompte.lemonde.fr\/cgv\">conditions g\u00e9n\u00e9rales de vente<\/a>.<br>Pour toute demande d\u2019autorisation, contactez <a href=\"mailto:syndication@lemonde.fr\">syndication@lemonde.fr<\/a>.<br>En tant qu\u2019abonn\u00e9, vous pouvez offrir jusqu\u2019\u00e0 cinq articles par mois \u00e0 l\u2019un de vos proches gr\u00e2ce \u00e0 la fonctionnalit\u00e9 \u00ab Offrir un article \u00bb.<\/p>\n\n\n\n<h2 class=\"wp-block-heading\">Les d\u00e9put\u00e9s ont commenc\u00e9 l\u2019examen des r\u00e9gimes sp\u00e9ciaux de retraite<\/h2>\n\n\n\n<p>Les d\u00e9put\u00e9s ont commenc\u00e9 mardi l\u2019examen de l\u2019extinction progressive de la plupart des r\u00e9gimes sp\u00e9ciaux de retraite, <em>\u00ab&nbsp;une r\u00e9forme d\u2019\u00e9quit\u00e9&nbsp;\u00bb <\/em>selon le ministre du travail Olivier Dussopt, sachant qu\u2019il y a <em>\u00ab&nbsp;un certain nombre de r\u00e9gimes que nous ne fermons pas&nbsp;\u00bb<\/em>, comme celui des marins-p\u00eacheurs.<\/p>\n\n\n\n<p>L\u2019article&nbsp;1 pr\u00e9voit que les principaux r\u00e9gimes sp\u00e9ciaux existants, dont ceux de la RATP, des industries \u00e9lectriques et gazi\u00e8res et de la Banque de France, soient progressivement abolis.<\/p>\n\n\n\n<p><em>\u00ab&nbsp;On a compris que vous n\u2019aimiez pas les cheminots, et que vous m\u00e9prisiez les \u00e9lectriciens gaziers&nbsp;\u00bb<\/em>, a lanc\u00e9 le communiste S\u00e9bastien Jumel, cit\u00e9 par l\u2019Agence France-Presse. <em>\u00ab&nbsp;Nous voterons contre cet article&nbsp;1&nbsp;\u00bb<\/em>, a abond\u00e9 Cl\u00e9mence Guett\u00e9, pour LFI.<\/p>\n\n\n\n<p><em>\u00ab&nbsp;Au moment o\u00f9 la RATP n\u2019arrive plus \u00e0 recruter, vous voulez supprimer son r\u00e9gime sp\u00e9cial des retraites&nbsp;?&nbsp;\u00bb<\/em> s\u2019est interrog\u00e9 le RN Laurent Jacobelli.<\/p>\n\n\n\n<p><em>\u00ab&nbsp;En ce d\u00e9but du XXI<sup>e<\/sup>&nbsp;si\u00e8cle, quelle est la raison d\u2019\u00eatre de ces r\u00e9gimes sp\u00e9ciaux&nbsp;?&nbsp;\u00bb<\/em>, s\u2019est interrog\u00e9 en retour le LR St\u00e9phane Viry, <em>\u00ab&nbsp;favorable&nbsp;\u00bb<\/em> \u00e0 cet article m\u00eame si <em>\u00ab&nbsp;nous aurions pr\u00e9f\u00e9r\u00e9 une trajectoire plus ambitieuse&nbsp;\u00bb<\/em>.<\/p>\n","protected":false},"excerpt":{"rendered":"<p>La manifestation parisienne a r\u00e9uni 400\u00a0000 personnes, selon la CGT, autant que le 19 janvier, 57\u00a0000\u00a0selon la place Beauvau. Dans de nombreuses villes de province, les cort\u00e8ges \u00e9taient moins fournis, selon les chiffres des autorit\u00e9s et des organisateurs. L\u2019intersyndicale ne compte pas rel\u00e2cher la pression sur le gouvernement et la majorit\u00e9 R\u00e9unie mardi soir \u00e0 [&hellip;]<\/p>\n","protected":false},"author":2,"featured_media":23802,"comment_status":"open","ping_status":"open","sticky":false,"template":"","format":"standard","meta":{"_jetpack_memberships_contains_paid_content":false,"footnotes":"","jetpack_publicize_message":"","jetpack_publicize_feature_enabled":true,"jetpack_social_post_already_shared":true,"jetpack_social_options":{"image_generator_settings":{"template":"highway","default_image_id":0,"font":"","enabled":false},"version":2},"_wpas_customize_per_network":false},"categories":[405],"tags":[],"class_list":["post-23901","post","type-post","status-publish","format-standard","has-post-thumbnail","hentry","category-actu-france-monde"],"jetpack_publicize_connections":[],"jetpack_featured_media_url":"https:\/\/i0.wp.com\/www.iceagetv.com\/radiosite\/wp-content\/uploads\/2023\/01\/Des-centaines-de-dauphins-echoues.jpg?fit=680%2C340&ssl=1","jetpack_sharing_enabled":true,"_links":{"self":[{"href":"https:\/\/www.iceagetv.com\/radiosite\/wp-json\/wp\/v2\/posts\/23901","targetHints":{"allow":["GET"]}}],"collection":[{"href":"https:\/\/www.iceagetv.com\/radiosite\/wp-json\/wp\/v2\/posts"}],"about":[{"href":"https:\/\/www.iceagetv.com\/radiosite\/wp-json\/wp\/v2\/types\/post"}],"author":[{"embeddable":true,"href":"https:\/\/www.iceagetv.com\/radiosite\/wp-json\/wp\/v2\/users\/2"}],"replies":[{"embeddable":true,"href":"https:\/\/www.iceagetv.com\/radiosite\/wp-json\/wp\/v2\/comments?post=23901"}],"version-history":[{"count":1,"href":"https:\/\/www.iceagetv.com\/radiosite\/wp-json\/wp\/v2\/posts\/23901\/revisions"}],"predecessor-version":[{"id":23903,"href":"https:\/\/www.iceagetv.com\/radiosite\/wp-json\/wp\/v2\/posts\/23901\/revisions\/23903"}],"wp:featuredmedia":[{"embeddable":true,"href":"https:\/\/www.iceagetv.com\/radiosite\/wp-json\/wp\/v2\/media\/23802"}],"wp:attachment":[{"href":"https:\/\/www.iceagetv.com\/radiosite\/wp-json\/wp\/v2\/media?parent=23901"}],"wp:term":[{"taxonomy":"category","embeddable":true,"href":"https:\/\/www.iceagetv.com\/radiosite\/wp-json\/wp\/v2\/categories?post=23901"},{"taxonomy":"post_tag","embeddable":true,"href":"https:\/\/www.iceagetv.com\/radiosite\/wp-json\/wp\/v2\/tags?post=23901"}],"curies":[{"name":"wp","href":"https:\/\/api.w.org\/{rel}","templated":true}]}}