{"id":23904,"date":"2023-02-07T19:24:39","date_gmt":"2023-02-07T19:24:39","guid":{"rendered":"https:\/\/www.iceagetv.com\/radiosite\/?p=23904"},"modified":"2023-02-07T19:24:39","modified_gmt":"2023-02-07T19:24:39","slug":"turquie-le-deuxieme-seisme-un-phenomene-rare-et-imprevisible","status":"publish","type":"post","link":"https:\/\/www.iceagetv.com\/radiosite\/turquie-le-deuxieme-seisme-un-phenomene-rare-et-imprevisible\/","title":{"rendered":"Turquie : le deuxi\u00e8me s\u00e9isme, un ph\u00e9nom\u00e8ne rare et impr\u00e9visible"},"content":{"rendered":"\n<p>S\u00e9isme &#8211; Le bilan ne cesse d&rsquo;augmenter en Turquie et en Syrie et d\u00e9passe d\u00e9sormais les 6.200 morts<\/p>\n\n\n\n<p><strong>Quelques heures apr\u00e8s le premier s\u00e9isme de magnitude 7,8 qui a frapp\u00e9, lundi, la r\u00e9gion \u00e0 la fronti\u00e8re entre la Turquie et la Syrie, une seconde secousse d\u2019une intensit\u00e9 similaire s\u2019est produite. Une secousse qui a \u00e9t\u00e9 assimil\u00e9e un peu rapidement\u00a0\u00e0 une r\u00e9plique alors qu\u2019il s\u2019agit d\u2019un ph\u00e9nom\u00e8ne diff\u00e9rent et beaucoup plus rare.<\/strong><\/p>\n\n\n\n<p>Intervenue neuf heures&nbsp;<a href=\"https:\/\/www.france24.com\/fr\/moyen-orient\/20230206-en-turquie-la-question-n-est-pas-de-savoir-si-il-y-aura-un-s%C3%A9isme-mais-quand\">apr\u00e8s la secousse principale<\/a>, elle a d&rsquo;abord pris la communaut\u00e9 scientifique par surprise. Une \u00ab\u00a0r\u00e9plique\u00a0\u00bb de magnitude 7,5 a sem\u00e9 la d\u00e9vastation \u00e0 quelques dizaines de kilom\u00e8tres seulement de l&rsquo;\u00e9picentre du premier&nbsp;s\u00e9isme de magnitude 7,8, survenu lundi 6 f\u00e9vrier \u00e0 la fronti\u00e8re entre la Turquie et la Syrie.<\/p>\n\n\n\n<p>Un deuxi\u00e8me tremblement de terre d&rsquo;une telle intensit\u00e9 cadre mal avec ce que l&rsquo;on sait des r\u00e9pliques. \u00ab\u00a0Il y a une loi d&rsquo;\u00e9chelle avec les s\u00e9ismes, baptis\u00e9e loi d&rsquo;Omori qui pr\u00e9voit qu&rsquo;en cas de tremblement de terre d&rsquo;une certaine magnitude, il&nbsp;aura, pour sch\u00e9matiser, une premi\u00e8re r\u00e9plique environ dix fois plus petite, puis dix r\u00e9pliques cent fois plus petites et ainsi de suite\u00a0\u00bb, explique Christophe Vigny, sismologue au laboratoire de g\u00e9ologie de l&rsquo;\u00c9cole normale sup\u00e9rieure (ENS).<\/p>\n\n\n\n<h2 class=\"wp-block-heading\">\u00ab\u00a0S\u00e9isme d\u00e9clench\u00e9\u00a0\u00bb ou \u00ab\u00a0doublet\u00a0\u00bb&nbsp;<\/h2>\n\n\n\n<p>La deuxi\u00e8me secousse \u00e0 la fronti\u00e8re turco-syrienne d\u00e9fierait donc les lois de la sismologie de par sa violence. Sauf qu&rsquo;en r\u00e9alit\u00e9\u00a0il ne s&rsquo;agit pas d&rsquo;une r\u00e9plique. C&rsquo;est un autre ph\u00e9nom\u00e8ne, appel\u00e9 \u00ab\u00a0s\u00e9isme d\u00e9clench\u00e9\u00a0\u00bb ou encore \u00ab\u00a0doublet\u00a0\u00bb : c&rsquo;est-\u00e0-dire un deuxi\u00e8me s\u00e9isme directement provoqu\u00e9 par le premier.<\/p>\n\n\n\n<p>Ce type de tremblements de terre qui suivent la secousse principale sont \u00ab\u00a0peu fr\u00e9quents, mais ont d\u00e9j\u00e0 \u00e9t\u00e9 observ\u00e9s par le pass\u00e9\u00a0\u00bb, pr\u00e9cise le chercheur Christophe Vigny.&nbsp;<\/p>\n\n\n\n<p>La diff\u00e9rence principale avec une r\u00e9plique\u00a0est qu'\u00a0\u00bbun doublet ne se produit pas sur la m\u00eame structure g\u00e9ologique\u00a0\u00bb, souligne Thomas Lecocq, sismologue au centre de sismologie et gravim\u00e9trie de l&rsquo;Observatoire royal de Belgique. En l&rsquo;occurrence, la deuxi\u00e8me secousse a eu lieu sur une faille secondaire, un peu au nord de la faille est-anatolienne responsable du choc principal.\u00a0<\/p>\n\n\n\n<p>Avec les s\u00e9ismes d\u00e9clench\u00e9s, il n&rsquo;y a pas de r\u00e8gles comme pour les r\u00e9pliques. Ces derni\u00e8res sont des sortes d&rsquo;\u00e9chos qui s&rsquo;amenuisent au fur et \u00e0 mesure, alors que les \u00ab\u00a0doublets\u00a0\u00bb sont des chocs collat\u00e9raux qui ont leurs propres dynamiques. Rien ne les emp\u00eache donc d&rsquo;\u00eatre aussi puissants ou presque que le s\u00e9isme principal.&nbsp;<\/p>\n\n\n\n<p>Il n&rsquo;est m\u00eame pas n\u00e9cessaire que l&rsquo;\u00e9v\u00e9nement principal soit tr\u00e8s puissant pour provoquer un s\u00e9isme d\u00e9clench\u00e9. Un tremblement de terre moyen \u00ab\u00a0peut entra\u00eener un doublet. Ce qui est le plus important, c&rsquo;est que la faille secondaire soit dans un \u00e9tat proche de la rupture\u00a0\u00bb, note le sismologue belge Thomas Lecocq.&nbsp;<\/p>\n\n\n\n<p>\u00c0 ce titre, la zone o\u00f9 les s\u00e9ismes ont frapp\u00e9 \u00e9tait une bonne candidate pour un ce type de ph\u00e9nom\u00e8ne rare. Il y a, en effet, \u00ab\u00a0un patchwork important de failles&nbsp;r\u00e9put\u00e9es proches de la rupture\u00a0\u00bb, ajoute le sismologue de l&rsquo;Observatoire royal de Belgique.<\/p>\n\n\n\n<p>Il faut aussi que cette secousse collat\u00e9rale ne soit pas trop loin de l&rsquo;\u00e9picentre. \u00ab\u00a0Il n&rsquo;y a pas de r\u00e8gle pr\u00e9cise, mais on peut dire qu&rsquo;\u00e0 une distance sup\u00e9rieure \u00e0 une centaine de kilom\u00e8tres, on n&rsquo;a pas encore enregistr\u00e9 de s\u00e9isme d\u00e9clench\u00e9\u00a0\u00bb, note le chercheur de l&rsquo;ENS Christophe Vigny.&nbsp;<\/p>\n\n\n\n<p>En revanche, rien n&rsquo;indique qu&rsquo;un doublet interviendra rapidement apr\u00e8s la premi\u00e8re secousse. Il y a deux sc\u00e9narios principaux.&nbsp;\u00ab\u00a0Si le doublet a \u00e9t\u00e9 provoqu\u00e9 par les vibrations du choc, il va se d\u00e9clencher dans la foul\u00e9e du premier s\u00e9isme\u00a0\u00bb, souligne Thomas Lecocq. Mais il peut aussi y avoir des m\u00e9canismes plus complexes \u00e0 l&rsquo;\u0153uvre \u2013&nbsp;<a target=\"_blank\" href=\"https:\/\/www.researchgate.net\/publication\/228572349_The_Role_of_Fluids_in_Triggering_Earthquakes_Observations_From_Reservoir_Induced_Earthquakes_in_Brazil\" rel=\"noreferrer noopener\">notamment la circulation des fluides dans la roche<\/a>&nbsp;\u2013 qui peuvent aboutir \u00e0 \u00ab\u00a0des s\u00e9ismes d\u00e9clench\u00e9s&nbsp;survenant des mois voire des ann\u00e9es plus tard\u00a0\u00bb, souligne Christophe Vigny.&nbsp;<\/p>\n\n\n\n<p>\u00a0<\/p>\n","protected":false},"excerpt":{"rendered":"<p>S\u00e9isme &#8211; Le bilan ne cesse d&rsquo;augmenter en Turquie et en Syrie et d\u00e9passe d\u00e9sormais les 6.200 morts Quelques heures apr\u00e8s le premier s\u00e9isme de magnitude 7,8 qui a frapp\u00e9, lundi, la r\u00e9gion \u00e0 la fronti\u00e8re entre la Turquie et la Syrie, une seconde secousse d\u2019une intensit\u00e9 similaire s\u2019est produite. Une secousse qui a \u00e9t\u00e9 [&hellip;]<\/p>\n","protected":false},"author":2,"featured_media":23905,"comment_status":"open","ping_status":"open","sticky":false,"template":"","format":"standard","meta":{"_jetpack_memberships_contains_paid_content":false,"footnotes":"","jetpack_publicize_message":"","jetpack_publicize_feature_enabled":true,"jetpack_social_post_already_shared":true,"jetpack_social_options":{"image_generator_settings":{"template":"highway","default_image_id":0,"font":"","enabled":false},"version":2},"_wpas_customize_per_network":false},"categories":[405],"tags":[],"class_list":["post-23904","post","type-post","status-publish","format-standard","has-post-thumbnail","hentry","category-actu-france-monde"],"jetpack_publicize_connections":[],"jetpack_featured_media_url":"https:\/\/i0.wp.com\/www.iceagetv.com\/radiosite\/wp-content\/uploads\/2023\/02\/le-deuxieme-seisme-un-phenomene-rare-et-imprevisible.jpg?fit=679%2C293&ssl=1","jetpack_sharing_enabled":true,"_links":{"self":[{"href":"https:\/\/www.iceagetv.com\/radiosite\/wp-json\/wp\/v2\/posts\/23904","targetHints":{"allow":["GET"]}}],"collection":[{"href":"https:\/\/www.iceagetv.com\/radiosite\/wp-json\/wp\/v2\/posts"}],"about":[{"href":"https:\/\/www.iceagetv.com\/radiosite\/wp-json\/wp\/v2\/types\/post"}],"author":[{"embeddable":true,"href":"https:\/\/www.iceagetv.com\/radiosite\/wp-json\/wp\/v2\/users\/2"}],"replies":[{"embeddable":true,"href":"https:\/\/www.iceagetv.com\/radiosite\/wp-json\/wp\/v2\/comments?post=23904"}],"version-history":[{"count":1,"href":"https:\/\/www.iceagetv.com\/radiosite\/wp-json\/wp\/v2\/posts\/23904\/revisions"}],"predecessor-version":[{"id":23906,"href":"https:\/\/www.iceagetv.com\/radiosite\/wp-json\/wp\/v2\/posts\/23904\/revisions\/23906"}],"wp:featuredmedia":[{"embeddable":true,"href":"https:\/\/www.iceagetv.com\/radiosite\/wp-json\/wp\/v2\/media\/23905"}],"wp:attachment":[{"href":"https:\/\/www.iceagetv.com\/radiosite\/wp-json\/wp\/v2\/media?parent=23904"}],"wp:term":[{"taxonomy":"category","embeddable":true,"href":"https:\/\/www.iceagetv.com\/radiosite\/wp-json\/wp\/v2\/categories?post=23904"},{"taxonomy":"post_tag","embeddable":true,"href":"https:\/\/www.iceagetv.com\/radiosite\/wp-json\/wp\/v2\/tags?post=23904"}],"curies":[{"name":"wp","href":"https:\/\/api.w.org\/{rel}","templated":true}]}}