{"id":23932,"date":"2023-02-10T19:28:31","date_gmt":"2023-02-10T19:28:31","guid":{"rendered":"https:\/\/www.iceagetv.com\/radiosite\/?p=23932"},"modified":"2023-02-10T19:28:31","modified_gmt":"2023-02-10T19:28:31","slug":"ballon-a-leffigie-dolivier-dussopt-lassemblee-nationale-vote-lexclusion-de-15-jours-du-lfi-thomas-portes-cest-la-plus-lourde-sanction-possible-contre-un-depute","status":"publish","type":"post","link":"https:\/\/www.iceagetv.com\/radiosite\/ballon-a-leffigie-dolivier-dussopt-lassemblee-nationale-vote-lexclusion-de-15-jours-du-lfi-thomas-portes-cest-la-plus-lourde-sanction-possible-contre-un-depute\/","title":{"rendered":"Ballon \u00e0 l&rsquo;effigie d&rsquo;Olivier Dussopt : L&rsquo;Assembl\u00e9e Nationale vote l&rsquo;exclusion de 15 jours du LFI, Thomas Portes &#8211; C&rsquo;est la plus lourde sanction possible contre un d\u00e9put\u00e9"},"content":{"rendered":"\n<p><strong>L&rsquo;Assembl\u00e9e Nationale vote l&rsquo;exclusion de 15 jours le LFI, Thomas Portes &#8211; C&rsquo;est la plus lourde sanction possible contre un d\u00e9put\u00e9.<\/strong>\u00a0L&rsquo;Assembl\u00e9e nationale vote largement la censure avec exclusion temporaire du d\u00e9put\u00e9 Thomas Portes. Ce dernier ne pourra plus se pr\u00e9senter au Palais-Bourbon pendant quinze jours et perdra la moiti\u00e9 de son indemnit\u00e9 mensuelle.\u00a0<strong>Le bureau de l&rsquo;Assembl\u00e9e Nationale demande une exclusion de 15 jours du d\u00e9put\u00e9 LFI, Thomas Portes.\u00a0<\/strong>Le d\u00e9put\u00e9 Insoumis Thomas Portes a publi\u00e9 ce jeudi 9\u00a0f\u00e9vrier une photo sur Twitter\u00a0en interpellant le ministre du Travail. \u00ab\u00a0Monsieur le ministre\u00a0Olivier Dussopt, retirez votre r\u00e9forme des retraites\u00a0\u00bb, a-t-il partag\u00e9 en l\u00e9gende de son clich\u00e9. Sur ce dernier, on peut le voir arborant une \u00e9charpe tricolore, mains dans les poches et le pied pos\u00e9 sur un ballon de football \u00e0 l&rsquo;effigie d&rsquo;Olivier Dussopt.<\/p>\n\n\n\n<p><strong>Il y a quelques minutes, \u00e0 l&rsquo;Assembl\u00e9e Nationale, Thomas Portes a tent\u00e9 de prendre la parole, mais la tension est rapidement mont\u00e9e d&rsquo;un cran. La majorit\u00e9 n&rsquo;a en effet pas cach\u00e9 sa col\u00e8re envers le d\u00e9put\u00e9 LFI qui a r\u00e9cemment post\u00e9 des photos et vid\u00e9os de lui jouant avec un ballon sur lequel \u00e9tait coll\u00e9e une photo d&rsquo;Olivier Dussopt.<\/strong><\/p>\n\n\n\n<p>Face \u00e0 la col\u00e8re dans l&rsquo;h\u00e9micycle, Thomas Portes a simplement d\u00e9clar\u00e9: \u00ab\u00a0Calmez-vous coll\u00e8gues, il n&rsquo;y a pas de ballon ici!\u00a0\u00bb.<\/p>\n\n\n\n<p>\u00ab\u00a0Ne soyez pas \u00e9tonn\u00e9\u00a0\u00bb, a \u00e9galement d\u00e9clar\u00e9&nbsp;Ya\u00ebl Braun-Pivet, la pr\u00e9sidente de l&rsquo;Assembl\u00e9e Nationale. Et d&rsquo;ajouter; \u00ab\u00a0Je crois que l&rsquo;h\u00e9micycle vous demande des excuses\u00a0\u00bb.<\/p>\n\n\n\n<p>Une r\u00e9flexion qui est rest\u00e9e sans r\u00e9ponse de la part de Thomas Porte.<\/p>\n\n\n\n<p>Si la majorit\u00e9 a applaudi cette demande, les d\u00e9put\u00e9s de la France Insoumise n&rsquo;ont pas h\u00e9sit\u00e9 \u00e0 huer et manifester leur col\u00e8re.<\/p>\n\n\n\n<p>La pr\u00e9sidente du groupe LFI Mathilde Panot a d&rsquo;ailleurs d\u00e9nonc\u00e9 \u00ab\u00a0l&rsquo;impartialit\u00e9\u00a0\u00bb de&nbsp;&nbsp;Ya\u00ebl Braun-Pivet, a demand\u00e9 une suspension de s\u00e9ance.<\/p>\n","protected":false},"excerpt":{"rendered":"<p>L&rsquo;Assembl\u00e9e Nationale vote l&rsquo;exclusion de 15 jours le LFI, Thomas Portes &#8211; C&rsquo;est la plus lourde sanction possible contre un d\u00e9put\u00e9.\u00a0L&rsquo;Assembl\u00e9e nationale vote largement la censure avec exclusion temporaire du d\u00e9put\u00e9 Thomas Portes. Ce dernier ne pourra plus se pr\u00e9senter au Palais-Bourbon pendant quinze jours et perdra la moiti\u00e9 de son indemnit\u00e9 mensuelle.\u00a0Le bureau de [&hellip;]<\/p>\n","protected":false},"author":2,"featured_media":23933,"comment_status":"open","ping_status":"open","sticky":false,"template":"","format":"standard","meta":{"_jetpack_memberships_contains_paid_content":false,"footnotes":"","jetpack_publicize_message":"","jetpack_publicize_feature_enabled":true,"jetpack_social_post_already_shared":true,"jetpack_social_options":{"image_generator_settings":{"template":"highway","default_image_id":0,"font":"","enabled":false},"version":2},"_wpas_customize_per_network":false},"categories":[405],"tags":[],"class_list":["post-23932","post","type-post","status-publish","format-standard","has-post-thumbnail","hentry","category-actu-france-monde"],"jetpack_publicize_connections":[],"jetpack_featured_media_url":"https:\/\/i0.wp.com\/www.iceagetv.com\/radiosite\/wp-content\/uploads\/2023\/02\/Ballon-a-leffigie-dOlivier-Dussopt.jpg?fit=679%2C293&ssl=1","jetpack_sharing_enabled":true,"_links":{"self":[{"href":"https:\/\/www.iceagetv.com\/radiosite\/wp-json\/wp\/v2\/posts\/23932","targetHints":{"allow":["GET"]}}],"collection":[{"href":"https:\/\/www.iceagetv.com\/radiosite\/wp-json\/wp\/v2\/posts"}],"about":[{"href":"https:\/\/www.iceagetv.com\/radiosite\/wp-json\/wp\/v2\/types\/post"}],"author":[{"embeddable":true,"href":"https:\/\/www.iceagetv.com\/radiosite\/wp-json\/wp\/v2\/users\/2"}],"replies":[{"embeddable":true,"href":"https:\/\/www.iceagetv.com\/radiosite\/wp-json\/wp\/v2\/comments?post=23932"}],"version-history":[{"count":1,"href":"https:\/\/www.iceagetv.com\/radiosite\/wp-json\/wp\/v2\/posts\/23932\/revisions"}],"predecessor-version":[{"id":23934,"href":"https:\/\/www.iceagetv.com\/radiosite\/wp-json\/wp\/v2\/posts\/23932\/revisions\/23934"}],"wp:featuredmedia":[{"embeddable":true,"href":"https:\/\/www.iceagetv.com\/radiosite\/wp-json\/wp\/v2\/media\/23933"}],"wp:attachment":[{"href":"https:\/\/www.iceagetv.com\/radiosite\/wp-json\/wp\/v2\/media?parent=23932"}],"wp:term":[{"taxonomy":"category","embeddable":true,"href":"https:\/\/www.iceagetv.com\/radiosite\/wp-json\/wp\/v2\/categories?post=23932"},{"taxonomy":"post_tag","embeddable":true,"href":"https:\/\/www.iceagetv.com\/radiosite\/wp-json\/wp\/v2\/tags?post=23932"}],"curies":[{"name":"wp","href":"https:\/\/api.w.org\/{rel}","templated":true}]}}