{"id":23944,"date":"2023-02-11T07:59:34","date_gmt":"2023-02-11T07:59:34","guid":{"rendered":"https:\/\/www.iceagetv.com\/radiosite\/?p=23944"},"modified":"2023-02-11T07:59:34","modified_gmt":"2023-02-11T07:59:34","slug":"ce-matin-pierre-palmade-est-toujours-hospitalise-dans-un-etat-grave-mais-il-est-conscient-les-trois-autres-personnes-impliquees-dans-laccident-sont-toujours-entre-la-vie-et-la-mort","status":"publish","type":"post","link":"https:\/\/www.iceagetv.com\/radiosite\/ce-matin-pierre-palmade-est-toujours-hospitalise-dans-un-etat-grave-mais-il-est-conscient-les-trois-autres-personnes-impliquees-dans-laccident-sont-toujours-entre-la-vie-et-la-mort\/","title":{"rendered":"Ce matin, Pierre Palmade est toujours hospitalis\u00e9 dans un \u00e9tat grave mais il est conscient. Les trois autres personnes impliqu\u00e9es dans l&rsquo;accident sont toujours entre la vie et la mort."},"content":{"rendered":"\n<p><strong>Ce matin, Pierre Palmade est toujours dans un \u00e9tat grave mais il est conscient. Les trois autres personnes impliqu\u00e9es dans l&rsquo;accident sont toujours entre la vie et la mort.&nbsp;<\/strong>Humoriste vedette au parcours tumultueux, Pierre Palmade a \u00e9t\u00e9 tr\u00e8s gri\u00e8vement bless\u00e9 vendredi soir en r\u00e9gion parisienne lors d&rsquo;un accident de la route, et son pronostic vital \u00e9tait engag\u00e9, comme celui de trois autres personnes. En d\u00e9but de soir\u00e9e, le com\u00e9dien et metteur en sc\u00e8ne, \u00e2g\u00e9 de 54 ans, se trouvait au volant de son v\u00e9hicule sur une route d\u00e9partementale de Seine-et-Marne, \u00e0 proximit\u00e9 de la for\u00eat de Fontainebleau, lorsque l&rsquo;accident a eu lieu.<\/p>\n\n\n\n<p>\u00ab\u00a0On a un accident principal avec le v\u00e9hicule conduit par Pierre Palmade et le v\u00e9hicule arrivant en face\u00a0\u00bb, avec \u00e0 son bord une famille, a relat\u00e9 le parquet de Melun, contact\u00e9 par l&rsquo;AFP, confirmant une information du JDD. En plus de cette collision, un troisi\u00e8me \u00ab\u00a0v\u00e9hicule arrive et va percuter le v\u00e9hicule de la famille par l&rsquo;arri\u00e8re\u00a0\u00bb, a ajout\u00e9 le parquet. Le pronostic vital de l&rsquo;acteur est engag\u00e9, selon une source proche du dossier.<\/p>\n\n\n\n<p>\u00ab\u00a0Parmi les cinq victimes, trois ont d\u00fb \u00eatre d\u00e9sincarc\u00e9r\u00e9es de leur v\u00e9hicule, dont Pierre Palmade\u00a0\u00bb, d&rsquo;apr\u00e8s cette m\u00eame source. Le com\u00e9dien a \u00e9t\u00e9 transport\u00e9 par h\u00e9licopt\u00e8re \u00e0 l&rsquo;h\u00f4pital, de m\u00eame qu&rsquo;une femme enceinte et un homme qui se trouvaient dans le deuxi\u00e8me v\u00e9hicule. Leur pronostic vital, et celui d&rsquo;un enfant de six ans qui se trouvait aussi dans le deuxi\u00e8me v\u00e9hicule et a \u00e9t\u00e9 \u00e9vacu\u00e9 par la route, sont engag\u00e9s.<\/p>\n\n\n\n<p>Un homme de 80 ans, l\u00e9g\u00e8rement bless\u00e9, se trouvait dans le troisi\u00e8me v\u00e9hicule. Les faits ont eu lieu sur la D372, dans le sud du d\u00e9partement de la Seine-et-Marne, entre Villiers-en-Bi\u00e8re et Perthes. La pr\u00e9fecture de Seine-et-Marne a \u00e9voqu\u00e9 \u00e0 l&rsquo;AFP une collision avec \u00ab\u00a0une forte cin\u00e9tique\u00a0\u00bb.<\/p>\n\n\n\n<p>Une enqu\u00eate, ouverte pour \u00ab\u00a0blessures involontaires par conducteur ayant entra\u00een\u00e9 une incapacit\u00e9 de travail sup\u00e9rieure \u00e0 trois mois\u00a0\u00bb, a \u00e9t\u00e9 confi\u00e9e au commissariat de Melun Val-de-Seine, a pr\u00e9cis\u00e9 le parquet.<\/p>\n","protected":false},"excerpt":{"rendered":"<p>Ce matin, Pierre Palmade est toujours dans un \u00e9tat grave mais il est conscient. Les trois autres personnes impliqu\u00e9es dans l&rsquo;accident sont toujours entre la vie et la mort.&nbsp;Humoriste vedette au parcours tumultueux, Pierre Palmade a \u00e9t\u00e9 tr\u00e8s gri\u00e8vement bless\u00e9 vendredi soir en r\u00e9gion parisienne lors d&rsquo;un accident de la route, et son pronostic vital [&hellip;]<\/p>\n","protected":false},"author":2,"featured_media":23945,"comment_status":"open","ping_status":"open","sticky":false,"template":"","format":"standard","meta":{"_jetpack_memberships_contains_paid_content":false,"footnotes":"","jetpack_publicize_message":"","jetpack_publicize_feature_enabled":true,"jetpack_social_post_already_shared":true,"jetpack_social_options":{"image_generator_settings":{"template":"highway","default_image_id":0,"font":"","enabled":false},"version":2},"_wpas_customize_per_network":false},"categories":[68],"tags":[],"class_list":["post-23944","post","type-post","status-publish","format-standard","has-post-thumbnail","hentry","category-actu-culturelle"],"jetpack_publicize_connections":[],"jetpack_featured_media_url":"https:\/\/i0.wp.com\/www.iceagetv.com\/radiosite\/wp-content\/uploads\/2023\/02\/Pierre-Palmade-est-toujours-hospitalise.jpg?fit=679%2C293&ssl=1","jetpack_sharing_enabled":true,"_links":{"self":[{"href":"https:\/\/www.iceagetv.com\/radiosite\/wp-json\/wp\/v2\/posts\/23944","targetHints":{"allow":["GET"]}}],"collection":[{"href":"https:\/\/www.iceagetv.com\/radiosite\/wp-json\/wp\/v2\/posts"}],"about":[{"href":"https:\/\/www.iceagetv.com\/radiosite\/wp-json\/wp\/v2\/types\/post"}],"author":[{"embeddable":true,"href":"https:\/\/www.iceagetv.com\/radiosite\/wp-json\/wp\/v2\/users\/2"}],"replies":[{"embeddable":true,"href":"https:\/\/www.iceagetv.com\/radiosite\/wp-json\/wp\/v2\/comments?post=23944"}],"version-history":[{"count":1,"href":"https:\/\/www.iceagetv.com\/radiosite\/wp-json\/wp\/v2\/posts\/23944\/revisions"}],"predecessor-version":[{"id":23946,"href":"https:\/\/www.iceagetv.com\/radiosite\/wp-json\/wp\/v2\/posts\/23944\/revisions\/23946"}],"wp:featuredmedia":[{"embeddable":true,"href":"https:\/\/www.iceagetv.com\/radiosite\/wp-json\/wp\/v2\/media\/23945"}],"wp:attachment":[{"href":"https:\/\/www.iceagetv.com\/radiosite\/wp-json\/wp\/v2\/media?parent=23944"}],"wp:term":[{"taxonomy":"category","embeddable":true,"href":"https:\/\/www.iceagetv.com\/radiosite\/wp-json\/wp\/v2\/categories?post=23944"},{"taxonomy":"post_tag","embeddable":true,"href":"https:\/\/www.iceagetv.com\/radiosite\/wp-json\/wp\/v2\/tags?post=23944"}],"curies":[{"name":"wp","href":"https:\/\/api.w.org\/{rel}","templated":true}]}}