{"id":23947,"date":"2023-02-11T15:23:53","date_gmt":"2023-02-11T15:23:53","guid":{"rendered":"https:\/\/www.iceagetv.com\/radiosite\/?p=23947"},"modified":"2023-02-11T15:23:53","modified_gmt":"2023-02-11T15:23:53","slug":"accident-de-pierre-palmade-la-femme-enceinte-blessee-a-perdu-son-bebe","status":"publish","type":"post","link":"https:\/\/www.iceagetv.com\/radiosite\/accident-de-pierre-palmade-la-femme-enceinte-blessee-a-perdu-son-bebe\/","title":{"rendered":"ACCIDENT DE PIERRE PALMADE: LA FEMME ENCEINTE BLESS\u00c9E A PERDU SON B\u00c9B\u00c9"},"content":{"rendered":"\n<p>L&rsquo;enqu\u00eate ouverte pour blessures involontaires a \u00e9t\u00e9 requalifi\u00e9e en \u00ab\u00a0homicide et blessures involontaires par conducteur ayant entra\u00een\u00e9 une incapacit\u00e9 totale de travail sup\u00e9rieure \u00e0 trois mois\u00a0\u00bb.<\/p>\n\n\n\n<p>Au lendemain d&rsquo;un important accident de la circulation \u00e0 Villiers-en-Bi\u00e8re (Seine-et-Marne), au cours duquel&nbsp;<a href=\"https:\/\/www.bfmtv.com\/police-justice\/pierre-palmade-gravement-blesse-ce-que-l-on-sait-des-circonstances-de-l-accident-de-la-route_AV-202302110144.html\">Pierre Palmade<\/a>&nbsp;a \u00e9t\u00e9 gravement bless\u00e9, la femme enceinte, qui se trouvait dans la voiture percut\u00e9e par celle du com\u00e9dien, a perdu son enfant, a-t-on appris ce samedi dans un communiqu\u00e9 du procureur de la R\u00e9publique Jean-Michel Bourles.<\/p>\n\n\n\n<p>Selon les premi\u00e8res investigations, il r\u00e9sulte qu\u2019un v\u00e9hicule conduit par l\u2019humoriste \u00ab\u00a0serait venu percuter de face un v\u00e9hicule circulant en sens inverse qui transportait un homme et une femme enceinte, ainsi qu\u2019un enfant \u00e2g\u00e9 de 6 ans\u00a0\u00bb, toujours selon la m\u00eame source. Un troisi\u00e8me v\u00e9hicule \u00ab\u00a0serait venu percuter celui de cette famille, dans le cadre d\u2019un sur-accident\u00a0\u00bb.<\/p>\n\n\n\n<p>Les trois passagers du v\u00e9hicule percut\u00e9 sont toujours hospitalis\u00e9s ce samedi. Selon nos informations, le pronostic vital de la femme n&rsquo;est plus engag\u00e9, mais ceux de l&rsquo;homme et du gar\u00e7on oui. Le conducteur du troisi\u00e8me v\u00e9hicule a \u00e9t\u00e9 bless\u00e9 plus l\u00e9g\u00e8rement et pris en charge sur place par les secours.<\/p>\n\n\n\n<h2 class=\"wp-block-heading\">L&rsquo;enqu\u00eate requalifi\u00e9e<\/h2>\n\n\n\n<p>L&rsquo;enqu\u00eate, confi\u00e9e au commissariat de police de Melun, est donc d\u00e9sormais ouverte pour \u00ab\u00a0homicide et blessures involontaires par conducteur ayant entra\u00een\u00e9 une incapacit\u00e9 totale de travail sup\u00e9rieure \u00e0 trois mois\u00a0\u00bb.<\/p>\n","protected":false},"excerpt":{"rendered":"<p>L&rsquo;enqu\u00eate ouverte pour blessures involontaires a \u00e9t\u00e9 requalifi\u00e9e en \u00ab\u00a0homicide et blessures involontaires par conducteur ayant entra\u00een\u00e9 une incapacit\u00e9 totale de travail sup\u00e9rieure \u00e0 trois mois\u00a0\u00bb. Au lendemain d&rsquo;un important accident de la circulation \u00e0 Villiers-en-Bi\u00e8re (Seine-et-Marne), au cours duquel&nbsp;Pierre Palmade&nbsp;a \u00e9t\u00e9 gravement bless\u00e9, la femme enceinte, qui se trouvait dans la voiture percut\u00e9e par [&hellip;]<\/p>\n","protected":false},"author":2,"featured_media":23948,"comment_status":"open","ping_status":"open","sticky":false,"template":"","format":"standard","meta":{"_jetpack_memberships_contains_paid_content":false,"footnotes":"","jetpack_publicize_message":"","jetpack_publicize_feature_enabled":true,"jetpack_social_post_already_shared":true,"jetpack_social_options":{"image_generator_settings":{"template":"highway","default_image_id":0,"font":"","enabled":false},"version":2},"_wpas_customize_per_network":false},"categories":[405],"tags":[],"class_list":["post-23947","post","type-post","status-publish","format-standard","has-post-thumbnail","hentry","category-actu-france-monde"],"jetpack_publicize_connections":[],"jetpack_featured_media_url":"https:\/\/i0.wp.com\/www.iceagetv.com\/radiosite\/wp-content\/uploads\/2023\/02\/ACCIDENT-DE-PIERRE-PALMADE.jpg?fit=500%2C261&ssl=1","jetpack_sharing_enabled":true,"_links":{"self":[{"href":"https:\/\/www.iceagetv.com\/radiosite\/wp-json\/wp\/v2\/posts\/23947","targetHints":{"allow":["GET"]}}],"collection":[{"href":"https:\/\/www.iceagetv.com\/radiosite\/wp-json\/wp\/v2\/posts"}],"about":[{"href":"https:\/\/www.iceagetv.com\/radiosite\/wp-json\/wp\/v2\/types\/post"}],"author":[{"embeddable":true,"href":"https:\/\/www.iceagetv.com\/radiosite\/wp-json\/wp\/v2\/users\/2"}],"replies":[{"embeddable":true,"href":"https:\/\/www.iceagetv.com\/radiosite\/wp-json\/wp\/v2\/comments?post=23947"}],"version-history":[{"count":1,"href":"https:\/\/www.iceagetv.com\/radiosite\/wp-json\/wp\/v2\/posts\/23947\/revisions"}],"predecessor-version":[{"id":23949,"href":"https:\/\/www.iceagetv.com\/radiosite\/wp-json\/wp\/v2\/posts\/23947\/revisions\/23949"}],"wp:featuredmedia":[{"embeddable":true,"href":"https:\/\/www.iceagetv.com\/radiosite\/wp-json\/wp\/v2\/media\/23948"}],"wp:attachment":[{"href":"https:\/\/www.iceagetv.com\/radiosite\/wp-json\/wp\/v2\/media?parent=23947"}],"wp:term":[{"taxonomy":"category","embeddable":true,"href":"https:\/\/www.iceagetv.com\/radiosite\/wp-json\/wp\/v2\/categories?post=23947"},{"taxonomy":"post_tag","embeddable":true,"href":"https:\/\/www.iceagetv.com\/radiosite\/wp-json\/wp\/v2\/tags?post=23947"}],"curies":[{"name":"wp","href":"https:\/\/api.w.org\/{rel}","templated":true}]}}