{"id":23972,"date":"2023-02-13T19:29:05","date_gmt":"2023-02-13T19:29:05","guid":{"rendered":"https:\/\/www.iceagetv.com\/radiosite\/?p=23972"},"modified":"2023-02-13T19:29:05","modified_gmt":"2023-02-13T19:29:05","slug":"olivier-dussopt-traite-dassassin-a-lassemblee-le-depute-lfi-aurelien-saintoul-sanctionne-dun-rappel-a-lordre-avec-inscription-au-proces-verbal","status":"publish","type":"post","link":"https:\/\/www.iceagetv.com\/radiosite\/olivier-dussopt-traite-dassassin-a-lassemblee-le-depute-lfi-aurelien-saintoul-sanctionne-dun-rappel-a-lordre-avec-inscription-au-proces-verbal\/","title":{"rendered":"Olivier Dussopt trait\u00e9 d'\u00a0\u00bbassassin\u00a0\u00bb \u00e0 l&rsquo;Assembl\u00e9e : le d\u00e9put\u00e9 LFI Aur\u00e9lien Saintoul sanctionn\u00e9 d&rsquo;un \u00ab\u00a0rappel \u00e0 l&rsquo;ordre avec inscription au proc\u00e8s verbal\u00a0\u00bb"},"content":{"rendered":"\n<p>Le vice-pr\u00e9sident de l&rsquo;Assembl\u00e9e nationale et d\u00e9put\u00e9 RN, S\u00e9bastien Chenu, a bri\u00e8vement suspendu la s\u00e9ance d&rsquo;examen du texte de la r\u00e9forme des retraites, lundi 13 f\u00e9vrier, apr\u00e8s que le d\u00e9put\u00e9&nbsp;<a href=\"https:\/\/www.francetvinfo.fr\/economie\/retraite\/reforme-des-retraites\/reforme-des-retraites-le-depute-lfi-aurelien-saintoul-traite-olivier-dussopt-d-imposteur-et-d-assassin-provoquant-une-interruption-de-seance-a-l-assemblee_5657015.html\">Aur\u00e9lien Saintoul a accus\u00e9 le ministre du Travail<\/a>, Olivier Dussopt, d&rsquo;\u00eatre&nbsp;<em>\u00ab\u00a0un imposteur et un assassin\u00a0\u00bb<\/em>. Le parlementaire LFI des Hauts-de-Seine lui a reproch\u00e9 d&rsquo;avoir menti sur l&rsquo;\u00e9volution du nombre de morts au travail lors du quinquennat pr\u00e9c\u00e9dent.<\/p>\n\n\n\n<p><em>\u00ab\u00a0J&rsquo;ai eu, il y a quelques instants \u00e0 ce micro, des mots que l&rsquo;\u00e9motion et l&#8217;emportement m&rsquo;ont fait mal choisir et qui sont d\u00e9plac\u00e9s. Je souhaite \u00e9videmment les retirer et adresser des excuses publiques au ministre\u00a0\u00bb,<\/em>&nbsp;a d\u00e9clar\u00e9 l&rsquo;\u00e9lu insoumis, une fois la s\u00e9ance reprise. Le d\u00e9put\u00e9 a \u00e9t\u00e9 sanctionn\u00e9 d&rsquo;un&nbsp;<em>\u00ab\u00a0rappel \u00e0 l&rsquo;ordre avec inscription au proc\u00e8s-verbal\u00a0\u00bb<\/em>, a annonc\u00e9 S\u00e9bastien Chenu.&nbsp;Suivez notre direct.<\/p>\n\n\n\n<p><strong>&nbsp;Retour \u00e0 l&rsquo;Assembl\u00e9e nationale.<\/strong>&nbsp;Les d\u00e9put\u00e9s ont repris l&rsquo;examen du texte d\u00e9j\u00e0 \u00e2prement d\u00e9battu la semaine derni\u00e8re. Alors que pr\u00e8s de 16 000 amendements restent \u00e0 \u00e9tudier, tr\u00e8s majoritairement d\u00e9pos\u00e9s par la Nupes, plusieurs ministres ont d\u00e9nonc\u00e9 l&rsquo;attitude de La France insoumise et demandent le retrait de ses milliers d&rsquo;amendements&nbsp;<em>\u00ab\u00a0qui ne servent pas le d\u00e9bat d\u00e9mocratique\u00a0\u00bb<\/em>.&nbsp;<em>\u00ab\u00a0Nous sommes face \u00e0 une obstruction syst\u00e9matique de la coalition autour de La France insoumise\u00a0\u00bb<\/em>, a estim\u00e9 sur franceinfo Olivier Dussopt, ministre du Travail.&nbsp;<\/p>\n\n\n\n<p><strong>&nbsp;Des amendements retir\u00e9s pour parvenir \u00e0 examiner l&rsquo;article 7 ?<\/strong>&nbsp;Les d\u00e9put\u00e9s atteindront-ils au moins l&rsquo;article 7, qui contient la mesure phare sur le report de l&rsquo;\u00e2ge l\u00e9gal de d\u00e9part \u00e0 64 ans ? C&rsquo;est ce que r\u00e9clament en ch\u0153ur les syndicats. Dimanche, le secr\u00e9taire g\u00e9n\u00e9ral de la CFDT, Laurent Berger, a d\u00e9nonc\u00e9 sur&nbsp;<a href=\"https:\/\/www.rtl.fr\/actu\/politique\/invite-rtl-reforme-des-retraites-les-debats-a-l-assemblee-on-aurait-dit-le-plateau-d-hanouna-lance-laurent-berger-7900235359\" target=\"_blank\" rel=\"noreferrer noopener\">RTL<\/a>&nbsp;la<em>&nbsp;\u00ab\u00a0connerie\u00a0\u00bb&nbsp;<\/em>de l&rsquo;obstruction, visant La France insoumise \u00e0 l&rsquo;origine de la grande majorit\u00e9 des amendements d\u00e9pos\u00e9s. Lundi matin, plusieurs d\u00e9put\u00e9s LFI ont assur\u00e9 \u00e0 franceinfo que les amendements du groupe ne seraient pas massivement retir\u00e9s avant mardi.&nbsp;<\/p>\n\n\n\n<p><strong>&nbsp;La CGT appelle les salari\u00e9s des transports et de l&rsquo;industrie \u00e0 faire gr\u00e8ve jeudi.&nbsp;<\/strong>La nouvelle journ\u00e9e de mobilisation de jeudi se pr\u00e9cise. La CGT a appel\u00e9 lundi cheminots, dockers, \u00e9lectriciens, gaziers, salari\u00e9s de la chimie et du verre \u00e0 faire gr\u00e8ve jeudi 16 f\u00e9vrier, lors de la cinqui\u00e8me journ\u00e9e de mobilisation nationale contre&nbsp;<a href=\"https:\/\/www.francetvinfo.fr\/economie\/retraite\/reforme-des-retraites\/reforme-des-retraites-ces-strategies-pour-mettre-la-france-a-l-arret-elaborees-par-les-syndicats-avant-le-7-mars_5656301.html\" target=\"_blank\" rel=\"noreferrer noopener\">la r\u00e9forme des retraites<\/a>.<\/p>\n","protected":false},"excerpt":{"rendered":"<p>Le vice-pr\u00e9sident de l&rsquo;Assembl\u00e9e nationale et d\u00e9put\u00e9 RN, S\u00e9bastien Chenu, a bri\u00e8vement suspendu la s\u00e9ance d&rsquo;examen du texte de la r\u00e9forme des retraites, lundi 13 f\u00e9vrier, apr\u00e8s que le d\u00e9put\u00e9&nbsp;Aur\u00e9lien Saintoul a accus\u00e9 le ministre du Travail, Olivier Dussopt, d&rsquo;\u00eatre&nbsp;\u00ab\u00a0un imposteur et un assassin\u00a0\u00bb. Le parlementaire LFI des Hauts-de-Seine lui a reproch\u00e9 d&rsquo;avoir menti sur [&hellip;]<\/p>\n","protected":false},"author":2,"featured_media":23973,"comment_status":"open","ping_status":"open","sticky":false,"template":"","format":"standard","meta":{"_jetpack_memberships_contains_paid_content":false,"footnotes":"","jetpack_publicize_message":"","jetpack_publicize_feature_enabled":true,"jetpack_social_post_already_shared":true,"jetpack_social_options":{"image_generator_settings":{"template":"highway","default_image_id":0,"font":"","enabled":false},"version":2},"_wpas_customize_per_network":false},"categories":[405],"tags":[],"class_list":["post-23972","post","type-post","status-publish","format-standard","has-post-thumbnail","hentry","category-actu-france-monde"],"jetpack_publicize_connections":[],"jetpack_featured_media_url":"https:\/\/i0.wp.com\/www.iceagetv.com\/radiosite\/wp-content\/uploads\/2023\/02\/Olivier-Dussopt.jpg?fit=680%2C383&ssl=1","jetpack_sharing_enabled":true,"_links":{"self":[{"href":"https:\/\/www.iceagetv.com\/radiosite\/wp-json\/wp\/v2\/posts\/23972","targetHints":{"allow":["GET"]}}],"collection":[{"href":"https:\/\/www.iceagetv.com\/radiosite\/wp-json\/wp\/v2\/posts"}],"about":[{"href":"https:\/\/www.iceagetv.com\/radiosite\/wp-json\/wp\/v2\/types\/post"}],"author":[{"embeddable":true,"href":"https:\/\/www.iceagetv.com\/radiosite\/wp-json\/wp\/v2\/users\/2"}],"replies":[{"embeddable":true,"href":"https:\/\/www.iceagetv.com\/radiosite\/wp-json\/wp\/v2\/comments?post=23972"}],"version-history":[{"count":1,"href":"https:\/\/www.iceagetv.com\/radiosite\/wp-json\/wp\/v2\/posts\/23972\/revisions"}],"predecessor-version":[{"id":23974,"href":"https:\/\/www.iceagetv.com\/radiosite\/wp-json\/wp\/v2\/posts\/23972\/revisions\/23974"}],"wp:featuredmedia":[{"embeddable":true,"href":"https:\/\/www.iceagetv.com\/radiosite\/wp-json\/wp\/v2\/media\/23973"}],"wp:attachment":[{"href":"https:\/\/www.iceagetv.com\/radiosite\/wp-json\/wp\/v2\/media?parent=23972"}],"wp:term":[{"taxonomy":"category","embeddable":true,"href":"https:\/\/www.iceagetv.com\/radiosite\/wp-json\/wp\/v2\/categories?post=23972"},{"taxonomy":"post_tag","embeddable":true,"href":"https:\/\/www.iceagetv.com\/radiosite\/wp-json\/wp\/v2\/tags?post=23972"}],"curies":[{"name":"wp","href":"https:\/\/api.w.org\/{rel}","templated":true}]}}