{"id":23975,"date":"2023-02-14T16:43:08","date_gmt":"2023-02-14T16:43:08","guid":{"rendered":"https:\/\/www.iceagetv.com\/radiosite\/?p=23975"},"modified":"2023-02-14T16:43:08","modified_gmt":"2023-02-14T16:43:08","slug":"pierre-palmade-le-bebe-decede-de-la-mere-enceinte-serait-ne-vivant-le-conducteur-et-son-fils-de-6-ans-sont-en-reanimation-lenfant-serait-defigure-la-famille-est-insensible-aux-excuses","status":"publish","type":"post","link":"https:\/\/www.iceagetv.com\/radiosite\/pierre-palmade-le-bebe-decede-de-la-mere-enceinte-serait-ne-vivant-le-conducteur-et-son-fils-de-6-ans-sont-en-reanimation-lenfant-serait-defigure-la-famille-est-insensible-aux-excuses\/","title":{"rendered":"Pierre Palmade &#8211; \u00ab\u00a0Le b\u00e9b\u00e9 d\u00e9c\u00e9d\u00e9 de la m\u00e8re enceinte serait n\u00e9 vivant. Le conducteur et son fils de 6 ans sont en r\u00e9animation. L&rsquo;enfant serait d\u00e9figur\u00e9. La famille est insensible aux excuses"},"content":{"rendered":"\n<p><strong>L&rsquo;avocat des victimes, Me Mourad Battikh, prend la parole pour la premi\u00e8re fois :<\/strong><\/p>\n\n\n\n<p>\u00ab\u00a0Les victimes souhaitent conserver l&rsquo;anonymat et je ne donnerai ni leur nom, ni leur pr\u00e9nom. Nous avons pris acte du communiqu\u00e9 de l&rsquo;avocate de Pierre Palmade. Les seules victimes dans ce dossier sont mes clients. La voiture de Pierre Palmade a quitt\u00e9 sa voix de circulation pour aller heurter un v\u00e9hicule en face. La passag\u00e8re remercie tous ceux qui l&rsquo;ont aid\u00e9e et les Fran\u00e7ais qui lui t\u00e9moignent beaucoup d&rsquo;amour. Le conducteur \u00e9tait attentionn\u00e9 et respectueux du code de la route et avaient attach\u00e9 les ceintures de s\u00e9curit\u00e9.<\/p>\n\n\n\n<p>La passag\u00e8re se souvient des phares arrivant de face, puis du coup de volant donn\u00e9 par le conducteur pour \u00e9viter le v\u00e9hicule qui leur fon\u00e7ait dessus et enfin \u00eatre sorti du v\u00e9hicule mais s&rsquo;\u00eatre effondr\u00e9 en hurlant \u00ab\u00a0mon b\u00e9b\u00e9, mon b\u00e9b\u00e9 !\u00a0\u00bb. Elle devait accoucher le 14 mai. Je vous demande \u00e0 vous les m\u00e9dias de ne pas essayer d&rsquo;entrer en contact avec elle.&nbsp;Le conducteur et son fils de 6 ans sont toujours en r\u00e9animation. L&rsquo;enfant serait d\u00e9figur\u00e9.<\/p>\n\n\n\n<p>Le b\u00e9b\u00e9 de la m\u00e8re enceinte serait n\u00e9 vivant mais nous attendons confirmation. La famille est insensible aux excuses de Pierre Palmade car les cons\u00e9quences sont sans fin, d&rsquo;autant plus que Pierre Palmade n&rsquo;a pas l&rsquo;excuse de la jeunesse.\u00a0\u00bb<\/p>\n\n\n\n<p><strong>La s\u0153ur de Pierre Palmade a indiqu\u00e9 \u00e0 l&rsquo;AFP que&nbsp;son fr\u00e8re avait \u00ab\u00a0honte\u00a0\u00bb et \u00ab\u00a0assumera toutes les cons\u00e9quences de ses actes\u00a0\u00bb. \u00ab\u00a0Il se r\u00e9veille peu \u00e0 peu et r\u00e9alise l&rsquo;horreur de ce qui s&rsquo;est pass\u00e9, de ce qu&rsquo;il a caus\u00e9. Il est catastroph\u00e9, il a honte\u00a0\u00bb, a d\u00e9clar\u00e9 H\u00e9l\u00e8ne Palmade, qui a pu le voir \u00e0 l&rsquo;h\u00f4pital. \u00ab\u00a0Il assumera toutes les cons\u00e9quences de ses actes avec la conscience terrible qu&rsquo;il ne pourra jamais r\u00e9parer le mal qu&rsquo;il a fait\u00a0\u00bb, a-t-elle ajout\u00e9.&nbsp;<\/strong><strong>Avant d<\/strong><strong>&lsquo;indiquer que l&rsquo;humoriste demande \u00ab\u00a0pardon\u00a0\u00bb aux victimes \u00ab\u00a0du plus profond de son \u00e2me\u00a0\u00bb.<\/strong><\/p>\n\n\n\n<p><strong>\u00ab\u00a0L&rsquo;id\u00e9e d&rsquo;avoir d\u00e9truit la vie de cette famille le d\u00e9vaste. Il prie, et nous avec lui, pour que [que les victimes] s&rsquo;en sortent avec le moins de s\u00e9quelles possibles.\u00a0\u00bb.<\/strong><\/p>\n\n\n\n<p>L&rsquo;accident impliquant Pierre&nbsp;Palmade&nbsp;a eu lieu vendredi vers 19h00, sur la D372 au niveau de Villiers-en-Bi\u00e8re, dans le sud de la Seine-et-Marne. La voiture de l&rsquo;humoriste vedette, qui conduisait sous l&#8217;emprise de la coca\u00efne, est entr\u00e9e en collision avec un autre v\u00e9hicule qui venait en face. &nbsp;&nbsp;<\/p>\n\n\n\n<p>Outre Pierre&nbsp;Palmade, trois personnes ont \u00e9t\u00e9 gravement bless\u00e9es, dont un enfant de 6 ans et&nbsp;une femme enceinte de 27 ans qui a perdu son b\u00e9b\u00e9.<\/p>\n\n\n\n<p>Le pronostic vital de la femme et de l&rsquo;enfant \u00e9tait toujours engag\u00e9 lundi soir. Celui du troisi\u00e8me bless\u00e9 grave, le p\u00e8re de l&rsquo;enfant, n&rsquo;\u00e9tait plus engag\u00e9, selon une source proche du dossier.<\/p>\n","protected":false},"excerpt":{"rendered":"<p>L&rsquo;avocat des victimes, Me Mourad Battikh, prend la parole pour la premi\u00e8re fois : \u00ab\u00a0Les victimes souhaitent conserver l&rsquo;anonymat et je ne donnerai ni leur nom, ni leur pr\u00e9nom. Nous avons pris acte du communiqu\u00e9 de l&rsquo;avocate de Pierre Palmade. Les seules victimes dans ce dossier sont mes clients. La voiture de Pierre Palmade a [&hellip;]<\/p>\n","protected":false},"author":2,"featured_media":23945,"comment_status":"open","ping_status":"open","sticky":false,"template":"","format":"standard","meta":{"_jetpack_memberships_contains_paid_content":false,"footnotes":"","jetpack_publicize_message":"","jetpack_publicize_feature_enabled":true,"jetpack_social_post_already_shared":true,"jetpack_social_options":{"image_generator_settings":{"template":"highway","default_image_id":0,"font":"","enabled":false},"version":2},"_wpas_customize_per_network":false},"categories":[405],"tags":[],"class_list":["post-23975","post","type-post","status-publish","format-standard","has-post-thumbnail","hentry","category-actu-france-monde"],"jetpack_publicize_connections":[],"jetpack_featured_media_url":"https:\/\/i0.wp.com\/www.iceagetv.com\/radiosite\/wp-content\/uploads\/2023\/02\/Pierre-Palmade-est-toujours-hospitalise.jpg?fit=679%2C293&ssl=1","jetpack_sharing_enabled":true,"_links":{"self":[{"href":"https:\/\/www.iceagetv.com\/radiosite\/wp-json\/wp\/v2\/posts\/23975","targetHints":{"allow":["GET"]}}],"collection":[{"href":"https:\/\/www.iceagetv.com\/radiosite\/wp-json\/wp\/v2\/posts"}],"about":[{"href":"https:\/\/www.iceagetv.com\/radiosite\/wp-json\/wp\/v2\/types\/post"}],"author":[{"embeddable":true,"href":"https:\/\/www.iceagetv.com\/radiosite\/wp-json\/wp\/v2\/users\/2"}],"replies":[{"embeddable":true,"href":"https:\/\/www.iceagetv.com\/radiosite\/wp-json\/wp\/v2\/comments?post=23975"}],"version-history":[{"count":1,"href":"https:\/\/www.iceagetv.com\/radiosite\/wp-json\/wp\/v2\/posts\/23975\/revisions"}],"predecessor-version":[{"id":23976,"href":"https:\/\/www.iceagetv.com\/radiosite\/wp-json\/wp\/v2\/posts\/23975\/revisions\/23976"}],"wp:featuredmedia":[{"embeddable":true,"href":"https:\/\/www.iceagetv.com\/radiosite\/wp-json\/wp\/v2\/media\/23945"}],"wp:attachment":[{"href":"https:\/\/www.iceagetv.com\/radiosite\/wp-json\/wp\/v2\/media?parent=23975"}],"wp:term":[{"taxonomy":"category","embeddable":true,"href":"https:\/\/www.iceagetv.com\/radiosite\/wp-json\/wp\/v2\/categories?post=23975"},{"taxonomy":"post_tag","embeddable":true,"href":"https:\/\/www.iceagetv.com\/radiosite\/wp-json\/wp\/v2\/tags?post=23975"}],"curies":[{"name":"wp","href":"https:\/\/api.w.org\/{rel}","templated":true}]}}