{"id":23978,"date":"2023-02-14T16:47:17","date_gmt":"2023-02-14T16:47:17","guid":{"rendered":"https:\/\/www.iceagetv.com\/radiosite\/?p=23978"},"modified":"2023-02-14T16:47:17","modified_gmt":"2023-02-14T16:47:17","slug":"reforme-des-retraites-le-trafic-sera-perturbe-a-la-sncf-et-quasi-normal-a-la-ratp-pour-la-journee-de-mobilisation-de-jeudi-tous-les-details-ici","status":"publish","type":"post","link":"https:\/\/www.iceagetv.com\/radiosite\/reforme-des-retraites-le-trafic-sera-perturbe-a-la-sncf-et-quasi-normal-a-la-ratp-pour-la-journee-de-mobilisation-de-jeudi-tous-les-details-ici\/","title":{"rendered":"R\u00e9forme des retraites : Le trafic sera perturb\u00e9 \u00e0 la SNCF et quasi-normal \u00e0 la RATP pour la journ\u00e9e de mobilisation de jeudi &#8211; Tous les d\u00e9tails ICI"},"content":{"rendered":"\n<p><strong>La RATP pr\u00e9voit un trafic normal sur les lignes de m\u00e9tros, tramways et bus jeudi \u00e0 Paris. C\u00f4t\u00e9 SNCF, les perturbations seront variables avec, en moyenne, 4 TGV sur 5, environ un Intercit\u00e9 sur 2, et un TER sur 2. En Ile de France, la SNCF pr\u00e9voit entre&nbsp;un train sur 2 par endroit, et parfois un trafic normal.&nbsp;Elle pr\u00e9voit 4 trains sur 5 pour les TGV Inoui et OuiGo, et pr\u00e8s d&rsquo;un train sur 2 pour les Intercit\u00e9s. Les d\u00e9tails:<\/strong><\/p>\n\n\n\n<p><strong>TGV INOUI et OUIGO&nbsp;: 4 trains sur 5 en moyenne<\/strong><\/p>\n\n\n\n<p>Axe Nord TGV INOUI&nbsp;:&nbsp;quasi normal<\/p>\n\n\n\n<p>Axe Est TGV INOUI&nbsp;:&nbsp;quasi normal<\/p>\n\n\n\n<p>Axe Atlantique TGV INOUI&nbsp;:&nbsp;quasi normal<\/p>\n\n\n\n<p>Axe Sud Est TGV INOUI&nbsp;:&nbsp;plus de 2&nbsp;train sur 3<\/p>\n\n\n\n<p>TGV Province \u00e0 province&nbsp;:&nbsp;2 trains sur 3<\/p>\n\n\n\n<p>OUIGO&nbsp;: plus de 2 trains sur 3<\/p>\n\n\n\n<p>Eurostar&nbsp;:&nbsp;quasi normal<\/p>\n\n\n\n<p>Thalys&nbsp;:&nbsp;quasi normal<\/p>\n\n\n\n<p>Lyria&nbsp;: 1&nbsp;train&nbsp;sur 2<\/p>\n\n\n\n<p>Intercit\u00e9s de jour&nbsp;:&nbsp;pr\u00e8s d\u20191 train sur 2<\/p>\n\n\n\n<p>Intercit\u00e9s de nuit&nbsp;:&nbsp;aucune circulation dans la nuit de mercredi \u00e0 jeudi<\/p>\n\n\n\n<p>TER&nbsp;:&nbsp;1 train sur 2&nbsp;en moyenne<\/p>\n\n\n\n<p><strong>TRANSILIEN&nbsp;:<\/strong><\/p>\n\n\n\n<p>RER A&nbsp;:&nbsp;trafic normal<\/p>\n\n\n\n<p>RER B&nbsp;: 1 train sur 2<\/p>\n\n\n\n<p>RER C :&nbsp;2 trains sur 3<\/p>\n\n\n\n<p>RER D&nbsp;: 1 train sur 2<\/p>\n\n\n\n<p>RER E&nbsp;: trafic normal<\/p>\n\n\n\n<p>Ligne H&nbsp;: trafic normal<\/p>\n\n\n\n<p>Ligne J&nbsp;: 2 trains sur 3<\/p>\n\n\n\n<p>Ligne L&nbsp;: 2 trains sur 3<\/p>\n\n\n\n<p>Ligne N&nbsp;: 1 train sur 2<\/p>\n\n\n\n<p>Ligne P&nbsp;: trafic normal<\/p>\n\n\n\n<p>Ligne R&nbsp;: 1 train sur 2<\/p>\n\n\n\n<p>Ligne U\u00a0: trafic normal<\/p>\n\n\n\n<p>L&rsquo;intersyndicale de l&rsquo;\u00e9ducation, regroupant les sept principaux syndicats enseignants, a appel\u00e9 mardi \u00e0 ce que les gr\u00e8ves permettent de \u00ab\u00a0fermer totalement les \u00e9coles, coll\u00e8ges, lyc\u00e9es et services\u00a0\u00bb le 7 mars, si le gouvernement et le Parlement \u00ab\u00a0restent sourds\u00a0\u00bb \u00e0 la mobilisation contre la r\u00e9forme des retraites.<\/p>\n\n\n\n<p>Les syndicats r\u00e9unis au sein de l&rsquo;intersyndicale &#8211; FSU, UNSA Education, FNEC-FP-FO, Sgen-CFDT, CGT Educ&rsquo;action, SNALC et SUD Education &#8211; \u00ab\u00a0appellent \u00e0 une journ\u00e9e d&rsquo;actions interprofessionnelles sur l&rsquo;ensemble du territoire le 16 f\u00e9vrier\u00a0\u00bb, ont-ils soulign\u00e9 dans un communiqu\u00e9.<\/p>\n\n\n\n<p>\u00ab\u00a0Si malgr\u00e9 tout le gouvernement et les parlementaires restaient sourds \u00e0 la contestation populaire, dans le cadre de l&rsquo;appel interprofessionnel \u00e0 durcir le mouvement et \u00e0 mettre la France \u00e0 l&rsquo;arr\u00eat dans tous les secteurs le 7 mars prochain, l&rsquo;intersyndicale de l&rsquo;\u00e9ducation appelle \u00e0 ce que les gr\u00e8ves massives permettent de fermer totalement les \u00e9coles, coll\u00e8ges, lyc\u00e9es et services\u00a0\u00bb, a ajout\u00e9 celle-ci, se disant \u00ab\u00a0pr\u00eate \u00e0 durcir le mouvement\u00a0\u00bb.<\/p>\n\n\n\n<p>\u00ab\u00a0Le 7 mars, mettons les \u00e9coles, \u00e9tablissements et services \u00e0 l&rsquo;arr\u00eat!\u00a0\u00bb, a-t-elle martel\u00e9.<\/p>\n\n\n\n<p>L&rsquo;intersyndicale a aussi appel\u00e9 les personnels \u00ab\u00a0\u00e0 se mobiliser le 8 mars, journ\u00e9e internationale de luttes pour les droits des femmes, pour d\u00e9noncer l&rsquo;injustice sociale majeure de cette r\u00e9forme des retraites envers les femmes\u00a0\u00bb.<\/p>\n\n\n\n<p>Les huit principaux syndicats fran\u00e7ais ont appel\u00e9 \u00e0 une cinqui\u00e8me journ\u00e9e d&rsquo;action jeudi et annonc\u00e9 qu&rsquo;ils appelleraient les travailleurs \u00e0 \u00ab\u00a0mett(re) la France \u00e0 l&rsquo;arr\u00eat dans tous les secteurs\u00a0\u00bb le 7 mars, si le gouvernement et les parlementaires \u00ab\u00a0restaient sourds \u00e0 la contestation populaire\u00a0\u00bb.<\/p>\n","protected":false},"excerpt":{"rendered":"<p>La RATP pr\u00e9voit un trafic normal sur les lignes de m\u00e9tros, tramways et bus jeudi \u00e0 Paris. C\u00f4t\u00e9 SNCF, les perturbations seront variables avec, en moyenne, 4 TGV sur 5, environ un Intercit\u00e9 sur 2, et un TER sur 2. En Ile de France, la SNCF pr\u00e9voit entre&nbsp;un train sur 2 par endroit, et parfois [&hellip;]<\/p>\n","protected":false},"author":2,"featured_media":23861,"comment_status":"open","ping_status":"open","sticky":false,"template":"","format":"standard","meta":{"_jetpack_memberships_contains_paid_content":false,"footnotes":"","jetpack_publicize_message":"","jetpack_publicize_feature_enabled":true,"jetpack_social_post_already_shared":true,"jetpack_social_options":{"image_generator_settings":{"template":"highway","default_image_id":0,"font":"","enabled":false},"version":2},"_wpas_customize_per_network":false},"categories":[405],"tags":[],"class_list":["post-23978","post","type-post","status-publish","format-standard","has-post-thumbnail","hentry","category-actu-france-monde"],"jetpack_publicize_connections":[],"jetpack_featured_media_url":"https:\/\/i0.wp.com\/www.iceagetv.com\/radiosite\/wp-content\/uploads\/2023\/02\/Un-homme-qui-menacait-de-commettre-un-attentat-dans-un-TGV.jpg?fit=679%2C293&ssl=1","jetpack_sharing_enabled":true,"_links":{"self":[{"href":"https:\/\/www.iceagetv.com\/radiosite\/wp-json\/wp\/v2\/posts\/23978","targetHints":{"allow":["GET"]}}],"collection":[{"href":"https:\/\/www.iceagetv.com\/radiosite\/wp-json\/wp\/v2\/posts"}],"about":[{"href":"https:\/\/www.iceagetv.com\/radiosite\/wp-json\/wp\/v2\/types\/post"}],"author":[{"embeddable":true,"href":"https:\/\/www.iceagetv.com\/radiosite\/wp-json\/wp\/v2\/users\/2"}],"replies":[{"embeddable":true,"href":"https:\/\/www.iceagetv.com\/radiosite\/wp-json\/wp\/v2\/comments?post=23978"}],"version-history":[{"count":1,"href":"https:\/\/www.iceagetv.com\/radiosite\/wp-json\/wp\/v2\/posts\/23978\/revisions"}],"predecessor-version":[{"id":23979,"href":"https:\/\/www.iceagetv.com\/radiosite\/wp-json\/wp\/v2\/posts\/23978\/revisions\/23979"}],"wp:featuredmedia":[{"embeddable":true,"href":"https:\/\/www.iceagetv.com\/radiosite\/wp-json\/wp\/v2\/media\/23861"}],"wp:attachment":[{"href":"https:\/\/www.iceagetv.com\/radiosite\/wp-json\/wp\/v2\/media?parent=23978"}],"wp:term":[{"taxonomy":"category","embeddable":true,"href":"https:\/\/www.iceagetv.com\/radiosite\/wp-json\/wp\/v2\/categories?post=23978"},{"taxonomy":"post_tag","embeddable":true,"href":"https:\/\/www.iceagetv.com\/radiosite\/wp-json\/wp\/v2\/tags?post=23978"}],"curies":[{"name":"wp","href":"https:\/\/api.w.org\/{rel}","templated":true}]}}