{"id":23982,"date":"2023-02-16T06:26:36","date_gmt":"2023-02-16T06:26:36","guid":{"rendered":"https:\/\/www.iceagetv.com\/radiosite\/?p=23982"},"modified":"2023-02-16T06:26:36","modified_gmt":"2023-02-16T06:26:36","slug":"reforme-des-retraites-greve-du-16-fevrier-suivez-les-manifestations-en-france","status":"publish","type":"post","link":"https:\/\/www.iceagetv.com\/radiosite\/reforme-des-retraites-greve-du-16-fevrier-suivez-les-manifestations-en-france\/","title":{"rendered":"R\u00e9forme des retraites\u00a0: gr\u00e8ve du 16 f\u00e9vrier, suivez les manifestations en France"},"content":{"rendered":"\n<p>Apr\u00e8s Paris, Albi. C\u2019est dans cette ville du Tarn que les leaders de\u00a0<a href=\"https:\/\/www.ouest-france.fr\/economie\/retraites\/entretien-retraites-le-rapport-de-force-entre-les-syndicats-et-le-gouvernement-va-se-durcir-a6bb27ce-ab76-11ed-b416-85851c2fbb45\">l\u2019intersyndicale<\/a>\u00a0se sont donn\u00e9 rendez-vous pour\u00a0<a href=\"https:\/\/www.ouest-france.fr\/economie\/retraites\/greve-du-jeudi-16-fevrier-contre-la-reforme-des-retraites-a-quoi-faut-il-sattendre-67ec3fb0-ac43-11ed-b6e3-38da84828b93\">manifester jeudi 16\u00a0f\u00e9vrier 2023 pour une cinqui\u00e8me journ\u00e9e de mobilisation<\/a>\u00a0contre la r\u00e9forme des retraites. Le temps d\u2019un jour, le c\u0153ur de la contestation sera donc \u00e0 Albi.Le\u00a0<a href=\"https:\/\/www.ouest-france.fr\/economie\/retraites\/retraites-philippe-martinez-appelle-a-des-greves-plus-dures-plus-nombreuses-plus-massives-136201be-a6f3-11ed-9512-c1edba2ba438\">secr\u00e9taire g\u00e9n\u00e9ral de la CGT Philippe Martinez<\/a>, celui de la\u00a0<a href=\"https:\/\/www.ouest-france.fr\/economie\/retraites\/retraites-pour-laurent-berger-ne-pas-entendre-la-colere-serait-une-faute-democratique-fb4a9c08-a544-11ed-a212-f0bc1e31b39f\">CFDT, Laurent Berger<\/a>, ou encore le leader de FO Fr\u00e9d\u00e9ric Souillot, seront aux c\u00f4t\u00e9s des manifestants d\u2019Albi ce jeudi. Les chefs de file des huit principaux syndicats \u2013 CFDT, CFTC, CFE-CGC, CGT, FO, FSU, Solidaires, Unsa \u2013 \u00e0 l\u2019origine de cet appel \u00e0 la gr\u00e8ve seront dans les rues de la cit\u00e9 \u00e9piscopale pour\u00a0<strong>\u00ab\u00a0souligner l\u2019engagement tr\u00e8s massif des travailleurs sur tout le territoire\u00a0\u00bb,\u00a0<\/strong><a rel=\"noreferrer noopener\" href=\"https:\/\/www.cgt.fr\/actualites\/france\/retraite\/mobilisation\/contre-la-reforme-des-retraites-poursuivre-amplifier-et-durcir-le-mouvement\" target=\"_blank\">indique la CGT<\/a>.<\/p>\n\n\n\n<h2 class=\"wp-block-heading\">Beaucoup de manifestants attendus<\/h2>\n\n\n\n<p>Apr\u00e8s la forte mobilisation des quatre premi\u00e8res journ\u00e9es de gr\u00e8ve, les syndicats appellent \u00e0 l\u2019amplification du mouvement d\u2019ici au 7&nbsp;mars, date \u00e0 laquelle ils se disent pr\u00eats \u00e0&nbsp;<strong>\u00ab&nbsp;mettre la France \u00e0 l\u2019arr\u00eat&nbsp;\u00bb<\/strong>.<\/p>\n","protected":false},"excerpt":{"rendered":"<p>Apr\u00e8s Paris, Albi. C\u2019est dans cette ville du Tarn que les leaders de\u00a0l\u2019intersyndicale\u00a0se sont donn\u00e9 rendez-vous pour\u00a0manifester jeudi 16\u00a0f\u00e9vrier 2023 pour une cinqui\u00e8me journ\u00e9e de mobilisation\u00a0contre la r\u00e9forme des retraites. Le temps d\u2019un jour, le c\u0153ur de la contestation sera donc \u00e0 Albi.Le\u00a0secr\u00e9taire g\u00e9n\u00e9ral de la CGT Philippe Martinez, celui de la\u00a0CFDT, Laurent Berger, ou [&hellip;]<\/p>\n","protected":false},"author":2,"featured_media":23983,"comment_status":"open","ping_status":"open","sticky":false,"template":"","format":"standard","meta":{"_jetpack_memberships_contains_paid_content":false,"footnotes":"","jetpack_publicize_message":"","jetpack_publicize_feature_enabled":true,"jetpack_social_post_already_shared":true,"jetpack_social_options":{"image_generator_settings":{"template":"highway","default_image_id":0,"font":"","enabled":false},"version":2},"_wpas_customize_per_network":false},"categories":[405],"tags":[],"class_list":["post-23982","post","type-post","status-publish","format-standard","has-post-thumbnail","hentry","category-actu-france-monde"],"jetpack_publicize_connections":[],"jetpack_featured_media_url":"https:\/\/i0.wp.com\/www.iceagetv.com\/radiosite\/wp-content\/uploads\/2023\/02\/rgyHbuDT.jpeg?fit=900%2C506&ssl=1","jetpack_sharing_enabled":true,"_links":{"self":[{"href":"https:\/\/www.iceagetv.com\/radiosite\/wp-json\/wp\/v2\/posts\/23982","targetHints":{"allow":["GET"]}}],"collection":[{"href":"https:\/\/www.iceagetv.com\/radiosite\/wp-json\/wp\/v2\/posts"}],"about":[{"href":"https:\/\/www.iceagetv.com\/radiosite\/wp-json\/wp\/v2\/types\/post"}],"author":[{"embeddable":true,"href":"https:\/\/www.iceagetv.com\/radiosite\/wp-json\/wp\/v2\/users\/2"}],"replies":[{"embeddable":true,"href":"https:\/\/www.iceagetv.com\/radiosite\/wp-json\/wp\/v2\/comments?post=23982"}],"version-history":[{"count":1,"href":"https:\/\/www.iceagetv.com\/radiosite\/wp-json\/wp\/v2\/posts\/23982\/revisions"}],"predecessor-version":[{"id":23984,"href":"https:\/\/www.iceagetv.com\/radiosite\/wp-json\/wp\/v2\/posts\/23982\/revisions\/23984"}],"wp:featuredmedia":[{"embeddable":true,"href":"https:\/\/www.iceagetv.com\/radiosite\/wp-json\/wp\/v2\/media\/23983"}],"wp:attachment":[{"href":"https:\/\/www.iceagetv.com\/radiosite\/wp-json\/wp\/v2\/media?parent=23982"}],"wp:term":[{"taxonomy":"category","embeddable":true,"href":"https:\/\/www.iceagetv.com\/radiosite\/wp-json\/wp\/v2\/categories?post=23982"},{"taxonomy":"post_tag","embeddable":true,"href":"https:\/\/www.iceagetv.com\/radiosite\/wp-json\/wp\/v2\/tags?post=23982"}],"curies":[{"name":"wp","href":"https:\/\/api.w.org\/{rel}","templated":true}]}}