{"id":24000,"date":"2023-02-16T20:23:36","date_gmt":"2023-02-16T20:23:36","guid":{"rendered":"https:\/\/www.iceagetv.com\/radiosite\/?p=24000"},"modified":"2023-02-16T20:23:36","modified_gmt":"2023-02-16T20:23:36","slug":"lacteur-bruce-willis-souffre-de-demence-annonce-sa-famille-le-30-mars-dernier-ses-proches-avaient-annonce-quil-mettait-fin-a-sa-carriere-en-raison-dune-aphasie","status":"publish","type":"post","link":"https:\/\/www.iceagetv.com\/radiosite\/lacteur-bruce-willis-souffre-de-demence-annonce-sa-famille-le-30-mars-dernier-ses-proches-avaient-annonce-quil-mettait-fin-a-sa-carriere-en-raison-dune-aphasie\/","title":{"rendered":"L&rsquo;acteur Bruce Willis souffre de d\u00e9mence, annonce sa famille &#8211; Le 30 mars dernier, ses proches avaient annonc\u00e9 qu&rsquo;il mettait fin \u00e0 sa carri\u00e8re en raison d&rsquo;une aphasie"},"content":{"rendered":"\n<p>L&rsquo;acteur Bruce Willis souffre de d\u00e9mence, annonce sa famille. Le diagnostic a \u00e9t\u00e9 pos\u00e9 par les m\u00e9decins du com\u00e9dien am\u00e9ricain, pr\u00e9cise sa famille. Le 30 mars dernier, les proches de Bruce Willis avaient annonc\u00e9 qu&rsquo;il mettait fin \u00e0 sa carri\u00e8re en raison d&rsquo;une aphasie, un trouble de l&rsquo;expression qui l&#8217;emp\u00eache de pouvoir continuer \u00e0 jouer.<\/p>\n\n\n\n<p>D\u00e9sormais, \u00ab\u00a0Bruce ne peut pas dire grand-chose, et il ne semble pas qu&rsquo;il saisisse beaucoup de ce que les autres disent\u00a0\u00bb, confie un proche de la famille de l&rsquo;acteur, qui pr\u00e9f\u00e8re garder l&rsquo;anonymat. Bruce Willis, qui souffre d&rsquo;aphasie, aurait vu son \u00e9tat de sant\u00e9 se d\u00e9grader rapidement. Ses proches \u00ab\u00a0ch\u00e9rissent chaque instant\u00a0\u00bb, ajoute la m\u00eame source, relay\u00e9e par Le Figaro.<\/p>\n\n\n\n<p>L&rsquo;aphasie dont souffre l&rsquo;acteur &#8211; et qui affecte ses capacit\u00e9s cognitives &#8211; impacte ses facult\u00e9s de parler et de se mouvoir. \u00ab\u00a0Il y a des jours o\u00f9 ils [ses proches] voient des aper\u00e7us de l&rsquo;ancien Bruce, mais ils sont brefs et espac\u00e9s. Il semble qu&rsquo;il s&rsquo;\u00e9loigne de plus en plus d&rsquo;eux, et cela leur brise le c\u0153ur.\u00a0\u00bb<\/p>\n\n\n\n<p>Concr\u00e8tement, l\u2019aphasie est une perte partielle ou compl\u00e8te de la capacit\u00e9 \u00e0 s\u2019exprimer ou comprendre le langage \u00e9crit et parl\u00e9. Elle est le r\u00e9sultat de l\u00e9sions au cerveau. Ses causes sont nombreuses. Les troubles cognitifs peuvent appara\u00eetre apr\u00e8s un accident vasculaire c\u00e9r\u00e9bral (AVC), qui est la premi\u00e8re cause d\u2019aphasie.<\/p>\n\n\n\n<p>Mais l\u2019aphasie peut aussi \u00eatre caus\u00e9e par un \u00absimple\u00bb traumatisme cr\u00e2nien, une m\u00e9ningite ou encore appara\u00eetre dans le cadre de maladies d\u00e9g\u00e9n\u00e9ratives comme l\u2019Alzheimer.<\/p>\n\n\n\n<p>La personne atteinte par le syndrome ne pr\u00e9sente aucune anomalie des organes de la parole comme la langue ou le larynx, de la vue ou de l\u2019ou\u00efe. L\u2019aphasie n\u2019est pas la cons\u00e9quence d\u2019une surdit\u00e9 ou d\u2019un trouble des organes de la parole.<\/p>\n","protected":false},"excerpt":{"rendered":"<p>L&rsquo;acteur Bruce Willis souffre de d\u00e9mence, annonce sa famille. Le diagnostic a \u00e9t\u00e9 pos\u00e9 par les m\u00e9decins du com\u00e9dien am\u00e9ricain, pr\u00e9cise sa famille. Le 30 mars dernier, les proches de Bruce Willis avaient annonc\u00e9 qu&rsquo;il mettait fin \u00e0 sa carri\u00e8re en raison d&rsquo;une aphasie, un trouble de l&rsquo;expression qui l&#8217;emp\u00eache de pouvoir continuer \u00e0 jouer. [&hellip;]<\/p>\n","protected":false},"author":2,"featured_media":24001,"comment_status":"open","ping_status":"open","sticky":false,"template":"","format":"standard","meta":{"_jetpack_memberships_contains_paid_content":false,"footnotes":"","jetpack_publicize_message":"","jetpack_publicize_feature_enabled":true,"jetpack_social_post_already_shared":true,"jetpack_social_options":{"image_generator_settings":{"template":"highway","default_image_id":0,"font":"","enabled":false},"version":2},"_wpas_customize_per_network":false},"categories":[68],"tags":[],"class_list":["post-24000","post","type-post","status-publish","format-standard","has-post-thumbnail","hentry","category-actu-culturelle"],"jetpack_publicize_connections":[],"jetpack_featured_media_url":"https:\/\/i0.wp.com\/www.iceagetv.com\/radiosite\/wp-content\/uploads\/2023\/02\/Lacteur-Bruce.jpg?fit=679%2C293&ssl=1","jetpack_sharing_enabled":true,"_links":{"self":[{"href":"https:\/\/www.iceagetv.com\/radiosite\/wp-json\/wp\/v2\/posts\/24000","targetHints":{"allow":["GET"]}}],"collection":[{"href":"https:\/\/www.iceagetv.com\/radiosite\/wp-json\/wp\/v2\/posts"}],"about":[{"href":"https:\/\/www.iceagetv.com\/radiosite\/wp-json\/wp\/v2\/types\/post"}],"author":[{"embeddable":true,"href":"https:\/\/www.iceagetv.com\/radiosite\/wp-json\/wp\/v2\/users\/2"}],"replies":[{"embeddable":true,"href":"https:\/\/www.iceagetv.com\/radiosite\/wp-json\/wp\/v2\/comments?post=24000"}],"version-history":[{"count":1,"href":"https:\/\/www.iceagetv.com\/radiosite\/wp-json\/wp\/v2\/posts\/24000\/revisions"}],"predecessor-version":[{"id":24002,"href":"https:\/\/www.iceagetv.com\/radiosite\/wp-json\/wp\/v2\/posts\/24000\/revisions\/24002"}],"wp:featuredmedia":[{"embeddable":true,"href":"https:\/\/www.iceagetv.com\/radiosite\/wp-json\/wp\/v2\/media\/24001"}],"wp:attachment":[{"href":"https:\/\/www.iceagetv.com\/radiosite\/wp-json\/wp\/v2\/media?parent=24000"}],"wp:term":[{"taxonomy":"category","embeddable":true,"href":"https:\/\/www.iceagetv.com\/radiosite\/wp-json\/wp\/v2\/categories?post=24000"},{"taxonomy":"post_tag","embeddable":true,"href":"https:\/\/www.iceagetv.com\/radiosite\/wp-json\/wp\/v2\/tags?post=24000"}],"curies":[{"name":"wp","href":"https:\/\/api.w.org\/{rel}","templated":true}]}}