{"id":24051,"date":"2023-02-20T20:03:41","date_gmt":"2023-02-20T20:03:41","guid":{"rendered":"https:\/\/www.iceagetv.com\/radiosite\/?p=24051"},"modified":"2023-02-20T20:03:41","modified_gmt":"2023-02-20T20:03:41","slug":"surete-nucleaire-pourquoi-un-projet-de-fusion-dans-les-instances-francaises-suscite-des-inquietudes","status":"publish","type":"post","link":"https:\/\/www.iceagetv.com\/radiosite\/surete-nucleaire-pourquoi-un-projet-de-fusion-dans-les-instances-francaises-suscite-des-inquietudes\/","title":{"rendered":"S\u00fbret\u00e9 nucl\u00e9aire : pourquoi un projet de fusion dans les instances fran\u00e7aises suscite des inqui\u00e9tudes"},"content":{"rendered":"\n<p>Un an apr\u00e8s l&rsquo;annonce par Emmanuel Macron de son projet de relance du nucl\u00e9aire fran\u00e7ais, l&rsquo;heure est aux premiers remous. Les salari\u00e9s de l&rsquo;Institut de radioprotection et s\u00fbret\u00e9 nucl\u00e9aire (IRSN), expert de tous les risques radiologiques,&nbsp;<a href=\"https:\/\/www.francetvinfo.fr\/societe\/nucleaire\/l-institut-de-radioprotection-et-de-surete-nucleaire-menace-de-suppression-ses-salaries-en-greve-alertent-sur-un-affaiblissement-de-l-expertise_5669123.html\">\u00e9taient appel\u00e9s \u00e0 la gr\u00e8ve<\/a>, lundi 20 f\u00e9vrier. Ils protestent contre la disparition annonc\u00e9e de leur institution, dans le cadre d&rsquo;un projet du gouvernement qui fondrait ses attributions et ses salari\u00e9s dans plusieurs autres organes, principalement l&rsquo;Autorit\u00e9 de s\u00fbret\u00e9 nucl\u00e9aire (ASN).<\/p>\n\n\n\n<p>Cette intention, d\u00e9voil\u00e9e \u00e0 la surprise g\u00e9n\u00e9rale le 8 f\u00e9vrier, pourrait se concr\u00e9tiser d\u00e8s la fin du mois. Les patrons des institutions impliqu\u00e9es avaient jusqu&rsquo;\u00e0 lundi pour rendre au gouvernement une&nbsp;<em>\u00ab\u00a0m\u00e9thode de travail\u00a0\u00bb<\/em>&nbsp;pour mener \u00e0 bien cette refonte. Mais ce projet de modification de la surveillance des risques nucl\u00e9aires, salu\u00e9 par le patron de l&rsquo;ASN, inqui\u00e8te certains parlementaires, experts et anciens de l&rsquo;IRSN. Franceinfo vous explique pourquoi.<\/p>\n\n\n\n<h2 class=\"wp-block-heading\">Parce qu&rsquo;il mettrait fin \u00e0 la s\u00e9paration entre experts et d\u00e9cisionnaires<\/h2>\n\n\n\n<p>Aujourd&rsquo;hui, le travail de protection contre les risques li\u00e9s au nucl\u00e9aire est partag\u00e9 entre plusieurs acteurs. L&rsquo;Autorit\u00e9 de s\u00fbret\u00e9 nucl\u00e9aire prend les d\u00e9cisions et contr\u00f4le les installations li\u00e9es au nucl\u00e9aire civil. Quand il faut, par exemple, d\u00e9cider de prolonger ou non la dur\u00e9e de vie d&rsquo;un r\u00e9acteur, c&rsquo;est elle qui tranche. Elle le fait sur la base d&rsquo;avis scientifiques \u00e9mis par une entit\u00e9 distincte, l&rsquo;Institut de radioprotection et s\u00fbret\u00e9 nucl\u00e9aire. Un mod\u00e8le en vigueur depuis plus de vingt ans et la cr\u00e9ation de l&rsquo;IRSN, auquel l&rsquo;ex\u00e9cutif veut donc mettre fin pour se rapprocher de ce qui est fait ailleurs, particuli\u00e8rement aux Etats-Unis.<\/p>\n\n\n\n<p>Le&nbsp;<a href=\"https:\/\/www.ecologie.gouv.fr\/evolution-lorganisation-du-controle-et-recherche-en-radioprotection-et-surete-nucleaire\" target=\"_blank\" rel=\"noreferrer noopener\">minist\u00e8re de la Transition \u00e9nerg\u00e9tique explique<\/a>&nbsp;que cette d\u00e9cision a \u00e9t\u00e9 prise d\u00e9but f\u00e9vrier, lors du Conseil de politique nucl\u00e9aire r\u00e9uni autour d&rsquo;Emmanuel Macron pour amorcer&nbsp;<a href=\"https:\/\/www.francetvinfo.fr\/monde\/environnement\/crise-climatique\/nouveaux-reacteurs-nucleaires-developpement-massif-des-renouvelables-ce-qu-il-faut-retenir-du-discours-d-emmanuel-macron-sur-l-energie_4953792.html\">un plan qui pr\u00e9voit notamment la construction de six EPR<\/a>. Dans ce contexte, fondre l&rsquo;IRSN au sein de plusieurs institutions, dont l&rsquo;ASN, doit permettre, selon le minist\u00e8re, de&nbsp;<em>\u00ab\u00a0fluidifier les processus d&rsquo;examen technique et de prise de d\u00e9cision\u00a0\u00bb&nbsp;<\/em>tout en renfor\u00e7ant&nbsp;<em>\u00ab\u00a0l&rsquo;ind\u00e9pendance du contr\u00f4le\u00a0\u00bb<\/em>.&nbsp;<\/p>\n\n\n\n<p>Thierry Charles, ancien directeur g\u00e9n\u00e9ral adjoint de l&rsquo;IRSN, explique&nbsp;<a href=\"https:\/\/reporterre.net\/Surete-nucleaire-la-dissolution-de-l-IRSN-inquiete\" target=\"_blank\" rel=\"noreferrer noopener\">au site Reporterre<\/a>&nbsp;que&nbsp;le syst\u00e8me actuel&nbsp;<em>\u00ab\u00a0<\/em><em>permet \u00e0 l&rsquo;expert de travailler en toute libert\u00e9 sur la base d&rsquo;\u00e9l\u00e9ments techniques et scientifiques, puisqu&rsquo;il ne subit pas le poids de la d\u00e9cision \u00e0 prendre ensuite\u00a0\u00bb<\/em>. Il s&rsquo;inqui\u00e8te qu&rsquo;une fois int\u00e9gr\u00e9s \u00e0 l&rsquo;ASN, les avis des experts soient contraints de&nbsp;prendre en consid\u00e9ration d&rsquo;autres questions que celle de la s\u00fbret\u00e9. Porte-parole de l&rsquo;association n\u00e9gaWatt, Yves Marignac estime lui dans un texte publi\u00e9&nbsp;<a href=\"https:\/\/www.linkedin.com\/feed\/update\/urn:li:share:7029046664485052416\/\" target=\"_blank\" rel=\"noreferrer noopener\">sur LinkedIn<\/a>&nbsp;que&nbsp;<em>\u00ab\u00a0l<\/em><em>&lsquo;intention est clairement (\u2026) de lever l&rsquo;obstacle d&rsquo;exigences de s\u00fbret\u00e9 trop \u00e9lev\u00e9es pour \u00eatre atteintes par l&rsquo;industrie.\u00a0\u00bb<\/em><\/p>\n\n\n\n<p><em>\u00ab\u00a0Le but n&rsquo;est pas d&rsquo;acc\u00e9l\u00e9rer les proc\u00e9dures, mais dans une structure plus ramass\u00e9e, on peut fluidifier\u00a0\u00bb<\/em>, a d\u00e9fendu le pr\u00e9sident de l&rsquo;ASN, Bernard Doroszczuk, auditionn\u00e9 jeudi par l&rsquo;Office parlementaire d&rsquo;\u00e9valuation des choix scientifiques (Opecst). Partisan de la r\u00e9forme, il a d\u00e9fendu l&rsquo;ind\u00e9pendance de l&rsquo;ASN, dont continueraient selon lui de b\u00e9n\u00e9ficier les experts, en soulignant que son institution avait plusieurs fois compliqu\u00e9 les plans des d\u00e9cideurs politiques et d&rsquo;EDF, conduisant par exemple \u00ab\u00a0<em>\u00e0 des retards pour la&nbsp;<a href=\"https:\/\/france3-regions.francetvinfo.fr\/normandie\/manche\/flamanville\/l-epr-de-flamanville-demarrera-en-2023-apres-11-ans-de-retard-2562412.html\">mise en service de l&rsquo;EPR\u00a0\u00bb&nbsp;<\/a><\/em><a href=\"https:\/\/france3-regions.francetvinfo.fr\/normandie\/manche\/flamanville\/l-epr-de-flamanville-demarrera-en-2023-apres-11-ans-de-retard-2562412.html\">de Flamanville<\/a>.<\/p>\n\n\n\n<h2 class=\"wp-block-heading\">Parce qu&rsquo;il compliquerait les liens avec les chercheurs<\/h2>\n\n\n\n<p>Le plan du gouvernement ne pr\u00e9voit pas d&rsquo;int\u00e9grer toutes les comp\u00e9tences de l&rsquo;IRSN \u00e0 l&rsquo;ASN. Une partie de ses attributions reviendrait \u00e0 l&rsquo;autorit\u00e9 en charge du nucl\u00e9aire militaire, le DNSD, et une autre au Commissariat \u00e0 l&rsquo;\u00e9nergie atomique et aux \u00e9nergies alternatives (CEA), un organisme de recherche scientifique. Or l&rsquo;IRSN emploie des chercheurs pour appuyer ses expertises. L&rsquo;intersyndicale redoute que dans l&rsquo;optique d&rsquo;une scission des activit\u00e9s entre l&rsquo;ASN et le CEA, une distance se cr\u00e9e fatalement entre les personnes charg\u00e9es de rendre des avis et celles qui font avancer les connaissances.<\/p>\n\n\n\n<p><em>\u00ab\u00a0\u00c7a va affaiblir l&rsquo;expertise\u00a0\u00bb<\/em>, estime Fran\u00e7ois Jeffroy, d\u00e9l\u00e9gu\u00e9 CFDT,&nbsp;<a href=\"https:\/\/www.francetvinfo.fr\/societe\/nucleaire\/l-institut-de-radioprotection-et-de-surete-nucleaire-menace-de-suppression-ses-salaries-en-greve-alertent-sur-un-affaiblissement-de-l-expertise_5669123.html\">interrog\u00e9 par franceinfo<\/a>. Devant les parlementaires, jeudi, le directeur g\u00e9n\u00e9ral de l&rsquo;IRSN Jean-Christophe Niel pr\u00e9venait que la s\u00e9paration serait&nbsp;<em>\u00ab\u00a0complexe,&nbsp;car ces activit\u00e9s sont parfois exerc\u00e9es par les m\u00eames personnes\u00a0\u00bb.&nbsp;<\/em>En 2020, trois ministres, dont Elisabeth Borne, alors en charge de la Transition \u00e9cologique, assuraient le conseil d&rsquo;administration de l&rsquo;IRSN de leur souci de&nbsp;<em>\u00ab\u00a0<\/em><em>ne pas d\u00e9coupler les missions d&rsquo;expertise et de recherche\u00a0\u00bb&nbsp;<\/em>de l&rsquo;institution, dans un courrier publi\u00e9 depuis&nbsp;<a href=\"https:\/\/www.mediapart.fr\/journal\/ecologie\/170223\/le-gouvernement-reprend-brutalement-en-main-la-surete-nucleaire\" target=\"_blank\" rel=\"noreferrer noopener\">par Mediapart<\/a>.<\/p>\n\n\n\n<p>Le d\u00e9tail de la future organisation voulue par l&rsquo;ex\u00e9cutif n&rsquo;est cependant pas encore connu. Lors d&rsquo;un entretien avec les syndicats vendredi, la ministre de la Transition \u00e9nerg\u00e9tique, Agn\u00e8s Pannier-Runacher, a assur\u00e9 que&nbsp;<em>\u00ab\u00a0le sch\u00e9ma qui \u00e9tait dessin\u00e9 jusqu&rsquo;\u00e0 maintenant, avec l&rsquo;ASN qui prend l&rsquo;expertise et le CEA la recherche, n&rsquo;\u00e9tait pas du tout arr\u00eat\u00e9\u00a0\u00bb,&nbsp;<\/em>rapporte un d\u00e9l\u00e9gu\u00e9 de la CGT, Philippe Bourachot.<\/p>\n\n\n\n<h2 class=\"wp-block-heading\">Parce qu&rsquo;il bouleverserait le syst\u00e8me \u00e0 l&rsquo;aube d&rsquo;\u00e9ch\u00e9ances importantes<\/h2>\n\n\n\n<p><em>\u00ab\u00a0Casser un syst\u00e8me qui marche pour un syst\u00e8me qu&rsquo;on ne conna\u00eet pas, ce n&rsquo;est souvent pas la bonne solution\u00a0\u00bb<\/em>, a pr\u00e9venu Thierry Charles, l&rsquo;ancien directeur g\u00e9n\u00e9ral adjoint de l&rsquo;IRSN, lundi. Le projet de r\u00e9forme voulu par l&rsquo;ex\u00e9cutif s&rsquo;inscrit dans le cadre d&rsquo;une relance de la fili\u00e8re nucl\u00e9aire fran\u00e7aise, mais il revient aussi \u00e0 en d\u00e9stabiliser un maillon important. Ceci alors qu&rsquo;entre les projets de nouveaux EPR et de mini-r\u00e9acteurs, l&rsquo;IRSN \u00e9tait appel\u00e9e \u00e0 \u00e9tudier le&nbsp;<a href=\"https:\/\/www.francetvinfo.fr\/societe\/nucleaire\/edf-deux-nouveaux-reacteurs-nucleaires-touches-par-des-problemes-de-corrosion-sous-contrainte_5457733.html\">probl\u00e8me de corrosion qui a provoqu\u00e9 l&rsquo;arr\u00eat de nombreux r\u00e9acteurs<\/a>&nbsp;en 2022, le projet&nbsp;<a href=\"https:\/\/www.francetvinfo.fr\/monde\/environnement\/dechets-nucleaires-a-bure\/le-projet-de-centre-d-enfouissement-de-dechets-nucleaires-a-bure-declare-d-utilite-publique_5244955.html\">d&rsquo;enfouissement de d\u00e9chets nucl\u00e9aires \u00e0 Bure<\/a>&nbsp;(Meuse) ou encore la&nbsp;<a href=\"https:\/\/www.francetvinfo.fr\/monde\/environnement\/crise-climatique\/nouveaux-reacteurs-nucleaires-developpement-massif-des-renouvelables-ce-qu-il-faut-retenir-du-discours-d-emmanuel-macron-sur-l-energie_4953792.html\">prolongation de la dur\u00e9e de vie des centrales<\/a>&nbsp;de 50 \u00e0 60 ans.&nbsp;<em>\u00ab\u00a0D\u00e9marrer un programme nucl\u00e9aire sur un syst\u00e8me en mutation, pas encore stabilis\u00e9, pr\u00e9sente un risque en mati\u00e8re de s\u00fbret\u00e9\u00a0\u00bb<\/em>, estimait devant les parlementaires, jeudi, le chercheur Micha\u00ebl Mangeon, ancien de l&rsquo;IRSN et sp\u00e9cialiste de l&rsquo;histoire de la s\u00fbret\u00e9 nucl\u00e9aire fran\u00e7aise.<\/p>\n\n\n\n<p>Dans une motion adopt\u00e9e jeudi, le conseil d&rsquo;administration de l&rsquo;IRSN alerte le gouvernement&nbsp;<em>\u00ab\u00a0<\/em><em>sur le risque de d\u00e9parts du personnel de l&rsquo;IRSN pouvant entra\u00eener une paralysie du syst\u00e8me de contr\u00f4le en radioprotection et s\u00fbret\u00e9 nucl\u00e9aire\u00a0\u00bb<\/em>. Le minist\u00e8re de la Transition \u00e9nerg\u00e9tique assure que la r\u00e9forme pr\u00e9servera<em>&nbsp;\u00ab\u00a0les conditions de travail et de r\u00e9mun\u00e9ration\u00a0\u00bb&nbsp;<\/em>des salari\u00e9s. Mais cela pourrait ne pas suffire \u00e0 les retenir, alors que l&rsquo;institution&nbsp;<em>\u00ab\u00a0peine d\u00e9j\u00e0 \u00e0 attirer, car les salaires \u00e0 l&rsquo;IRSN sont \u00e0 20 \u00e0 40% en de\u00e7\u00e0 [de ceux] du priv\u00e9\u00a0\u00bb<\/em>, selon Thierry Charles.<\/p>\n\n\n\n<h2 class=\"wp-block-heading\">Parce qu&rsquo;il se fait de fa\u00e7on soudaine<\/h2>\n\n\n\n<p>Si l&rsquo;int\u00e9gration des experts de l&rsquo;IRSN \u00e0 l&rsquo;ASN avait d\u00e9j\u00e0 \u00e9t\u00e9 sugg\u00e9r\u00e9e par le patron de cette derni\u00e8re en 2020, l&rsquo;annonce du gouvernement le 8 f\u00e9vrier \u00e9tait inattendue. Lors des auditions men\u00e9es par l&rsquo;Office parlementaire d&rsquo;\u00e9valuation des choix scientifiques, jeudi, certains \u00e9lus ont exprim\u00e9 leur surprise.<em>&nbsp;\u00ab\u00a0Dans le pays le plus nucl\u00e9aris\u00e9 au monde, le syst\u00e8me de s\u00fbret\u00e9 a prouv\u00e9 son efficacit\u00e9. Pourquoi le remettre en cause ?\u00a0\u00bb<\/em>, s&rsquo;est interrog\u00e9e la s\u00e9natrice socialiste Ang\u00e8le Pr\u00e9ville.<\/p>\n\n\n\n<p>La m\u00e9thode de l&rsquo;ex\u00e9cutif lui a valu des critiques.<em>&nbsp;\u00ab\u00a0Comment peut-on d\u00e9fendre l&rsquo;id\u00e9e que la d\u00e9cision soit d\u00e9j\u00e0 prise alors qu&rsquo;aucune des parties prenantes ni aucune instance l\u00e9gitime n&rsquo;a \u00e9t\u00e9 consult\u00e9e ?\u00a0\u00bb<\/em>, a d\u00e9plor\u00e9 Lionel Larqu\u00e9, membre du Conseil d&rsquo;orientation des recherches de l&rsquo;IRSN. Dans une tribune publi\u00e9e par&nbsp;<em><a href=\"https:\/\/www.liberation.fr\/idees-et-debats\/tribunes\/le-demantelement-de-linstitut-de-surete-nucleaire-est-une-lourde-erreur-par-cedric-villani-20230217_PSFUJYVKDJEPTNVZXAYMUS5UPU\/?redirected=1\" target=\"_blank\" rel=\"noreferrer noopener\">Lib\u00e9ration<\/a>&nbsp;(article r\u00e9serv\u00e9 aux abonn\u00e9s)<\/em>, C\u00e9dric Villani, ancien d\u00e9put\u00e9 de la majorit\u00e9 et ex-pr\u00e9sident de l&rsquo;Opecst, s&rsquo;est insurg\u00e9 contre une r\u00e9forme&nbsp;<em>\u00ab\u00a0organis\u00e9e sur un coin de table dans le secret d&rsquo;un petit comit\u00e9 (\u2026) sans pr\u00e9paration par le moindre d\u00e9bat, ni mission, ni audition, ni visite de terrain\u00a0\u00bb.&nbsp;<\/em><\/p>\n\n\n\n<p>Le projet pourrait \u00eatre act\u00e9 tr\u00e8s rapidement, via un amendement&nbsp;au&nbsp;<a href=\"https:\/\/www.francetvinfo.fr\/societe\/nucleaire\/acceleration-du-nucleaire-pourquoi-ce-projet-de-loi-passe-en-premiere-lecture-au-senat-et-non-a-l-assemblee_5608034.html\">projet de loi d&rsquo;acc\u00e9l\u00e9ration du nucl\u00e9aire<\/a>. Celui-ci est d\u00e9j\u00e0 adopt\u00e9 au S\u00e9nat et sera examin\u00e9 \u00e0 l&rsquo;Assembl\u00e9e nationale en mars. Le d\u00e9put\u00e9 Horizons Pierre Henriet, actuel pr\u00e9sident de l&rsquo;Opecst, a confirm\u00e9 que l&rsquo;option \u00e9tait sur la table, et le directeur g\u00e9n\u00e9ral de l&rsquo;IRSN l&rsquo;a \u00e9galement affirm\u00e9 aux repr\u00e9sentants du personnel, selon Philippe Bourachot, d\u00e9l\u00e9gu\u00e9 CGT. L&rsquo;intersyndicale a demand\u00e9 \u00e0 Agn\u00e8s Pannier-Runacher vendredi un&nbsp;<em>\u00ab\u00a0diagnostic\u00a0\u00bb&nbsp;<\/em>pr\u00e9alable \u00e0 une \u00e9ventuelle r\u00e9forme, mais compte surtout&nbsp;<em>\u00ab\u00a0faire en sorte que cet amendement ne soit pas int\u00e9gr\u00e9 dans cette loi\u00a0\u00bb<\/em>. Le minist\u00e8re de la Transition \u00e9nerg\u00e9tique, de son c\u00f4t\u00e9, assure \u00e0 l&rsquo;AFP qu&rsquo;il envisage une fusion conclue dans un d\u00e9lai d&rsquo;un an \u00e0 un an et demi.<\/p>\n","protected":false},"excerpt":{"rendered":"<p>Un an apr\u00e8s l&rsquo;annonce par Emmanuel Macron de son projet de relance du nucl\u00e9aire fran\u00e7ais, l&rsquo;heure est aux premiers remous. Les salari\u00e9s de l&rsquo;Institut de radioprotection et s\u00fbret\u00e9 nucl\u00e9aire (IRSN), expert de tous les risques radiologiques,&nbsp;\u00e9taient appel\u00e9s \u00e0 la gr\u00e8ve, lundi 20 f\u00e9vrier. Ils protestent contre la disparition annonc\u00e9e de leur institution, dans le cadre [&hellip;]<\/p>\n","protected":false},"author":2,"featured_media":24052,"comment_status":"open","ping_status":"open","sticky":false,"template":"","format":"standard","meta":{"_jetpack_memberships_contains_paid_content":false,"footnotes":"","jetpack_publicize_message":"","jetpack_publicize_feature_enabled":true,"jetpack_social_post_already_shared":true,"jetpack_social_options":{"image_generator_settings":{"template":"highway","default_image_id":0,"font":"","enabled":false},"version":2},"_wpas_customize_per_network":false},"categories":[405],"tags":[],"class_list":["post-24051","post","type-post","status-publish","format-standard","has-post-thumbnail","hentry","category-actu-france-monde"],"jetpack_publicize_connections":[],"jetpack_featured_media_url":"https:\/\/i0.wp.com\/www.iceagetv.com\/radiosite\/wp-content\/uploads\/2023\/02\/Surete-nucleaire.jpg?fit=893%2C522&ssl=1","jetpack_sharing_enabled":true,"_links":{"self":[{"href":"https:\/\/www.iceagetv.com\/radiosite\/wp-json\/wp\/v2\/posts\/24051","targetHints":{"allow":["GET"]}}],"collection":[{"href":"https:\/\/www.iceagetv.com\/radiosite\/wp-json\/wp\/v2\/posts"}],"about":[{"href":"https:\/\/www.iceagetv.com\/radiosite\/wp-json\/wp\/v2\/types\/post"}],"author":[{"embeddable":true,"href":"https:\/\/www.iceagetv.com\/radiosite\/wp-json\/wp\/v2\/users\/2"}],"replies":[{"embeddable":true,"href":"https:\/\/www.iceagetv.com\/radiosite\/wp-json\/wp\/v2\/comments?post=24051"}],"version-history":[{"count":1,"href":"https:\/\/www.iceagetv.com\/radiosite\/wp-json\/wp\/v2\/posts\/24051\/revisions"}],"predecessor-version":[{"id":24053,"href":"https:\/\/www.iceagetv.com\/radiosite\/wp-json\/wp\/v2\/posts\/24051\/revisions\/24053"}],"wp:featuredmedia":[{"embeddable":true,"href":"https:\/\/www.iceagetv.com\/radiosite\/wp-json\/wp\/v2\/media\/24052"}],"wp:attachment":[{"href":"https:\/\/www.iceagetv.com\/radiosite\/wp-json\/wp\/v2\/media?parent=24051"}],"wp:term":[{"taxonomy":"category","embeddable":true,"href":"https:\/\/www.iceagetv.com\/radiosite\/wp-json\/wp\/v2\/categories?post=24051"},{"taxonomy":"post_tag","embeddable":true,"href":"https:\/\/www.iceagetv.com\/radiosite\/wp-json\/wp\/v2\/tags?post=24051"}],"curies":[{"name":"wp","href":"https:\/\/api.w.org\/{rel}","templated":true}]}}