{"id":24054,"date":"2023-02-21T17:33:51","date_gmt":"2023-02-21T17:33:51","guid":{"rendered":"https:\/\/www.iceagetv.com\/radiosite\/?p=24054"},"modified":"2023-02-21T17:33:51","modified_gmt":"2023-02-21T17:33:51","slug":"la-premiere-dame-des-etats-unis-jill-biden-va-se-rendre-en-namibie-et-au-kenya-cette-semaine-pour-renforcer-les-partenariats-de-washington-sur-le-continent-africain","status":"publish","type":"post","link":"https:\/\/www.iceagetv.com\/radiosite\/la-premiere-dame-des-etats-unis-jill-biden-va-se-rendre-en-namibie-et-au-kenya-cette-semaine-pour-renforcer-les-partenariats-de-washington-sur-le-continent-africain\/","title":{"rendered":"La premi\u00e8re dame des \u00c9tats-Unis, Jill Biden, va se rendre en Namibie et au Kenya cette semaine pour renforcer les partenariats\u00bb de Washington sur le continent africain"},"content":{"rendered":"\n<p>La premi\u00e8re dame des \u00c9tats-Unis, Jill Biden, va se rendre en Namibie et au Kenya cette semaine \u00abpour renforcer les partenariats\u00bb de Washington sur le continent africain, a indiqu\u00e9&nbsp; la Maison Blanche. Ce voyage intervient \u00e0 la suite du sommet sur l&rsquo;Afrique qui s&rsquo;est tenu en d\u00e9cembre \u00e0 Washington, pendant lequel le pr\u00e9sident am\u00e9ricain Joe Biden a plaid\u00e9 pour cr\u00e9er un vaste partenariat avec l&rsquo;Afrique, et au moment o\u00f9 les \u00c9tats-Unis cherchent \u00e0 affirmer leur pr\u00e9sence sur le continent face aux investissements chinois.<\/p>\n\n\n\n<p>Du 22 au 26 f\u00e9vrier, les rencontres et entretiens pr\u00e9vus de Jill Biden vont se focaliser sur \u00ables femmes et les jeunes, les efforts en vue de faire face \u00e0 l&rsquo;ins\u00e9curit\u00e9 alimentaire et la promotion de nos valeurs d\u00e9mocratiques partag\u00e9es\u00bb, a indiqu\u00e9 l&rsquo;ex\u00e9cutif am\u00e9ricain dans un communiqu\u00e9. Il s&rsquo;agira de la premi\u00e8re visite de Jill Biden en Namibie et de sa troisi\u00e8me au Kenya, a pr\u00e9cis\u00e9 la Maison Blanche.<\/p>\n\n\n\n<p>\u00abLe monde fait face \u00e0 des d\u00e9fis majeurs dont des probl\u00e8mes caus\u00e9s par le changement climatique, les stigmates de la pand\u00e9mie et les cons\u00e9quences de l&rsquo;invasion russe de l&rsquo;Ukraine pour la s\u00e9curit\u00e9 alimentaire et nos valeurs partag\u00e9es\u00bb, a dit un responsable am\u00e9ricain.<\/p>\n\n\n\n<p>\u00abNous pensons que les gouvernements et peuples africains vont et doivent \u00eatre assis autour de la table pour ces importantes discussions. On ne peut pas r\u00e9ussir sans le leadership et la participation de l&rsquo;Afrique\u00bb, a-t-il ajout\u00e9.<\/p>\n\n\n\n<p>Au Kenya, Jill Biden doit notamment parler de la s\u00e9cheresse historique accablant la Corne de l&rsquo;Afrique et plongeant dans la faim des millions de personnes.<\/p>\n","protected":false},"excerpt":{"rendered":"<p>La premi\u00e8re dame des \u00c9tats-Unis, Jill Biden, va se rendre en Namibie et au Kenya cette semaine \u00abpour renforcer les partenariats\u00bb de Washington sur le continent africain, a indiqu\u00e9&nbsp; la Maison Blanche. Ce voyage intervient \u00e0 la suite du sommet sur l&rsquo;Afrique qui s&rsquo;est tenu en d\u00e9cembre \u00e0 Washington, pendant lequel le pr\u00e9sident am\u00e9ricain Joe [&hellip;]<\/p>\n","protected":false},"author":2,"featured_media":24055,"comment_status":"open","ping_status":"open","sticky":false,"template":"","format":"standard","meta":{"_jetpack_memberships_contains_paid_content":false,"footnotes":"","jetpack_publicize_message":"","jetpack_publicize_feature_enabled":true,"jetpack_social_post_already_shared":true,"jetpack_social_options":{"image_generator_settings":{"template":"highway","default_image_id":0,"font":"","enabled":false},"version":2},"_wpas_customize_per_network":false},"categories":[405],"tags":[],"class_list":["post-24054","post","type-post","status-publish","format-standard","has-post-thumbnail","hentry","category-actu-france-monde"],"jetpack_publicize_connections":[],"jetpack_featured_media_url":"https:\/\/i0.wp.com\/www.iceagetv.com\/radiosite\/wp-content\/uploads\/2023\/02\/La-premiere-dame-des-Etats-Unis.jpg?fit=679%2C293&ssl=1","jetpack_sharing_enabled":true,"_links":{"self":[{"href":"https:\/\/www.iceagetv.com\/radiosite\/wp-json\/wp\/v2\/posts\/24054","targetHints":{"allow":["GET"]}}],"collection":[{"href":"https:\/\/www.iceagetv.com\/radiosite\/wp-json\/wp\/v2\/posts"}],"about":[{"href":"https:\/\/www.iceagetv.com\/radiosite\/wp-json\/wp\/v2\/types\/post"}],"author":[{"embeddable":true,"href":"https:\/\/www.iceagetv.com\/radiosite\/wp-json\/wp\/v2\/users\/2"}],"replies":[{"embeddable":true,"href":"https:\/\/www.iceagetv.com\/radiosite\/wp-json\/wp\/v2\/comments?post=24054"}],"version-history":[{"count":1,"href":"https:\/\/www.iceagetv.com\/radiosite\/wp-json\/wp\/v2\/posts\/24054\/revisions"}],"predecessor-version":[{"id":24056,"href":"https:\/\/www.iceagetv.com\/radiosite\/wp-json\/wp\/v2\/posts\/24054\/revisions\/24056"}],"wp:featuredmedia":[{"embeddable":true,"href":"https:\/\/www.iceagetv.com\/radiosite\/wp-json\/wp\/v2\/media\/24055"}],"wp:attachment":[{"href":"https:\/\/www.iceagetv.com\/radiosite\/wp-json\/wp\/v2\/media?parent=24054"}],"wp:term":[{"taxonomy":"category","embeddable":true,"href":"https:\/\/www.iceagetv.com\/radiosite\/wp-json\/wp\/v2\/categories?post=24054"},{"taxonomy":"post_tag","embeddable":true,"href":"https:\/\/www.iceagetv.com\/radiosite\/wp-json\/wp\/v2\/tags?post=24054"}],"curies":[{"name":"wp","href":"https:\/\/api.w.org\/{rel}","templated":true}]}}