{"id":24060,"date":"2023-02-22T12:03:44","date_gmt":"2023-02-22T12:03:44","guid":{"rendered":"https:\/\/www.iceagetv.com\/radiosite\/?p=24060"},"modified":"2023-02-22T12:03:44","modified_gmt":"2023-02-22T12:03:44","slug":"saint-jean-de-luz-la-professeure-qui-a-ete-poignardee-ce-matin-par-un-eleve-au-lycee-saint-thomas-daquin-est-decedee-le-jeune-de-16-ans-a-ete-interpelle","status":"publish","type":"post","link":"https:\/\/www.iceagetv.com\/radiosite\/saint-jean-de-luz-la-professeure-qui-a-ete-poignardee-ce-matin-par-un-eleve-au-lycee-saint-thomas-daquin-est-decedee-le-jeune-de-16-ans-a-ete-interpelle\/","title":{"rendered":"\u00a0Saint-Jean-de-Luz: La professeure qui a \u00e9t\u00e9 poignard\u00e9e ce matin par un \u00e9l\u00e8ve au lyc\u00e9e Saint-Thomas d&rsquo;Aquin est d\u00e9c\u00e9d\u00e9e &#8211; Le jeune de 16 ans a \u00e9t\u00e9 interpell\u00e9"},"content":{"rendered":"\n<p>Le gouvernement a apport\u00e9 mercredi son \u00ab soutien \u00bb \u00e0 \u00ab la communaut\u00e9 \u00e9ducative \u00bb apr\u00e8s le d\u00e9c\u00e8s d\u2019une enseignante poignard\u00e9e par un \u00e9l\u00e8ve \u00e0 Saint-Jean-de-Luz, dans les Pyr\u00e9n\u00e9es-Atlantiques, et a d\u00e9p\u00each\u00e9 sur place le ministre de l\u2019Education Pap Ndiaye (revoir la d\u00e9claration d&rsquo;Olivier V\u00e9ran en cliquant&nbsp;<a href=\"https:\/\/www.jeanmarcmorandini.com\/article-527970-meurtre-d-une-prof-a-saint-jean-de-luz-le-gouvernement-apporte-son-soutien-a-la-communaute-educative-declare-le-porte-parole-du-gouvernement-olivier-veran-regardez.html\" target=\"_blank\" rel=\"noreferrer noopener\">ICI<\/a>).<\/p>\n\n\n\n<p>\u00ab Nous avons tous une pens\u00e9e apr\u00e8s le d\u00e9c\u00e8s terrible de cette enseignante \u00e0 Saint-Jean-de-Luz des suites des blessures mortelles qui lui ont \u00e9t\u00e9 inflig\u00e9s par un \u00e9l\u00e8ve \u00e2g\u00e9 de 16 ans \u00bb, a d\u00e9clar\u00e9 le porte-parole du gouvernement Olivier V\u00e9ran devant la presse apr\u00e8s le Conseil des ministres.<\/p>\n\n\n\n<p>\u00ab \u00c9videmment je ne viendrai pas sur le terrain de l\u2019enqu\u00eate judiciaire qui vient de s\u2019ouvrir, simplement vous dire tout le soutien que nous portons \u00e0 la communaut\u00e9 \u00e9ducative dans son ensemble incluant les enseignants, les directeurs d\u2019\u00e9tablissement, les parents d\u2019\u00e9l\u00e8ves, les \u00e9l\u00e8ves eux-m\u00eames \u00bb, a-t-il ajout\u00e9.<\/p>\n\n\n\n<p>\u00ab J\u2019imagine \u00e0 peine le traumatisme que cela peut repr\u00e9senter localement et plus g\u00e9n\u00e9ralement \u00e0 l\u2019\u00e9chelle de la nation \u00bb, a encore dit Olivier V\u00e9ran. Il a annonc\u00e9 que le ministre de l\u2019\u00c9ducation nationale Pap Ndiaye se rendrait \u00ab sur place d\u00e8s aujourd\u2019hui \u00bb.<strong>\u00a0<\/strong><a rel=\"noreferrer noopener\" href=\"https:\/\/www.francebleu.fr\/infos\/faits-divers-justice\/une-enseignante-poignardee-au-lycee-saint-thomas-d-aquin-a-saint-jean-de-luz-ce-mercredi-matin-3022902\" target=\"_blank\">France Bleu\u00a0<\/a>a recueilli le t\u00e9moignage d\u2019un \u00e9l\u00e8ve pr\u00e9sent dans la classe de l\u2019enseignante poignard\u00e9e. Selon l\u2019\u00e9l\u00e8ve, l&rsquo;agresseur se serait lev\u00e9 en plein cours, tenant une arme blanche cach\u00e9e dans du papier. L&rsquo;adolescent aurait d&rsquo;abord bloqu\u00e9 la porte de la salle\u00a0avant de se diriger vers la professeur et de lui porter un coup de couteau en pleine poitrine. Les autres \u00e9l\u00e8ves se sont enfuis de la classe.<\/p>\n\n\n\n<p><strong>Le point sur ce que l&rsquo;on sait ce midi<\/strong><\/p>\n\n\n\n<p>Une professeure d&rsquo;un \u00e9tablissement priv\u00e9 de Saint-Jean-de Luz (Pyr\u00e9n\u00e9es-Atlantiques) est d\u00e9c\u00e9d\u00e9e apr\u00e8s avoir \u00e9t\u00e9 mortellement bless\u00e9e \u00e0 l&rsquo;arme blanche par un \u00e9l\u00e8ve mercredi, selon le parquet de Bayonne. \u00ab\u00a0Je vous confirme qu&rsquo;il y a bien eu une agression au couteau et que la victime vient de d\u00e9c\u00e9der\u00a0\u00bb, a d\u00e9clar\u00e9 \u00e0 l&rsquo;AFP le procureur J\u00e9r\u00f4me Bourrier.<\/p>\n\n\n\n<p>L&rsquo;\u00e9l\u00e8ve a \u00e9t\u00e9 interpell\u00e9, a-t-il pr\u00e9cis\u00e9. Les faits se sont d\u00e9roul\u00e9s au coll\u00e8ge-lyc\u00e9e catholique Saint-Thomas d&rsquo;Aquin \u00e0 Saint-Jean-de-Luz. Selon le site d&rsquo;information Actu.fr au Pays basque, qui a r\u00e9v\u00e9l\u00e9 l&rsquo;information, la victime est \u00e2g\u00e9e d&rsquo;une cinquantaine d&rsquo;ann\u00e9es. Elle se trouvait en arr\u00eat cardio-respiratoire \u00e0 l&rsquo;arriv\u00e9e des secours, qui n&rsquo;ont pas pu la ranimer.<\/p>\n\n\n\n<p>Selon le journal Sud Ouest, il s&rsquo;agit d&rsquo;une professeure d&rsquo;espagnol qui donnait un cours \u00e0 une classe de seconde. L&rsquo;auteur de l&rsquo;agression mortelle aurait fait irruption dans la salle avec un couteau pour s&rsquo;en prendre violemment \u00e0 l&rsquo;enseignante. La police, le pr\u00e9fet du d\u00e9partement, le procureur de Bayonne et la rectrice de l&rsquo;acad\u00e9mie se rendent sur place, selon un communiqu\u00e9 de la pr\u00e9fecture.<\/p>\n\n\n\n<p>Le 13 septembre, un lyc\u00e9en de 15 ans avait port\u00e9 un coup de couteau \u00e0 la gorge \u00e0 une professeur dans un lyc\u00e9e de Caen. La victime, \u00e2g\u00e9e de 63 ans, \u00e9tait sortie de l&rsquo;h\u00f4pital quelques jours plus tard. L&rsquo;\u00e9l\u00e8ve a \u00e9t\u00e9 mis en examen fin septembre et incarc\u00e9r\u00e9 en milieu m\u00e9dicalis\u00e9.<\/p>\n","protected":false},"excerpt":{"rendered":"<p>Le gouvernement a apport\u00e9 mercredi son \u00ab soutien \u00bb \u00e0 \u00ab la communaut\u00e9 \u00e9ducative \u00bb apr\u00e8s le d\u00e9c\u00e8s d\u2019une enseignante poignard\u00e9e par un \u00e9l\u00e8ve \u00e0 Saint-Jean-de-Luz, dans les Pyr\u00e9n\u00e9es-Atlantiques, et a d\u00e9p\u00each\u00e9 sur place le ministre de l\u2019Education Pap Ndiaye (revoir la d\u00e9claration d&rsquo;Olivier V\u00e9ran en cliquant&nbsp;ICI). \u00ab Nous avons tous une pens\u00e9e apr\u00e8s le [&hellip;]<\/p>\n","protected":false},"author":2,"featured_media":24061,"comment_status":"open","ping_status":"open","sticky":false,"template":"","format":"standard","meta":{"_jetpack_memberships_contains_paid_content":false,"footnotes":"","jetpack_publicize_message":"","jetpack_publicize_feature_enabled":true,"jetpack_social_post_already_shared":true,"jetpack_social_options":{"image_generator_settings":{"template":"highway","default_image_id":0,"font":"","enabled":false},"version":2},"_wpas_customize_per_network":false},"categories":[405],"tags":[],"class_list":["post-24060","post","type-post","status-publish","format-standard","has-post-thumbnail","hentry","category-actu-france-monde"],"jetpack_publicize_connections":[],"jetpack_featured_media_url":"https:\/\/i0.wp.com\/www.iceagetv.com\/radiosite\/wp-content\/uploads\/2023\/02\/Saint-Jean-de-Luz.jpg?fit=679%2C293&ssl=1","jetpack_sharing_enabled":true,"_links":{"self":[{"href":"https:\/\/www.iceagetv.com\/radiosite\/wp-json\/wp\/v2\/posts\/24060","targetHints":{"allow":["GET"]}}],"collection":[{"href":"https:\/\/www.iceagetv.com\/radiosite\/wp-json\/wp\/v2\/posts"}],"about":[{"href":"https:\/\/www.iceagetv.com\/radiosite\/wp-json\/wp\/v2\/types\/post"}],"author":[{"embeddable":true,"href":"https:\/\/www.iceagetv.com\/radiosite\/wp-json\/wp\/v2\/users\/2"}],"replies":[{"embeddable":true,"href":"https:\/\/www.iceagetv.com\/radiosite\/wp-json\/wp\/v2\/comments?post=24060"}],"version-history":[{"count":1,"href":"https:\/\/www.iceagetv.com\/radiosite\/wp-json\/wp\/v2\/posts\/24060\/revisions"}],"predecessor-version":[{"id":24062,"href":"https:\/\/www.iceagetv.com\/radiosite\/wp-json\/wp\/v2\/posts\/24060\/revisions\/24062"}],"wp:featuredmedia":[{"embeddable":true,"href":"https:\/\/www.iceagetv.com\/radiosite\/wp-json\/wp\/v2\/media\/24061"}],"wp:attachment":[{"href":"https:\/\/www.iceagetv.com\/radiosite\/wp-json\/wp\/v2\/media?parent=24060"}],"wp:term":[{"taxonomy":"category","embeddable":true,"href":"https:\/\/www.iceagetv.com\/radiosite\/wp-json\/wp\/v2\/categories?post=24060"},{"taxonomy":"post_tag","embeddable":true,"href":"https:\/\/www.iceagetv.com\/radiosite\/wp-json\/wp\/v2\/tags?post=24060"}],"curies":[{"name":"wp","href":"https:\/\/api.w.org\/{rel}","templated":true}]}}