{"id":24067,"date":"2023-02-23T16:34:50","date_gmt":"2023-02-23T16:34:50","guid":{"rendered":"https:\/\/www.iceagetv.com\/radiosite\/?p=24067"},"modified":"2023-02-23T16:34:52","modified_gmt":"2023-02-23T16:34:52","slug":"incendie-de-la-rue-erlanger-dans-le-16eme-arrondissement-de-paris-faisant-10-morts-laccusee-est-condamnee-a-25-ans-de-reclusion-avec-une-periode-de-surete-des-deux-tiers","status":"publish","type":"post","link":"https:\/\/www.iceagetv.com\/radiosite\/incendie-de-la-rue-erlanger-dans-le-16eme-arrondissement-de-paris-faisant-10-morts-laccusee-est-condamnee-a-25-ans-de-reclusion-avec-une-periode-de-surete-des-deux-tiers\/","title":{"rendered":"Incendie de la rue Erlanger dans le 16\u00e8me arrondissement de Paris faisant 10 morts : L&rsquo;accus\u00e9e est condamn\u00e9e \u00e0 25 ans de r\u00e9clusion avec une p\u00e9riode de s\u00fbret\u00e9 des deux tiers"},"content":{"rendered":"\n<p>Incendie de la rue Erlanger dans le 16\u00e8me arrondissement de Paris : L&rsquo;accus\u00e9e est condamn\u00e9e \u00e0 25 ans de r\u00e9clusion&nbsp;avec une p\u00e9riode de s\u00fbret\u00e9 des deux tiers. Sa peine est assortie de ann\u00e9es de mesures de suivi socio-judiciaire pendant 15 ans.&nbsp;<\/p>\n\n\n\n<p>Le pr\u00e9sident de la cour Franck Zientara a justifi\u00e9 cette peine par&nbsp;\u00ab\u00a0l&rsquo;extr\u00eame gravit\u00e9 des faits\u00a0\u00bb, \u00e9voquant des actes&nbsp;\u00ab\u00a0pas d\u00e9connect\u00e9s de la r\u00e9alit\u00e9\u00a0\u00bb, avec un d\u00e9part de feu&nbsp;\u00ab\u00a0volontaire\u00a0\u00bb, \u00ab\u00a0en pleine nuit\u00a0\u00bb,&nbsp;motiv\u00e9 par&nbsp;\u00ab\u00a0la col\u00e8re et le ressentiment\u00a0\u00bb.<\/p>\n\n\n\n<p>Essia B., une femme de 44 ans qui souffre d&rsquo;addictions et d&rsquo;importants troubles psychiatriques, a reconnu avoir mis le feu dans son immeuble du 16e arrondissement de Paris en 2019, apr\u00e8s un diff\u00e9rend avec un voisin. L&rsquo;incendie a provoqu\u00e9 la mort de 10 personnes.<\/p>\n\n\n\n<p>\u00ab\u00a0Je veux juste dire pardon pour tout\u00a0\u00bb, a d\u00e9clar\u00e9 jeudi l&rsquo;accus\u00e9e au proc\u00e8s de l&rsquo;incendie de la rue Erlanger, \u00e0 Paris, qui avait fait dix morts et des dizaines de bless\u00e9s en f\u00e9vrier 2019.<\/p>\n\n\n\n<p>Invit\u00e9e par le pr\u00e9sident de la cour d&rsquo;assises de Paris \u00e0 dire si elle avait quelque chose \u00e0 ajouter pour sa d\u00e9fense, Essia Boular\u00e8s a indiqu\u00e9: \u00ab\u00a0Pour ma d\u00e9fense, non. Je veux juste dire pardon pour tout, pardon pour tout\u00a0\u00bb.<\/p>\n\n\n\n<p>En gilet beige et chemisier imprim\u00e9, l&rsquo;accus\u00e9e, une femme de 44 ans souffrant d&rsquo;addictions et de troubles psychiatriques, a ensuite fondu en larmes dans le box.<\/p>\n\n\n\n<p>Mercredi, l&rsquo;avocat g\u00e9n\u00e9ral a requis une peine de 27 ann\u00e9es de r\u00e9clusion criminelle, assortie de 18 ans de s\u00fbret\u00e9 et 15 ans d&rsquo;obligation de soins.<\/p>\n\n\n\n<p>\u00ab\u00a0Elle est effondr\u00e9e par la cons\u00e9quence de ses actes, depuis quatre ans. C&rsquo;est la d\u00e9claration de quelqu&rsquo;un qui est sinc\u00e8re et qui, comme tout un chacun qui fait l&rsquo;objet d&rsquo;une r\u00e9quisition de 27 ans, a peur de la d\u00e9cision\u00a0\u00bb, a comment\u00e9 \u00e0 la sortie de la salle d&rsquo;audience l&rsquo;un de ses avocats, S\u00e9bastien Schapira.<\/p>\n","protected":false},"excerpt":{"rendered":"<p>Incendie de la rue Erlanger dans le 16\u00e8me arrondissement de Paris : L&rsquo;accus\u00e9e est condamn\u00e9e \u00e0 25 ans de r\u00e9clusion&nbsp;avec une p\u00e9riode de s\u00fbret\u00e9 des deux tiers. Sa peine est assortie de ann\u00e9es de mesures de suivi socio-judiciaire pendant 15 ans.&nbsp; Le pr\u00e9sident de la cour Franck Zientara a justifi\u00e9 cette peine par&nbsp;\u00ab\u00a0l&rsquo;extr\u00eame gravit\u00e9 des [&hellip;]<\/p>\n","protected":false},"author":2,"featured_media":24068,"comment_status":"open","ping_status":"open","sticky":false,"template":"","format":"standard","meta":{"_jetpack_memberships_contains_paid_content":false,"footnotes":"","jetpack_publicize_message":"","jetpack_publicize_feature_enabled":true,"jetpack_social_post_already_shared":true,"jetpack_social_options":{"image_generator_settings":{"template":"highway","default_image_id":0,"font":"","enabled":false},"version":2},"_wpas_customize_per_network":false},"categories":[405],"tags":[],"class_list":["post-24067","post","type-post","status-publish","format-standard","has-post-thumbnail","hentry","category-actu-france-monde"],"jetpack_publicize_connections":[],"jetpack_featured_media_url":"https:\/\/i0.wp.com\/www.iceagetv.com\/radiosite\/wp-content\/uploads\/2023\/02\/Incendie-de-la-rue-Erlanger-dans-le-16eme.jpg?fit=679%2C293&ssl=1","jetpack_sharing_enabled":true,"_links":{"self":[{"href":"https:\/\/www.iceagetv.com\/radiosite\/wp-json\/wp\/v2\/posts\/24067","targetHints":{"allow":["GET"]}}],"collection":[{"href":"https:\/\/www.iceagetv.com\/radiosite\/wp-json\/wp\/v2\/posts"}],"about":[{"href":"https:\/\/www.iceagetv.com\/radiosite\/wp-json\/wp\/v2\/types\/post"}],"author":[{"embeddable":true,"href":"https:\/\/www.iceagetv.com\/radiosite\/wp-json\/wp\/v2\/users\/2"}],"replies":[{"embeddable":true,"href":"https:\/\/www.iceagetv.com\/radiosite\/wp-json\/wp\/v2\/comments?post=24067"}],"version-history":[{"count":1,"href":"https:\/\/www.iceagetv.com\/radiosite\/wp-json\/wp\/v2\/posts\/24067\/revisions"}],"predecessor-version":[{"id":24069,"href":"https:\/\/www.iceagetv.com\/radiosite\/wp-json\/wp\/v2\/posts\/24067\/revisions\/24069"}],"wp:featuredmedia":[{"embeddable":true,"href":"https:\/\/www.iceagetv.com\/radiosite\/wp-json\/wp\/v2\/media\/24068"}],"wp:attachment":[{"href":"https:\/\/www.iceagetv.com\/radiosite\/wp-json\/wp\/v2\/media?parent=24067"}],"wp:term":[{"taxonomy":"category","embeddable":true,"href":"https:\/\/www.iceagetv.com\/radiosite\/wp-json\/wp\/v2\/categories?post=24067"},{"taxonomy":"post_tag","embeddable":true,"href":"https:\/\/www.iceagetv.com\/radiosite\/wp-json\/wp\/v2\/tags?post=24067"}],"curies":[{"name":"wp","href":"https:\/\/api.w.org\/{rel}","templated":true}]}}