{"id":24072,"date":"2023-02-23T16:59:40","date_gmt":"2023-02-23T16:59:40","guid":{"rendered":"https:\/\/www.iceagetv.com\/radiosite\/?p=24072"},"modified":"2023-02-23T16:59:40","modified_gmt":"2023-02-23T16:59:40","slug":"depuis-2015-lesperance-de-vie-en-bonne-sante-a-65-ans-a-augmente-de-deux-ans","status":"publish","type":"post","link":"https:\/\/www.iceagetv.com\/radiosite\/depuis-2015-lesperance-de-vie-en-bonne-sante-a-65-ans-a-augmente-de-deux-ans\/","title":{"rendered":"DEPUIS 2015, L\u2019ESP\u00c9RANCE DE VIE EN BONNE SANT\u00c9 \u00c0 65 ANS A AUGMENT\u00c9 DE DEUX ANS"},"content":{"rendered":"\n<p>La pand\u00e9mie de Covid a mis un terme \u00e0 l\u2019augmentation globale de l\u2019esp\u00e9rance de vie, mais les jeunes retrait\u00e9s vivent plus longtemps sans incapacit\u00e9.<\/p>\n\n\n\n<p>La Drees, la direction des \u00e9tudes statistiques au minist\u00e8re de la Sant\u00e9, vient de livrer ses derni\u00e8res donn\u00e9es sur l\u2019<a href=\"https:\/\/www.bfmtv.com\/sante\/l-esperance-de-vie-a-65-ans-sans-incapacite-en-legere-hausse-en-france_AN-202302230204.html\">esp\u00e9rance de vie en France<\/a>. Et ces chiffres tout frais apportent de nouveaux \u00e9l\u00e9ments de contexte d\u00e9mographique pour \u00e9clairer le d\u00e9bat sur la r\u00e9forme des retraites.<\/p>\n\n\n\n<p>Ainsi, un gar\u00e7on n\u00e9 en 2021 peut aujourd\u2019hui esp\u00e9rer f\u00eater ses 79 ans et une fille vivre jusqu\u2019\u00e0 quasiment 85 ans et demi. Sur quinze ans, l\u2019esp\u00e9rance de vie \u00e0 la naissance a ainsi progress\u00e9 de quasiment deux ann\u00e9es pour les hommes et d\u2019un peu plus d\u2019une ann\u00e9e pour les femmes. L\u2019\u00e9cart historique entre les genres se resserre.<\/p>\n\n\n\n<h2 class=\"wp-block-heading\">Entre 2018 et 2021, les seniors ont vu leur esp\u00e9rance de vie baisser<\/h2>\n\n\n\n<p>Cette augmentation entre 2006 et 2021 est n\u00e9anmoins trompeuse, car avant<strong>&nbsp;<\/strong>la&nbsp;<a href=\"https:\/\/www.bfmtv.com\/sante\/covid-19-selon-une-etude-les-rappels-vaccinaux-sont-utiles-mais-leur-effet-limite-dans-le-temps_AD-202302210306.html\">pand\u00e9mie de Covid<\/a>, l\u2019esp\u00e9rance de vie \u00e9tait plus \u00e9lev\u00e9e. Et c\u2019est particuli\u00e8rement frappant quand on regarde l\u2019\u00e9volution de l\u2019esp\u00e9rance de vie \u00e0 65 ans. Entre 2006 et 2018, les jeunes retrait\u00e9s avaient gagn\u00e9 entre une ann\u00e9e et une ann\u00e9e et demie de vie selon leur sexe. Mais entre 2018 et 2021, leur esp\u00e9rance de vie a baiss\u00e9: pr\u00e8s de cinq mois en moins pour les hommes et un petit peu moins d\u2019un mois pour les femmes.<\/p>\n\n\n\n<p>Une baisse \u00e9videmment li\u00e9e aux nombreux d\u00e9c\u00e8s chez les personnes \u00e2g\u00e9es atteintes du Covid ces derni\u00e8res ann\u00e9es. La pand\u00e9mie \u00e9tant derri\u00e8re nous, on peut penser que dans les prochaines ann\u00e9es, l\u2019esp\u00e9rance de vie reparte \u00e0 la hausse. Et donc le nombre de mois que vont toucher en moyenne les jeunes retrait\u00e9s devrait recommencer \u00e0 augmenter.<\/p>\n\n\n\n<p>Mais une autre tendance nouvelle appara\u00eet dans les chiffres que vient de r\u00e9v\u00e9ler la Drees: c\u2019est la nette augmentation de l&rsquo;esp\u00e9rance de vie sans incapacit\u00e9, autrement dit le nombre d&rsquo;ann\u00e9es que l\u2019on peut esp\u00e9rer vivre sans \u00eatre limit\u00e9e dans nos activit\u00e9s quotidiennes.<\/p>\n\n\n\n<h2 class=\"wp-block-heading\">Depuis 2015, les jeunes retrait\u00e9s ont vu leur esp\u00e9rance de vie en bonne sant\u00e9 progresser de deux ans<\/h2>\n\n\n\n<p>Un changement majeur pour les jeunes retrait\u00e9s qui ont pu voir, avec leurs parents, combien les infirmit\u00e9s et les&nbsp;<a href=\"https:\/\/www.bfmtv.com\/replay-emissions\/prenez-soin-de-vous\/vivons-vieux-vivons-heureux-06-11_VN-202211060062.html\">maladies li\u00e9es au vieillissement<\/a>&nbsp;ont progressivement r\u00e9duit leur capacit\u00e9 \u00e0 profiter pleinement de leur retraite.<\/p>\n\n\n\n<p>En 2015, un homme de 65 ans pouvait esp\u00e9rer vivre sans incapacit\u00e9 pendant, en moyenne, pr\u00e8s de 9 ans et demi. Et une femme du m\u00eame \u00e2ge un peu plus d\u2019une ann\u00e9e suppl\u00e9mentaire. Six ans plus tard, en 2021, les jeunes retrait\u00e9s ont gagn\u00e9, quel que soit leur sexe, pr\u00e8s de deux ann\u00e9es de vie en bonne sant\u00e9 avec une moyenne de 11 ann\u00e9es et quatre mois pour les hommes et plus de 12 ans et demi pour les femmes.<\/p>\n\n\n\n<p>Est-ce li\u00e9 aux progr\u00e8s de la m\u00e9decine, de la&nbsp;<a href=\"https:\/\/www.bfmtv.com\/economie\/replay-emissions\/check-up-sante\/check-up-sante-la-prevention-pour-le-maintien-de-l-autonomie-une-priorite-de-sante-publique-04-02_VN-202302040232.html\">pr\u00e9vention<\/a>, du&nbsp;<a href=\"https:\/\/www.bfmtv.com\/societe\/une-personne-agee-sur-deux-a-une-vie-sexuelle-active-et-91-en-sont-satisfaits_AN-202210030358.html\">style de vie des seniors<\/a>. Ou au fait que l\u2019\u00e2ge l\u00e9gal de la retraite n\u2019a pas boug\u00e9 depuis 2010? C\u2019est un point qui m\u00e9riterait une \u00e9tude \u00e0 part enti\u00e8re.<\/p>\n","protected":false},"excerpt":{"rendered":"<p>La pand\u00e9mie de Covid a mis un terme \u00e0 l\u2019augmentation globale de l\u2019esp\u00e9rance de vie, mais les jeunes retrait\u00e9s vivent plus longtemps sans incapacit\u00e9. La Drees, la direction des \u00e9tudes statistiques au minist\u00e8re de la Sant\u00e9, vient de livrer ses derni\u00e8res donn\u00e9es sur l\u2019esp\u00e9rance de vie en France. Et ces chiffres tout frais apportent de [&hellip;]<\/p>\n","protected":false},"author":2,"featured_media":24073,"comment_status":"open","ping_status":"open","sticky":false,"template":"","format":"standard","meta":{"_jetpack_memberships_contains_paid_content":false,"footnotes":"","jetpack_publicize_message":"","jetpack_publicize_feature_enabled":true,"jetpack_social_post_already_shared":true,"jetpack_social_options":{"image_generator_settings":{"template":"highway","default_image_id":0,"font":"","enabled":false},"version":2},"_wpas_customize_per_network":false},"categories":[405],"tags":[],"class_list":["post-24072","post","type-post","status-publish","format-standard","has-post-thumbnail","hentry","category-actu-france-monde"],"jetpack_publicize_connections":[],"jetpack_featured_media_url":"https:\/\/i0.wp.com\/www.iceagetv.com\/radiosite\/wp-content\/uploads\/2023\/02\/LESPERANCE-DE-VIE-EN-BONNE-SANTE-A-65-ANS-A-AUGMENTE-DE-DEUX-ANS.jpg?fit=544%2C306&ssl=1","jetpack_sharing_enabled":true,"_links":{"self":[{"href":"https:\/\/www.iceagetv.com\/radiosite\/wp-json\/wp\/v2\/posts\/24072","targetHints":{"allow":["GET"]}}],"collection":[{"href":"https:\/\/www.iceagetv.com\/radiosite\/wp-json\/wp\/v2\/posts"}],"about":[{"href":"https:\/\/www.iceagetv.com\/radiosite\/wp-json\/wp\/v2\/types\/post"}],"author":[{"embeddable":true,"href":"https:\/\/www.iceagetv.com\/radiosite\/wp-json\/wp\/v2\/users\/2"}],"replies":[{"embeddable":true,"href":"https:\/\/www.iceagetv.com\/radiosite\/wp-json\/wp\/v2\/comments?post=24072"}],"version-history":[{"count":1,"href":"https:\/\/www.iceagetv.com\/radiosite\/wp-json\/wp\/v2\/posts\/24072\/revisions"}],"predecessor-version":[{"id":24074,"href":"https:\/\/www.iceagetv.com\/radiosite\/wp-json\/wp\/v2\/posts\/24072\/revisions\/24074"}],"wp:featuredmedia":[{"embeddable":true,"href":"https:\/\/www.iceagetv.com\/radiosite\/wp-json\/wp\/v2\/media\/24073"}],"wp:attachment":[{"href":"https:\/\/www.iceagetv.com\/radiosite\/wp-json\/wp\/v2\/media?parent=24072"}],"wp:term":[{"taxonomy":"category","embeddable":true,"href":"https:\/\/www.iceagetv.com\/radiosite\/wp-json\/wp\/v2\/categories?post=24072"},{"taxonomy":"post_tag","embeddable":true,"href":"https:\/\/www.iceagetv.com\/radiosite\/wp-json\/wp\/v2\/tags?post=24072"}],"curies":[{"name":"wp","href":"https:\/\/api.w.org\/{rel}","templated":true}]}}