{"id":24079,"date":"2023-02-24T14:04:12","date_gmt":"2023-02-24T14:04:12","guid":{"rendered":"https:\/\/www.iceagetv.com\/radiosite\/?p=24079"},"modified":"2023-02-24T14:04:12","modified_gmt":"2023-02-24T14:04:12","slug":"saint-jean-de-luz-ladolescent-de-16-ans-a-ete-mis-en-examen-pour-assassinat-et-place-en-detention-provisoire-annonce-son-avocat","status":"publish","type":"post","link":"https:\/\/www.iceagetv.com\/radiosite\/saint-jean-de-luz-ladolescent-de-16-ans-a-ete-mis-en-examen-pour-assassinat-et-place-en-detention-provisoire-annonce-son-avocat\/","title":{"rendered":"Saint-Jean-de-Luz: L&rsquo;adolescent de 16 ans a \u00e9t\u00e9 mis en examen pour assassinat et plac\u00e9 en d\u00e9tention provisoire, annonce son avocat"},"content":{"rendered":"\n<p><strong>Le point sur ce que l&rsquo;on sait cet apr\u00e8s-midi<\/strong><\/p>\n\n\n\n<p>L\u2019\u00e9l\u00e8ve qui a poignard\u00e9 sa professeure d\u2019espagnol mercredi \u00e0 Saint-Jean-de-Luz (Pyr\u00e9n\u00e9es-Atlantiques) a \u00e9t\u00e9 mis en examen pour assassinat et plac\u00e9 en d\u00e9tention provisoire, a annonc\u00e9 vendredi son avocat, Me Thierry Sagardoytho. Il va \u00eatre incarc\u00e9r\u00e9 \u00ab&nbsp;dans un lieu dont la destination doit \u00eatre tenue confidentielle&nbsp;\u00bb, a-t-il ajout\u00e9 apr\u00e8s la pr\u00e9sentation aux magistrats de l\u2019adolescent de 16 ans. \u00ab&nbsp;C\u2019est un \u00e9tablissement qui prendra en compte et sa jeunesse, et les soins dont il a besoin.&nbsp;\u00bb<\/p>\n\n\n\n<p>\u00ab&nbsp;Nous parlons d\u2019un jeune inconnu des radars judiciaires et \u00e9ducatifs, qui est soudainement pass\u00e9 \u00e0 l\u2019acte, au prix de motivations personnelles que je m\u2019interdis de mettre sur la place publique mais qui ont besoin d\u2019\u00eatre sond\u00e9es, appr\u00e9ci\u00e9es, test\u00e9es par des psychiatres&nbsp;\u00bb, afin de d\u00e9terminer si son discernement \u00e9tait \u00ab&nbsp;entier&nbsp;\u00bb, ou \u00ab&nbsp;au contraire aboli, ou \u00e9ventuellement alt\u00e9r\u00e9&nbsp;\u00bb.<\/p>\n\n\n\n<p>\u00ab&nbsp;Il faudra aller bien au-del\u00e0 de l\u2019examen sommaire&nbsp;\u00bb, a ajout\u00e9 l\u2019avocat qui s\u2019est dit \u00ab&nbsp;effar\u00e9 de lire le compte rendu&nbsp;\u00bb fait \u00e0 la presse du premier examen psychiatrique dont a fait l\u2019objet l\u2019adolescent en garde \u00e0 vue. Jeudi, le procureur de la R\u00e9publique \u00e0 Bayonne, J\u00e9r\u00f4me Bourrier, avait d\u00e9clar\u00e9 que ce premier examen avait r\u00e9v\u00e9l\u00e9 \u00ab&nbsp;une forme d\u2019anxi\u00e9t\u00e9 r\u00e9actionnelle pouvant perturber son discernement&nbsp;\u00bb et \u00ab&nbsp;des \u00e9l\u00e9ments de d\u00e9pression \u00e9voluant depuis une ann\u00e9e&nbsp;\u00bb, mais \u00ab&nbsp;aucune maladie mentale de type schizophr\u00e9nie, \u00e9tat maniaque, m\u00e9lancolie ou retard mental, ni d\u00e9compensation psychiatrique aigu\u00eb&nbsp;\u00bb.<\/p>\n\n\n\n<p>\u00ab&nbsp;L\u2019adolescent appara\u00eet accessible \u00e0 une responsabilit\u00e9 p\u00e9nale sous r\u00e9serve des expertises qui devront \u00eatre ordonn\u00e9es et d\u2019une possible alt\u00e9ration de son discernement&nbsp;\u00bb, avait ajout\u00e9 le procureur. Pour l\u2019avocat, cette expertise \u00ab&nbsp;fait totalement l\u2019impasse sur la tentative de suicide&nbsp;\u00bb de l\u2019adolescent en octobre 2022, \u00e9voqu\u00e9e par le procureur, \u00ab&nbsp;et les prescriptions m\u00e9dicales dont il \u00e9tait l\u2019objet&nbsp;\u00bb.<\/p>\n\n\n\n<p>\u00ab&nbsp;Ce n\u2019est pas une expertise digne de ce nom, c\u2019est un avis&nbsp;\u00bb, a ajout\u00e9 Me Sagardoytho pour qui \u00ab&nbsp;les v\u00e9rit\u00e9s d\u2019aujourd\u2019hui risquent fort de ne pas \u00eatre celles de demain&nbsp;\u00bb. \u00ab&nbsp;Je ne veux pas brosser le portrait d\u2019un jeune homme dont je n\u2019ai pas la comp\u00e9tence pour dire de quoi il souffre (&#8230;) mais beaucoup de ceux qui le connaissent devinent qu\u2019il y a une probl\u00e9matique&nbsp;\u00bb, \u00ab&nbsp;une sorte de noyade, de souffrance intime qui a pu mener \u00e0 l\u2019irr\u00e9parable&nbsp;\u00bb, a-t-il poursuivi. Selon lui, les parents du jeune homme sont \u00ab&nbsp;abasourdis&nbsp;\u00bb et \u00ab&nbsp;\u00e9cras\u00e9s&nbsp;\u00bb.<\/p>\n","protected":false},"excerpt":{"rendered":"<p>Le point sur ce que l&rsquo;on sait cet apr\u00e8s-midi L\u2019\u00e9l\u00e8ve qui a poignard\u00e9 sa professeure d\u2019espagnol mercredi \u00e0 Saint-Jean-de-Luz (Pyr\u00e9n\u00e9es-Atlantiques) a \u00e9t\u00e9 mis en examen pour assassinat et plac\u00e9 en d\u00e9tention provisoire, a annonc\u00e9 vendredi son avocat, Me Thierry Sagardoytho. Il va \u00eatre incarc\u00e9r\u00e9 \u00ab&nbsp;dans un lieu dont la destination doit \u00eatre tenue confidentielle&nbsp;\u00bb, a-t-il [&hellip;]<\/p>\n","protected":false},"author":2,"featured_media":24061,"comment_status":"open","ping_status":"open","sticky":false,"template":"","format":"standard","meta":{"_jetpack_memberships_contains_paid_content":false,"footnotes":"","jetpack_publicize_message":"","jetpack_publicize_feature_enabled":true,"jetpack_social_post_already_shared":true,"jetpack_social_options":{"image_generator_settings":{"template":"highway","default_image_id":0,"font":"","enabled":false},"version":2},"_wpas_customize_per_network":false},"categories":[405],"tags":[],"class_list":["post-24079","post","type-post","status-publish","format-standard","has-post-thumbnail","hentry","category-actu-france-monde"],"jetpack_publicize_connections":[],"jetpack_featured_media_url":"https:\/\/i0.wp.com\/www.iceagetv.com\/radiosite\/wp-content\/uploads\/2023\/02\/Saint-Jean-de-Luz.jpg?fit=679%2C293&ssl=1","jetpack_sharing_enabled":true,"_links":{"self":[{"href":"https:\/\/www.iceagetv.com\/radiosite\/wp-json\/wp\/v2\/posts\/24079","targetHints":{"allow":["GET"]}}],"collection":[{"href":"https:\/\/www.iceagetv.com\/radiosite\/wp-json\/wp\/v2\/posts"}],"about":[{"href":"https:\/\/www.iceagetv.com\/radiosite\/wp-json\/wp\/v2\/types\/post"}],"author":[{"embeddable":true,"href":"https:\/\/www.iceagetv.com\/radiosite\/wp-json\/wp\/v2\/users\/2"}],"replies":[{"embeddable":true,"href":"https:\/\/www.iceagetv.com\/radiosite\/wp-json\/wp\/v2\/comments?post=24079"}],"version-history":[{"count":1,"href":"https:\/\/www.iceagetv.com\/radiosite\/wp-json\/wp\/v2\/posts\/24079\/revisions"}],"predecessor-version":[{"id":24080,"href":"https:\/\/www.iceagetv.com\/radiosite\/wp-json\/wp\/v2\/posts\/24079\/revisions\/24080"}],"wp:featuredmedia":[{"embeddable":true,"href":"https:\/\/www.iceagetv.com\/radiosite\/wp-json\/wp\/v2\/media\/24061"}],"wp:attachment":[{"href":"https:\/\/www.iceagetv.com\/radiosite\/wp-json\/wp\/v2\/media?parent=24079"}],"wp:term":[{"taxonomy":"category","embeddable":true,"href":"https:\/\/www.iceagetv.com\/radiosite\/wp-json\/wp\/v2\/categories?post=24079"},{"taxonomy":"post_tag","embeddable":true,"href":"https:\/\/www.iceagetv.com\/radiosite\/wp-json\/wp\/v2\/tags?post=24079"}],"curies":[{"name":"wp","href":"https:\/\/api.w.org\/{rel}","templated":true}]}}