{"id":24093,"date":"2023-02-26T08:21:16","date_gmt":"2023-02-26T08:21:16","guid":{"rendered":"https:\/\/www.iceagetv.com\/radiosite\/?p=24093"},"modified":"2023-02-26T08:21:16","modified_gmt":"2023-02-26T08:21:16","slug":"pierre-palmade-dans-quel-etat-est-le-comedien-ce-matin-apres-son-avc-hier-soir-cela-va-t-il-avoir-des-consequences-sur-la-decision-de-la-cour-dappel-demain","status":"publish","type":"post","link":"https:\/\/www.iceagetv.com\/radiosite\/pierre-palmade-dans-quel-etat-est-le-comedien-ce-matin-apres-son-avc-hier-soir-cela-va-t-il-avoir-des-consequences-sur-la-decision-de-la-cour-dappel-demain\/","title":{"rendered":"Pierre Palmade &#8211; Dans quel \u00e9tat est le com\u00e9dien ce matin, apr\u00e8s son AVC hier soir ? Cela va-t-il avoir des cons\u00e9quences sur la d\u00e9cision de la Cour d&rsquo;Appel demain"},"content":{"rendered":"\n<p>C&rsquo;est un nouveau rebondissement dans cette affaire qui ne quitte plus la Une de l&rsquo;actualit\u00e9 depuis 15 jours. On a en effet appris hier soir que&nbsp;<strong>Pierre Palmade a \u00e9t\u00e9 victime d&rsquo;un accident vasculaire c\u00e9r\u00e9bral en d\u00e9but de soir\u00e9e, vers 18h30<\/strong>. Selon le Parisien,&nbsp;<strong>cet AVC a tr\u00e8s clairement affaiblie le com\u00e9dien, mais ses jours ne seraient pas en danger dans l&rsquo;imm\u00e9diat.<\/strong><\/p>\n\n\n\n<p>En raison de cet AVC, Pierre Palmade qui \u00e9tait qui&nbsp;assign\u00e9 \u00e0 r\u00e9sidence \u00e0 l\u2019h\u00f4pital Paul Brousse de Villejuif , sous bracelet \u00e9lectronique, depuis le 17 f\u00e9vrier dernier,&nbsp;&nbsp;a \u00e9t\u00e9 transf\u00e9r\u00e9 \u00e0 l\u2019h\u00f4pital du Kremlin-Bic\u00eatre, o\u00f9 il est pris en charge pour son accident vasculaire.<\/p>\n\n\n\n<p><strong>La Cour d&rsquo;Appel d\u00e9cidera demain \u00e0 11h30 si Pierre Palmade doit aller en prison ou s&rsquo;il peut rester sous bracelet \u00e9lectronique<\/strong>. La semaine derni\u00e8re, le parquet, qui avait requis le placement en d\u00e9tention provisoire de Pierre Palmade, a fait appel de la d\u00e9cision du juge des libert\u00e9s et de la d\u00e9tention du tribunal judiciaire de Melun d\u2019assigner \u00e0 r\u00e9sidence l\u2019humoriste de 54 ans.<\/p>\n\n\n\n<p>L&rsquo;article 144 du Code de proc\u00e9dure p\u00e9nale comprend plusieurs conditions pour d\u00e9cider de d\u00e9tention provisoire : en l&rsquo;occurrence le risque de r\u00e9it\u00e9ration des faits et les risques de concertation frauduleuse entre t\u00e9moins ou mis en cause. Pierre Palmade \u00e9tant multir\u00e9cidiviste en mati\u00e8re de conduite sous l&#8217;emprise de stup\u00e9fiant, c&rsquo;est le premier crit\u00e8re qui a \u00e9t\u00e9 requis durant l&rsquo;audience ce matin par le parquet g\u00e9n\u00e9ral. Mais l&rsquo;AVC du com\u00e9dien pourrait changer la donne en raison des cons\u00e9quences que pourrait avoir cet AVC sur l&rsquo;\u00e9tat de sant\u00e9 du com\u00e9dien.<\/p>\n","protected":false},"excerpt":{"rendered":"<p>C&rsquo;est un nouveau rebondissement dans cette affaire qui ne quitte plus la Une de l&rsquo;actualit\u00e9 depuis 15 jours. On a en effet appris hier soir que&nbsp;Pierre Palmade a \u00e9t\u00e9 victime d&rsquo;un accident vasculaire c\u00e9r\u00e9bral en d\u00e9but de soir\u00e9e, vers 18h30. Selon le Parisien,&nbsp;cet AVC a tr\u00e8s clairement affaiblie le com\u00e9dien, mais ses jours ne seraient [&hellip;]<\/p>\n","protected":false},"author":2,"featured_media":24094,"comment_status":"open","ping_status":"open","sticky":false,"template":"","format":"standard","meta":{"_jetpack_memberships_contains_paid_content":false,"footnotes":"","jetpack_publicize_message":"","jetpack_publicize_feature_enabled":true,"jetpack_social_post_already_shared":true,"jetpack_social_options":{"image_generator_settings":{"template":"highway","default_image_id":0,"font":"","enabled":false},"version":2},"_wpas_customize_per_network":false},"categories":[405],"tags":[],"class_list":["post-24093","post","type-post","status-publish","format-standard","has-post-thumbnail","hentry","category-actu-france-monde"],"jetpack_publicize_connections":[],"jetpack_featured_media_url":"https:\/\/i0.wp.com\/www.iceagetv.com\/radiosite\/wp-content\/uploads\/2023\/02\/Dans-quel-etat-est-le-comedien-ce-matin.jpg?fit=679%2C293&ssl=1","jetpack_sharing_enabled":true,"_links":{"self":[{"href":"https:\/\/www.iceagetv.com\/radiosite\/wp-json\/wp\/v2\/posts\/24093","targetHints":{"allow":["GET"]}}],"collection":[{"href":"https:\/\/www.iceagetv.com\/radiosite\/wp-json\/wp\/v2\/posts"}],"about":[{"href":"https:\/\/www.iceagetv.com\/radiosite\/wp-json\/wp\/v2\/types\/post"}],"author":[{"embeddable":true,"href":"https:\/\/www.iceagetv.com\/radiosite\/wp-json\/wp\/v2\/users\/2"}],"replies":[{"embeddable":true,"href":"https:\/\/www.iceagetv.com\/radiosite\/wp-json\/wp\/v2\/comments?post=24093"}],"version-history":[{"count":1,"href":"https:\/\/www.iceagetv.com\/radiosite\/wp-json\/wp\/v2\/posts\/24093\/revisions"}],"predecessor-version":[{"id":24095,"href":"https:\/\/www.iceagetv.com\/radiosite\/wp-json\/wp\/v2\/posts\/24093\/revisions\/24095"}],"wp:featuredmedia":[{"embeddable":true,"href":"https:\/\/www.iceagetv.com\/radiosite\/wp-json\/wp\/v2\/media\/24094"}],"wp:attachment":[{"href":"https:\/\/www.iceagetv.com\/radiosite\/wp-json\/wp\/v2\/media?parent=24093"}],"wp:term":[{"taxonomy":"category","embeddable":true,"href":"https:\/\/www.iceagetv.com\/radiosite\/wp-json\/wp\/v2\/categories?post=24093"},{"taxonomy":"post_tag","embeddable":true,"href":"https:\/\/www.iceagetv.com\/radiosite\/wp-json\/wp\/v2\/tags?post=24093"}],"curies":[{"name":"wp","href":"https:\/\/api.w.org\/{rel}","templated":true}]}}