{"id":24101,"date":"2023-02-27T16:59:28","date_gmt":"2023-02-27T16:59:28","guid":{"rendered":"https:\/\/www.iceagetv.com\/radiosite\/?p=24101"},"modified":"2023-02-27T16:59:30","modified_gmt":"2023-02-27T16:59:30","slug":"pierre-palmade-va-aller-en-prison-a-fresnes-la-cour-dappel-de-paris-a-decide-du-placement-en-detention-provisoire-de-lhumoriste-avec-mandat-de-depot","status":"publish","type":"post","link":"https:\/\/www.iceagetv.com\/radiosite\/pierre-palmade-va-aller-en-prison-a-fresnes-la-cour-dappel-de-paris-a-decide-du-placement-en-detention-provisoire-de-lhumoriste-avec-mandat-de-depot\/","title":{"rendered":"Pierre Palmade va aller en prison \u00e0 Fresnes: La cour d&rsquo;appel de Paris a d\u00e9cid\u00e9 du placement en d\u00e9tention provisoire de l&rsquo;humoriste avec mandat de d\u00e9p\u00f4t"},"content":{"rendered":"\n<p><strong>Le point sur ce que l&rsquo;on sait :<\/strong><\/p>\n\n\n\n<p>La cour d&rsquo;appel de Paris a ordonn\u00e9 lundi le placement en d\u00e9tention provisoire de l&rsquo;humoriste Pierre Palmade, jusque-l\u00e0 assign\u00e9 \u00e0 r\u00e9sidence \u00e0 l&rsquo;h\u00f4pital, apr\u00e8s le grave accident de la route qu&rsquo;il a provoqu\u00e9 le 10 f\u00e9vrier sous l&#8217;emprise de la coca\u00efne.<\/p>\n\n\n\n<p>Pierre Palmade d\u00e9pend d\u00e9sormais de l&rsquo;\u00e9tablissement p\u00e9nitentiaire de Fresnes, mais il reste pour le moment \u00e0 l&rsquo;h\u00f4pital du Kremlin-Bic\u00eatre en raison de son \u00e9tat de sant\u00e9, a pr\u00e9cis\u00e9 une source proche du dossier \u00e0 l&rsquo;AFP.<\/p>\n\n\n\n<p>Depuis la collision qui a fait trois bless\u00e9s graves en Seine-et-Marne, l&rsquo;humoriste de 54 ans est mis en examen pour homicide et blessures involontaires par conducteur ayant fait usage de produits stup\u00e9fiants en \u00e9tat de r\u00e9cidive l\u00e9gale.<\/p>\n\n\n\n<p>Le 17 f\u00e9vrier \u00e0 Melun, le juge des libert\u00e9s et de la d\u00e9tention l&rsquo;avait assign\u00e9 \u00e0 r\u00e9sidence, sous bracelet \u00e9lectronique, dans le service d&rsquo;addictologie d&rsquo;un h\u00f4pital.<\/p>\n\n\n\n<p>Cette d\u00e9cision a \u00e9t\u00e9 contest\u00e9e vendredi devant la chambre de l&rsquo;instruction de la cour d&rsquo;appel de Paris par le parquet, qui avait requis son placement en d\u00e9tention provisoire. Celle-ci a donn\u00e9 raison lundi au parquet et d\u00e9cern\u00e9 un mandat de d\u00e9p\u00f4t, une \u00ab\u00a0d\u00e9cision imm\u00e9diatement ex\u00e9cutoire\u00a0\u00bb, a annonc\u00e9 le procureur g\u00e9n\u00e9ral R\u00e9my Heitz dans un communiqu\u00e9.<\/p>\n\n\n\n<p>Hospitalis\u00e9 \u00e0 Villejuif (Val-de-Marne), Pierre Palmade a \u00e9t\u00e9 victime d&rsquo;un accident vasculaire c\u00e9r\u00e9bral samedi en fin de journ\u00e9e, a indiqu\u00e9 \u00e0 l&rsquo;AFP son entourage, confirmant les informations de plusieurs m\u00e9dias. Il a \u00e9t\u00e9 transf\u00e9r\u00e9 \u00e0 l&rsquo;h\u00f4pital du Kremlin-Bic\u00eatre, a pr\u00e9cis\u00e9 \u00e0 l&rsquo;AFP une autre source proche du dossier.<\/p>\n\n\n\n<p>&#8211; Disgr\u00e2ce &#8211;<\/p>\n\n\n\n<p>Le 10 f\u00e9vrier, sur une route d\u00e9partementale de Seine-et-Marne, l&rsquo;humoriste conduisait une voiture qui a percut\u00e9 un v\u00e9hicule venant en face. Outre le com\u00e9dien, l&rsquo;accident a fait trois bless\u00e9s graves: un homme de 38 ans, son fils de 6 ans et sa belle-s\u0153ur de 27 ans, qui a perdu apr\u00e8s la collision le b\u00e9b\u00e9 qu&rsquo;elle attendait.<\/p>\n\n\n\n<p>Pierre Palmade, test\u00e9 positif \u00e0 la coca\u00efne, a \u00ab\u00a0reconnu\u00a0\u00bb, selon le parquet, en avoir consomm\u00e9, ainsi que des drogues de synth\u00e8se, avant de prendre le volant. La gendarmerie s&rsquo;est vu confier des investigations sur des soup\u00e7ons d&rsquo;infraction \u00e0 la l\u00e9gislation sur les stup\u00e9fiants.<\/p>\n\n\n\n<p>D&rsquo;apr\u00e8s les derni\u00e8res informations sur leur \u00e9tat de sant\u00e9 communiqu\u00e9es par le parquet, le conducteur du v\u00e9hicule percut\u00e9 et son fils sont toujours hospitalis\u00e9s dans un \u00e9tat grave.<\/p>\n\n\n\n<p>A cette affaire qui a d\u00e9clench\u00e9 une temp\u00eate m\u00e9diatique s&rsquo;ajoutent d\u00e9sormais contre l&rsquo;humoriste des investigations sur la d\u00e9tention d&rsquo;images p\u00e9dopornographiques, lanc\u00e9es apr\u00e8s un signalement effectu\u00e9 aupr\u00e8s de la police.<\/p>\n\n\n\n<p>Aucune accusation n&rsquo;est \u00e0 ce stade retenue contre lui dans ce nouveau dossier. Son domicile parisien et sa maison de Seine-et-Marne ont \u00e9t\u00e9 perquisitionn\u00e9s, du mat\u00e9riel informatique saisi.<\/p>\n\n\n\n<p>Un homme a \u00e9t\u00e9 mis en examen samedi pour diffusion et d\u00e9tention d&rsquo;images p\u00e9dopornographiques et plac\u00e9 sous contr\u00f4le judiciaire dans le cadre de cette enqu\u00eate.<\/p>\n\n\n\n<p>Depuis l&rsquo;accident et les nombreuses r\u00e9v\u00e9lations ultra m\u00e9diatis\u00e9es sur la vie de Pierre Palmade, aucune personne de son cercle proche ne s&rsquo;est exprim\u00e9e, \u00e0 l\u2019exception d&rsquo;une de ses s\u0153urs.<\/p>\n\n\n\n<p>Dans un communiqu\u00e9, elle a d\u00e9clar\u00e9 le 14 f\u00e9vrier qu&rsquo;il avait \u00ab\u00a0honte\u00a0\u00bb et \u00ab\u00a0assumerait toutes les cons\u00e9quences de ses actes, avec la conscience terrible qu&rsquo;il ne pourra jamais r\u00e9parer le mal qu&rsquo;il a fait\u00a0\u00bb.<\/p>\n\n\n\n<p>Le directeur du mus\u00e9e Gr\u00e9vin \u00e0 Paris, abritant les reproductions en cire de c\u00e9l\u00e9brit\u00e9s, a annonc\u00e9 jeudi le retrait de la statue de l&rsquo;humoriste. Une d\u00e9cision qui \u00ab\u00a0s&rsquo;imposait\u00a0\u00bb, selon lui, \u00ab\u00a0par respect\u00a0\u00bb pour les victimes de l&rsquo;accident mais \u00ab\u00a0aussi \u00e0 cause des derniers rebondissements de l&rsquo;enqu\u00eate\u00a0\u00bb.<\/p>\n\n\n\n<p>Vendredi, le maire de Fameck (15.000 habitants) en Moselle a annonc\u00e9 que la municipalit\u00e9 d\u00e9programmait la repr\u00e9sentation d'\u00a0\u00bbIls s&rsquo;aiment\u00a0\u00bb, la pi\u00e8ce de th\u00e9\u00e2tre \u00e0 succ\u00e8s co\u00e9crite en 1996 par Pierre Palmade et Muriel Robin. Il a notamment justifi\u00e9 ce retrait par la lutte de la ville \u00ab\u00a0contre les stup\u00e9fiants\u00a0\u00bb.<\/p>\n","protected":false},"excerpt":{"rendered":"<p>Le point sur ce que l&rsquo;on sait : La cour d&rsquo;appel de Paris a ordonn\u00e9 lundi le placement en d\u00e9tention provisoire de l&rsquo;humoriste Pierre Palmade, jusque-l\u00e0 assign\u00e9 \u00e0 r\u00e9sidence \u00e0 l&rsquo;h\u00f4pital, apr\u00e8s le grave accident de la route qu&rsquo;il a provoqu\u00e9 le 10 f\u00e9vrier sous l&#8217;emprise de la coca\u00efne. Pierre Palmade d\u00e9pend d\u00e9sormais de l&rsquo;\u00e9tablissement [&hellip;]<\/p>\n","protected":false},"author":2,"featured_media":24102,"comment_status":"open","ping_status":"open","sticky":false,"template":"","format":"standard","meta":{"_jetpack_memberships_contains_paid_content":false,"footnotes":"","jetpack_publicize_message":"","jetpack_publicize_feature_enabled":true,"jetpack_social_post_already_shared":true,"jetpack_social_options":{"image_generator_settings":{"template":"highway","default_image_id":0,"font":"","enabled":false},"version":2},"_wpas_customize_per_network":false},"categories":[405],"tags":[],"class_list":["post-24101","post","type-post","status-publish","format-standard","has-post-thumbnail","hentry","category-actu-france-monde"],"jetpack_publicize_connections":[],"jetpack_featured_media_url":"https:\/\/i0.wp.com\/www.iceagetv.com\/radiosite\/wp-content\/uploads\/2023\/02\/Pierre-Palmade-va-aller-en-prison-a-Fresnes.jpg?fit=679%2C293&ssl=1","jetpack_sharing_enabled":true,"_links":{"self":[{"href":"https:\/\/www.iceagetv.com\/radiosite\/wp-json\/wp\/v2\/posts\/24101","targetHints":{"allow":["GET"]}}],"collection":[{"href":"https:\/\/www.iceagetv.com\/radiosite\/wp-json\/wp\/v2\/posts"}],"about":[{"href":"https:\/\/www.iceagetv.com\/radiosite\/wp-json\/wp\/v2\/types\/post"}],"author":[{"embeddable":true,"href":"https:\/\/www.iceagetv.com\/radiosite\/wp-json\/wp\/v2\/users\/2"}],"replies":[{"embeddable":true,"href":"https:\/\/www.iceagetv.com\/radiosite\/wp-json\/wp\/v2\/comments?post=24101"}],"version-history":[{"count":1,"href":"https:\/\/www.iceagetv.com\/radiosite\/wp-json\/wp\/v2\/posts\/24101\/revisions"}],"predecessor-version":[{"id":24103,"href":"https:\/\/www.iceagetv.com\/radiosite\/wp-json\/wp\/v2\/posts\/24101\/revisions\/24103"}],"wp:featuredmedia":[{"embeddable":true,"href":"https:\/\/www.iceagetv.com\/radiosite\/wp-json\/wp\/v2\/media\/24102"}],"wp:attachment":[{"href":"https:\/\/www.iceagetv.com\/radiosite\/wp-json\/wp\/v2\/media?parent=24101"}],"wp:term":[{"taxonomy":"category","embeddable":true,"href":"https:\/\/www.iceagetv.com\/radiosite\/wp-json\/wp\/v2\/categories?post=24101"},{"taxonomy":"post_tag","embeddable":true,"href":"https:\/\/www.iceagetv.com\/radiosite\/wp-json\/wp\/v2\/tags?post=24101"}],"curies":[{"name":"wp","href":"https:\/\/api.w.org\/{rel}","templated":true}]}}