{"id":24104,"date":"2023-02-27T17:01:47","date_gmt":"2023-02-27T17:01:47","guid":{"rendered":"https:\/\/www.iceagetv.com\/radiosite\/?p=24104"},"modified":"2023-02-27T17:01:47","modified_gmt":"2023-02-27T17:01:47","slug":"reforme-des-retraites-sncf-la-cfdt-cheminots-lance-un-appel-a-la-greve-reconductible-a-partir-du-7-mars-rejoignant-ainsi-la-cgt-cheminots-lunsa-ferroviaire-et-sud-rail","status":"publish","type":"post","link":"https:\/\/www.iceagetv.com\/radiosite\/reforme-des-retraites-sncf-la-cfdt-cheminots-lance-un-appel-a-la-greve-reconductible-a-partir-du-7-mars-rejoignant-ainsi-la-cgt-cheminots-lunsa-ferroviaire-et-sud-rail\/","title":{"rendered":"R\u00e9forme des retraites &#8211; SNCF: La CFDT-Cheminots lance un appel \u00e0 la gr\u00e8ve reconductible \u00e0 partir du 7 mars, rejoignant ainsi la CGT-Cheminots, l&rsquo;Unsa-Ferroviaire et SUD-Rail"},"content":{"rendered":"\n<p>La CFDT-Cheminots, quatri\u00e8me syndicat repr\u00e9sentatif de la SNCF, a lanc\u00e9 un appel \u00e0 la gr\u00e8ve reconductible \u00e0 partir du 7 mars, rejoignant ainsi la CGT-Cheminots, l&rsquo;Unsa-Ferroviaire et SUD-Rail.<\/p>\n\n\n\n<p>Les quatre syndicats repr\u00e9sentatifs du groupe public se sont mis d&rsquo;accord pour durcir le mouvement, comme l&rsquo;avaient d\u00e9j\u00e0 annonc\u00e9 le 11 f\u00e9vrier l&rsquo;ensemble des organisation syndicales repr\u00e9sentatives de la RATP qui ont elles aussi appel\u00e9 \u00e0 un mouvement reconductible.<\/p>\n\n\n\n<p>Mercredi, l&rsquo;ensemble des syndicats de la SNCF s&rsquo;\u00e9taient r\u00e9unis pour envisager la possibilit\u00e9 d&rsquo;un mouvement reconductible unitaire.<\/p>\n\n\n\n<p>La CGT et SUD militaient pour, mais l&rsquo;Unsa et la CFDT avaient fait savoir qu&rsquo;elles souhaitaient consulter leurs adh\u00e9rents d&rsquo;abord.<\/p>\n\n\n\n<p>Vendredi, l&rsquo;Unsa a appel\u00e9 \u00e0 \u00ab\u00a0reconduire le mouvement apr\u00e8s le 7 mars\u00a0\u00bb, dans un communiqu\u00e9. Le deuxi\u00e8me syndicat de la SNCF \u00ab\u00a0analysera d\u00e8s le 7 mars et chaque jour le taux de gr\u00e9vistes \u00e0 la SNCF (&#8230;), mais \u00e9galement au niveau interprofessionnel, pour d\u00e9cider des suites \u00e0 donner \u00e0 ce mouvement\u00a0\u00bb, a-t-il indiqu\u00e9.<\/p>\n\n\n\n<p>Quant \u00e0 la CFDT, elle a d\u00e9voil\u00e9 les r\u00e9sultats d&rsquo;une consultation lanc\u00e9e au cours du week-end aupr\u00e8s de ses adh\u00e9rents. \u00ab\u00a0Plus de 80% sont favorables \u00e0 une gr\u00e8ve reconductible\u00a0\u00bb, a-t-elle r\u00e9v\u00e9l\u00e9 lundi.<\/p>\n\n\n\n<p>Jeudi, la CGT-Cheminots doit se r\u00e9unir avec les autres f\u00e9d\u00e9rations professionnelles de la CGT actives dans le mouvement (chimie, \u00e9nergie, ports et docks) pour pr\u00e9parer la journ\u00e9e \u00ab\u00a0France \u00e0 l&rsquo;arr\u00eat\u00a0\u00bb du 7 mars et des jours suivants.<\/p>\n","protected":false},"excerpt":{"rendered":"<p>La CFDT-Cheminots, quatri\u00e8me syndicat repr\u00e9sentatif de la SNCF, a lanc\u00e9 un appel \u00e0 la gr\u00e8ve reconductible \u00e0 partir du 7 mars, rejoignant ainsi la CGT-Cheminots, l&rsquo;Unsa-Ferroviaire et SUD-Rail. Les quatre syndicats repr\u00e9sentatifs du groupe public se sont mis d&rsquo;accord pour durcir le mouvement, comme l&rsquo;avaient d\u00e9j\u00e0 annonc\u00e9 le 11 f\u00e9vrier l&rsquo;ensemble des organisation syndicales repr\u00e9sentatives [&hellip;]<\/p>\n","protected":false},"author":2,"featured_media":24105,"comment_status":"open","ping_status":"open","sticky":false,"template":"","format":"standard","meta":{"_jetpack_memberships_contains_paid_content":false,"footnotes":"","jetpack_publicize_message":"","jetpack_publicize_feature_enabled":true,"jetpack_social_post_already_shared":true,"jetpack_social_options":{"image_generator_settings":{"template":"highway","default_image_id":0,"font":"","enabled":false},"version":2},"_wpas_customize_per_network":false},"categories":[405],"tags":[],"class_list":["post-24104","post","type-post","status-publish","format-standard","has-post-thumbnail","hentry","category-actu-france-monde"],"jetpack_publicize_connections":[],"jetpack_featured_media_url":"https:\/\/i0.wp.com\/www.iceagetv.com\/radiosite\/wp-content\/uploads\/2023\/02\/greve-7-mars.jpg?fit=679%2C293&ssl=1","jetpack_sharing_enabled":true,"_links":{"self":[{"href":"https:\/\/www.iceagetv.com\/radiosite\/wp-json\/wp\/v2\/posts\/24104","targetHints":{"allow":["GET"]}}],"collection":[{"href":"https:\/\/www.iceagetv.com\/radiosite\/wp-json\/wp\/v2\/posts"}],"about":[{"href":"https:\/\/www.iceagetv.com\/radiosite\/wp-json\/wp\/v2\/types\/post"}],"author":[{"embeddable":true,"href":"https:\/\/www.iceagetv.com\/radiosite\/wp-json\/wp\/v2\/users\/2"}],"replies":[{"embeddable":true,"href":"https:\/\/www.iceagetv.com\/radiosite\/wp-json\/wp\/v2\/comments?post=24104"}],"version-history":[{"count":1,"href":"https:\/\/www.iceagetv.com\/radiosite\/wp-json\/wp\/v2\/posts\/24104\/revisions"}],"predecessor-version":[{"id":24106,"href":"https:\/\/www.iceagetv.com\/radiosite\/wp-json\/wp\/v2\/posts\/24104\/revisions\/24106"}],"wp:featuredmedia":[{"embeddable":true,"href":"https:\/\/www.iceagetv.com\/radiosite\/wp-json\/wp\/v2\/media\/24105"}],"wp:attachment":[{"href":"https:\/\/www.iceagetv.com\/radiosite\/wp-json\/wp\/v2\/media?parent=24104"}],"wp:term":[{"taxonomy":"category","embeddable":true,"href":"https:\/\/www.iceagetv.com\/radiosite\/wp-json\/wp\/v2\/categories?post=24104"},{"taxonomy":"post_tag","embeddable":true,"href":"https:\/\/www.iceagetv.com\/radiosite\/wp-json\/wp\/v2\/tags?post=24104"}],"curies":[{"name":"wp","href":"https:\/\/api.w.org\/{rel}","templated":true}]}}