{"id":24113,"date":"2023-02-28T16:49:22","date_gmt":"2023-02-28T16:49:22","guid":{"rendered":"https:\/\/www.iceagetv.com\/radiosite\/?p=24113"},"modified":"2023-02-28T16:49:25","modified_gmt":"2023-02-28T16:49:25","slug":"reforme-des-retraites-le-senat-doit-redorer-le-blason-de-la-democratie-representative-terni-a-lassemblee-nationale","status":"publish","type":"post","link":"https:\/\/www.iceagetv.com\/radiosite\/reforme-des-retraites-le-senat-doit-redorer-le-blason-de-la-democratie-representative-terni-a-lassemblee-nationale\/","title":{"rendered":"R\u00e9forme des retraites\u00a0: \u00ab\u00a0Le S\u00e9nat doit redorer le blason de la d\u00e9mocratie repr\u00e9sentative terni \u00e0 l\u2019Assembl\u00e9e nationale\u00a0\u00bb"},"content":{"rendered":"\n<p><strong>L<\/strong>\u2019arriv\u00e9e, cette semaine, du projet de r\u00e9forme des retraites au S\u00e9nat marque une nouvelle \u00e9tape dans le conflit qui agite le second quinquennat d\u2019Emmanuel Macron. La droite y\u00a0domine. Elle fait logiquement monter la pression et pose ses conditions \u00e0 un gouvernement en qu\u00eate d\u00e9sesp\u00e9r\u00e9e d\u2019alli\u00e9s depuis l\u2019ouverture des hostilit\u00e9s\u00a0: meilleure prise en compte des carri\u00e8res longues\u00a0; bonus pour les femmes qui, sinon, appara\u00eetraient comme les grandes victimes du recul de l\u2019\u00e2ge l\u00e9gal de d\u00e9part \u00e0 64\u00a0ans\u00a0; et, \u00e0 l\u2019inverse, moindres concessions \u00e0\u00a0l\u2019\u00e9gard des b\u00e9n\u00e9ficiaires des r\u00e9gimes sp\u00e9ciaux.Dans un entretien au\u00a0<em>Parisien<\/em>, dimanche 26\u00a0f\u00e9vrier, Bruno Retailleau, le pr\u00e9sident du groupe Les R\u00e9publicains (LR) au S\u00e9nat, met cartes sur table avant l\u2019ouverture du d\u00e9bat, recadrant au\u00a0passage la position de la droite r\u00e9publicaine, passablement d\u00e9sax\u00e9e par la fronde du d\u00e9put\u00e9 du Lot Aur\u00e9lien Pradi\u00e9. L\u2019objectif est bien de r\u00e9\u00e9quilibrer financi\u00e8rement le r\u00e9gime des retraites en travaillant plus longtemps. On devine, \u00e0 ces mots, que l\u2019accord avec le gouvernement n\u2019est plus tr\u00e8s loin et qu\u2019il sera d\u2019autant moins difficile \u00e0 boucler que, parall\u00e8lement \u00e0 la bataille des retraites, s\u2019en joue une autre qui touche \u00e0 la l\u00e9gitimit\u00e9 de la repr\u00e9sentation nationale.Le S\u00e9nat a un d\u00e9fi \u00e0 relever, il doit redorer le blason de la d\u00e9mocratie repr\u00e9sentative passablement terni par ce qu\u2019il est advenu \u00e0 l\u2019Assembl\u00e9e nationale durant le mois de f\u00e9vrier\u00a0: en lieu et place du d\u00e9bat, des insultes, des d\u00e9rapages, de la tension, de la violence.<\/p>\n","protected":false},"excerpt":{"rendered":"<p>L\u2019arriv\u00e9e, cette semaine, du projet de r\u00e9forme des retraites au S\u00e9nat marque une nouvelle \u00e9tape dans le conflit qui agite le second quinquennat d\u2019Emmanuel Macron. La droite y\u00a0domine. Elle fait logiquement monter la pression et pose ses conditions \u00e0 un gouvernement en qu\u00eate d\u00e9sesp\u00e9r\u00e9e d\u2019alli\u00e9s depuis l\u2019ouverture des hostilit\u00e9s\u00a0: meilleure prise en compte des carri\u00e8res [&hellip;]<\/p>\n","protected":false},"author":2,"featured_media":24114,"comment_status":"open","ping_status":"open","sticky":false,"template":"","format":"standard","meta":{"_jetpack_memberships_contains_paid_content":false,"footnotes":"","jetpack_publicize_message":"","jetpack_publicize_feature_enabled":true,"jetpack_social_post_already_shared":true,"jetpack_social_options":{"image_generator_settings":{"template":"highway","default_image_id":0,"font":"","enabled":false},"version":2},"_wpas_customize_per_network":false},"categories":[405],"tags":[],"class_list":["post-24113","post","type-post","status-publish","format-standard","has-post-thumbnail","hentry","category-actu-france-monde"],"jetpack_publicize_connections":[],"jetpack_featured_media_url":"https:\/\/i0.wp.com\/www.iceagetv.com\/radiosite\/wp-content\/uploads\/2023\/02\/Le-Senat-doit-redorer-le-blason-de-la-democratie.jpg?fit=680%2C340&ssl=1","jetpack_sharing_enabled":true,"_links":{"self":[{"href":"https:\/\/www.iceagetv.com\/radiosite\/wp-json\/wp\/v2\/posts\/24113","targetHints":{"allow":["GET"]}}],"collection":[{"href":"https:\/\/www.iceagetv.com\/radiosite\/wp-json\/wp\/v2\/posts"}],"about":[{"href":"https:\/\/www.iceagetv.com\/radiosite\/wp-json\/wp\/v2\/types\/post"}],"author":[{"embeddable":true,"href":"https:\/\/www.iceagetv.com\/radiosite\/wp-json\/wp\/v2\/users\/2"}],"replies":[{"embeddable":true,"href":"https:\/\/www.iceagetv.com\/radiosite\/wp-json\/wp\/v2\/comments?post=24113"}],"version-history":[{"count":1,"href":"https:\/\/www.iceagetv.com\/radiosite\/wp-json\/wp\/v2\/posts\/24113\/revisions"}],"predecessor-version":[{"id":24115,"href":"https:\/\/www.iceagetv.com\/radiosite\/wp-json\/wp\/v2\/posts\/24113\/revisions\/24115"}],"wp:featuredmedia":[{"embeddable":true,"href":"https:\/\/www.iceagetv.com\/radiosite\/wp-json\/wp\/v2\/media\/24114"}],"wp:attachment":[{"href":"https:\/\/www.iceagetv.com\/radiosite\/wp-json\/wp\/v2\/media?parent=24113"}],"wp:term":[{"taxonomy":"category","embeddable":true,"href":"https:\/\/www.iceagetv.com\/radiosite\/wp-json\/wp\/v2\/categories?post=24113"},{"taxonomy":"post_tag","embeddable":true,"href":"https:\/\/www.iceagetv.com\/radiosite\/wp-json\/wp\/v2\/tags?post=24113"}],"curies":[{"name":"wp","href":"https:\/\/api.w.org\/{rel}","templated":true}]}}