{"id":24122,"date":"2023-03-01T17:48:00","date_gmt":"2023-03-01T17:48:00","guid":{"rendered":"https:\/\/www.iceagetv.com\/radiosite\/?p=24122"},"modified":"2023-03-01T17:48:00","modified_gmt":"2023-03-01T17:48:00","slug":"accident-de-train-en-grece-le-ministre-des-transports-demissionne","status":"publish","type":"post","link":"https:\/\/www.iceagetv.com\/radiosite\/accident-de-train-en-grece-le-ministre-des-transports-demissionne\/","title":{"rendered":"Accident de train en Gr\u00e8ce : le ministre des Transports d\u00e9missionne"},"content":{"rendered":"\n<p>Au moins 36 personnes ont trouv\u00e9 la mort dans une collision entre deux trains mardi peu avant minuit.<br>Il s&rsquo;agit de la pire catastrophe ferroviaire jamais survenue en Gr\u00e8ce.L&rsquo;accident de trains a fait au moins 36 morts, selon le dernier bilan provisoire. Les raisons de la collision frontale entre les deux trains est encore inconnue, mais le chef de gare de Larissa a \u00e9t\u00e9 interpell\u00e9.\u00a0<\/p>\n\n\n\n<p><strong>D\u00c9MISSION<\/strong><\/p>\n\n\n\n<p>Kostas Karamanlis, le ministre des Transports grecs, a d\u00e9missionn\u00e9. Reconnaissant la v\u00e9tust\u00e9 du r\u00e9seau ferroviaire grec \u00ab\u00a0pas adapt\u00e9 au XXIe si\u00e8cle\u00a0\u00bb, il explique \u00e0 son retour du lieu de la trag\u00e9die : \u00ab\u00a0Je ressens qu&rsquo;il est de mon devoir de d\u00e9missionner comme un signe minimum de respect de la m\u00e9moire des personnes qui sont si injustement d\u00e9c\u00e9d\u00e9es et afin d&rsquo;assumer la responsabilit\u00e9 des erreurs de l&rsquo;\u00c9tat et du syst\u00e8me politique grecs \u00e0 travers les ann\u00e9es\u00a0\u00bb, a-t-il d\u00e9clar\u00e9 dans un communiqu\u00e9.<\/p>\n\n\n\n<p><strong>PR\u00c9SIDENTE<\/strong><\/p>\n\n\n\n<p>Selon les informations de la presse locale, la pr\u00e9sidente de la Gr\u00e8ce, Katerina Sakellaropoulou, est arriv\u00e9e sur le site de l&rsquo;accident. Elle a d\u00e9pos\u00e9 quelques fleurs sur l&rsquo;\u00e9pave en m\u00e9moire des victimes. La cheffe d&rsquo;\u00c9tat s&rsquo;est ensuite rendue dans les deux h\u00f4pitaux de Larissa o\u00f9 ont \u00e9t\u00e9 transport\u00e9s les victimes de la collision.&nbsp;<\/p>\n\n\n\n<p>\u00c0 noter que la dirigeante a \u00e9court\u00e9 une visite en Moldavie pour revenir, en urgence, au pays.\u00a0<\/p>\n\n\n\n<p><strong>MACRON R\u00c9AGIT<\/strong><\/p>\n\n\n\n<p>Dans des tweets post\u00e9s en fran\u00e7ais et en grec, le pr\u00e9sident fran\u00e7ais a adress\u00e9 \u00ab\u00a0ses pens\u00e9es\u00a0\u00bb aux proches des victimes du terrible accident survenu la nuit derni\u00e8re pr\u00e8s de Larissa. \u00ab\u00a0La France se tient aux c\u00f4t\u00e9s des Grecs\u00a0\u00bb, a \u00e9crit le chef de l&rsquo;\u00c9tat.\u00a0<\/p>\n\n\n\n<p><strong>ENQU\u00caTE<\/strong><\/p>\n\n\n\n<p>Le chef de 59 ans de la gare de Larissa a \u00e9t\u00e9 mis en \u00e9tat d&rsquo;arrestation apr\u00e8s avoir \u00e9t\u00e9 interrog\u00e9 par les forces de l&rsquo;ordre, a annonc\u00e9 une source polici\u00e8re \u00e0 l&rsquo;AFP. \u00ab\u00a0Les faits qui lui sont reproch\u00e9s seront annonc\u00e9s sous peu\u00a0\u00bb, a-t-elle soulign\u00e9.&nbsp;<\/p>\n\n\n\n<p>Pour l&rsquo;heure, les enqu\u00eateurs le \u00ab\u00a0consid\u00e8rent comme responsable du mouvement des trains qui se sont retrouv\u00e9s sur la m\u00eame voie\u00a0\u00bb, pr\u00e9cise l&rsquo;agence de presse grecque AMNA.&nbsp;<\/p>\n","protected":false},"excerpt":{"rendered":"<p>Au moins 36 personnes ont trouv\u00e9 la mort dans une collision entre deux trains mardi peu avant minuit.Il s&rsquo;agit de la pire catastrophe ferroviaire jamais survenue en Gr\u00e8ce.L&rsquo;accident de trains a fait au moins 36 morts, selon le dernier bilan provisoire. Les raisons de la collision frontale entre les deux trains est encore inconnue, mais [&hellip;]<\/p>\n","protected":false},"author":2,"featured_media":24123,"comment_status":"open","ping_status":"open","sticky":false,"template":"","format":"standard","meta":{"_jetpack_memberships_contains_paid_content":false,"footnotes":"","jetpack_publicize_message":"","jetpack_publicize_feature_enabled":true,"jetpack_social_post_already_shared":true,"jetpack_social_options":{"image_generator_settings":{"template":"highway","default_image_id":0,"font":"","enabled":false},"version":2},"_wpas_customize_per_network":false},"categories":[405],"tags":[],"class_list":["post-24122","post","type-post","status-publish","format-standard","has-post-thumbnail","hentry","category-actu-france-monde"],"jetpack_publicize_connections":[],"jetpack_featured_media_url":"https:\/\/i0.wp.com\/www.iceagetv.com\/radiosite\/wp-content\/uploads\/2023\/03\/Accident-de-train-en-Grece.jpg?fit=680%2C383&ssl=1","jetpack_sharing_enabled":true,"_links":{"self":[{"href":"https:\/\/www.iceagetv.com\/radiosite\/wp-json\/wp\/v2\/posts\/24122","targetHints":{"allow":["GET"]}}],"collection":[{"href":"https:\/\/www.iceagetv.com\/radiosite\/wp-json\/wp\/v2\/posts"}],"about":[{"href":"https:\/\/www.iceagetv.com\/radiosite\/wp-json\/wp\/v2\/types\/post"}],"author":[{"embeddable":true,"href":"https:\/\/www.iceagetv.com\/radiosite\/wp-json\/wp\/v2\/users\/2"}],"replies":[{"embeddable":true,"href":"https:\/\/www.iceagetv.com\/radiosite\/wp-json\/wp\/v2\/comments?post=24122"}],"version-history":[{"count":1,"href":"https:\/\/www.iceagetv.com\/radiosite\/wp-json\/wp\/v2\/posts\/24122\/revisions"}],"predecessor-version":[{"id":24124,"href":"https:\/\/www.iceagetv.com\/radiosite\/wp-json\/wp\/v2\/posts\/24122\/revisions\/24124"}],"wp:featuredmedia":[{"embeddable":true,"href":"https:\/\/www.iceagetv.com\/radiosite\/wp-json\/wp\/v2\/media\/24123"}],"wp:attachment":[{"href":"https:\/\/www.iceagetv.com\/radiosite\/wp-json\/wp\/v2\/media?parent=24122"}],"wp:term":[{"taxonomy":"category","embeddable":true,"href":"https:\/\/www.iceagetv.com\/radiosite\/wp-json\/wp\/v2\/categories?post=24122"},{"taxonomy":"post_tag","embeddable":true,"href":"https:\/\/www.iceagetv.com\/radiosite\/wp-json\/wp\/v2\/tags?post=24122"}],"curies":[{"name":"wp","href":"https:\/\/api.w.org\/{rel}","templated":true}]}}