{"id":24138,"date":"2023-03-03T16:00:59","date_gmt":"2023-03-03T16:00:59","guid":{"rendered":"https:\/\/www.iceagetv.com\/radiosite\/?p=24138"},"modified":"2023-03-03T16:00:59","modified_gmt":"2023-03-03T16:00:59","slug":"retraites-la-cgt-energie-se-met-en-greve-des-a-present-dans-les-centrales-nucleaires-et-baisse-la-production-delectricite-des-cet-apres-midi-pour-protester-contre-la-fin-des-regimes-speciaux","status":"publish","type":"post","link":"https:\/\/www.iceagetv.com\/radiosite\/retraites-la-cgt-energie-se-met-en-greve-des-a-present-dans-les-centrales-nucleaires-et-baisse-la-production-delectricite-des-cet-apres-midi-pour-protester-contre-la-fin-des-regimes-speciaux\/","title":{"rendered":"Retraites: La CGT Energie se met en gr\u00e8ve d\u00e8s \u00e0 pr\u00e9sent dans les centrales nucl\u00e9aires et baisse la production d&rsquo;\u00e9lectricit\u00e9 d\u00e8s cet apr\u00e8s-midi pour protester contre la fin des r\u00e9gimes sp\u00e9ciaux"},"content":{"rendered":"\n<p>Alors que les d\u00e9bats sur la r\u00e9forme des retraites sont en cours au S\u00e9nat, et \u00e0 quelques jours de la nouvelle journ\u00e9e de mobilisation de mardi prochain, la CGT indique se mettre en gr\u00e8ve d\u00e8s \u00e0 pr\u00e9sent dans les centrales nucl\u00e9aires pour protester contre la fin des r\u00e9gimes sp\u00e9ciaux, rapporte Le&nbsp;<a href=\"https:\/\/www.lefigaro.fr\/societes\/les-agents-d-edf-en-greve-des-ce-vendredi-dans-les-centrales-nucleaires-20230303\" target=\"_blank\" rel=\"noreferrer noopener\">Figaro<\/a>. \u00abCompte tenu du d\u00e9bat qui s&rsquo;ouvre au S\u00e9nat cet apr\u00e8s-midi sur l&rsquo;article 1 concernant la suppression des r\u00e9gimes sp\u00e9ciaux, les agents d&rsquo;EDF des centrales nucl\u00e9aires se mettent en gr\u00e8ve et baissent d\u00e8s cet apr\u00e8s-midi la production d&rsquo;\u00e9lectricit\u00e9\u00bb, explique S\u00e9bastien Menesplier, secr\u00e9taire g\u00e9n\u00e9ral de la CGT Mines-Energie.<\/p>\n\n\n\n<p>\u00ab\u00a0Cette r\u00e9forme impacte les cat\u00e9gories populaires, les classes moyennes et les femmes. Elle aggrave la pr\u00e9carit\u00e9 en fin de carri\u00e8re et d\u2019une mani\u00e8re g\u00e9n\u00e9rale, accentue les in\u00e9galit\u00e9s. Elle s\u2019inscrit dans le dogme de n\u2019augmenter en aucun cas les cotisations sociales rebaptis\u00e9es&nbsp;co\u00fbt du travail\u00a0\u00bb, avait auparavant estim\u00e9 la CGT.<\/p>\n","protected":false},"excerpt":{"rendered":"<p>Alors que les d\u00e9bats sur la r\u00e9forme des retraites sont en cours au S\u00e9nat, et \u00e0 quelques jours de la nouvelle journ\u00e9e de mobilisation de mardi prochain, la CGT indique se mettre en gr\u00e8ve d\u00e8s \u00e0 pr\u00e9sent dans les centrales nucl\u00e9aires pour protester contre la fin des r\u00e9gimes sp\u00e9ciaux, rapporte Le&nbsp;Figaro. \u00abCompte tenu du d\u00e9bat [&hellip;]<\/p>\n","protected":false},"author":2,"featured_media":24139,"comment_status":"open","ping_status":"open","sticky":false,"template":"","format":"standard","meta":{"_jetpack_memberships_contains_paid_content":false,"footnotes":"","jetpack_publicize_message":"","jetpack_publicize_feature_enabled":true,"jetpack_social_post_already_shared":true,"jetpack_social_options":{"image_generator_settings":{"template":"highway","default_image_id":0,"font":"","enabled":false},"version":2},"_wpas_customize_per_network":false},"categories":[405],"tags":[],"class_list":["post-24138","post","type-post","status-publish","format-standard","has-post-thumbnail","hentry","category-actu-france-monde"],"jetpack_publicize_connections":[],"jetpack_featured_media_url":"https:\/\/i0.wp.com\/www.iceagetv.com\/radiosite\/wp-content\/uploads\/2023\/03\/La-CGT-Energie.jpg?fit=679%2C293&ssl=1","jetpack_sharing_enabled":true,"_links":{"self":[{"href":"https:\/\/www.iceagetv.com\/radiosite\/wp-json\/wp\/v2\/posts\/24138","targetHints":{"allow":["GET"]}}],"collection":[{"href":"https:\/\/www.iceagetv.com\/radiosite\/wp-json\/wp\/v2\/posts"}],"about":[{"href":"https:\/\/www.iceagetv.com\/radiosite\/wp-json\/wp\/v2\/types\/post"}],"author":[{"embeddable":true,"href":"https:\/\/www.iceagetv.com\/radiosite\/wp-json\/wp\/v2\/users\/2"}],"replies":[{"embeddable":true,"href":"https:\/\/www.iceagetv.com\/radiosite\/wp-json\/wp\/v2\/comments?post=24138"}],"version-history":[{"count":1,"href":"https:\/\/www.iceagetv.com\/radiosite\/wp-json\/wp\/v2\/posts\/24138\/revisions"}],"predecessor-version":[{"id":24140,"href":"https:\/\/www.iceagetv.com\/radiosite\/wp-json\/wp\/v2\/posts\/24138\/revisions\/24140"}],"wp:featuredmedia":[{"embeddable":true,"href":"https:\/\/www.iceagetv.com\/radiosite\/wp-json\/wp\/v2\/media\/24139"}],"wp:attachment":[{"href":"https:\/\/www.iceagetv.com\/radiosite\/wp-json\/wp\/v2\/media?parent=24138"}],"wp:term":[{"taxonomy":"category","embeddable":true,"href":"https:\/\/www.iceagetv.com\/radiosite\/wp-json\/wp\/v2\/categories?post=24138"},{"taxonomy":"post_tag","embeddable":true,"href":"https:\/\/www.iceagetv.com\/radiosite\/wp-json\/wp\/v2\/tags?post=24138"}],"curies":[{"name":"wp","href":"https:\/\/api.w.org\/{rel}","templated":true}]}}