{"id":24141,"date":"2023-03-04T14:38:21","date_gmt":"2023-03-04T14:38:21","guid":{"rendered":"https:\/\/www.iceagetv.com\/radiosite\/?p=24141"},"modified":"2023-03-04T14:38:21","modified_gmt":"2023-03-04T14:38:21","slug":"le-nombre-de-detenus-dans-les-prisons-francaises-est-reparti-legerement-a-la-hausse-avec-72-294-personnes-incarcerees-au-1er-fevrier-selon-les-donnees-du-ministere-de-la-justice","status":"publish","type":"post","link":"https:\/\/www.iceagetv.com\/radiosite\/le-nombre-de-detenus-dans-les-prisons-francaises-est-reparti-legerement-a-la-hausse-avec-72-294-personnes-incarcerees-au-1er-fevrier-selon-les-donnees-du-ministere-de-la-justice\/","title":{"rendered":"Le nombre de d\u00e9tenus dans les prisons fran\u00e7aises est reparti l\u00e9g\u00e8rement \u00e0 la hausse avec 72 294 personnes incarc\u00e9r\u00e9es au 1er f\u00e9vrier, selon les donn\u00e9es du minist\u00e8re de la Justice"},"content":{"rendered":"\n<p>Le nombre de d\u00e9tenus dans les prisons fran\u00e7aises est reparti l\u00e9g\u00e8rement \u00e0 la hausse avec 72 294 personnes incarc\u00e9r\u00e9es au 1er f\u00e9vrier, selon les donn\u00e9es du minist\u00e8re de la Justice.&nbsp;Apr\u00e8s un haut historique au 1er d\u00e9cembre avec 72 836 prisonniers, le nombre de d\u00e9tenus avait l\u00e9g\u00e8rement fl\u00e9chi au 1er janvier avec 72 173 personnes incarc\u00e9r\u00e9es.<\/p>\n\n\n\n<p>Les \u00e9tablissements p\u00e9nitentiaires fran\u00e7ais comptaient au 1er f\u00e9vrier 72 294 d\u00e9tenus pour 60 662 places op\u00e9rationnelles, soit une densit\u00e9 carc\u00e9rale globale de 119,2%, contre 115,3% il y a un an, selon les statistiques du minist\u00e8re.<\/p>\n\n\n\n<p>Ce taux d&rsquo;occupation est de 141% dans les maisons d&rsquo;arr\u00eat, o\u00f9 sont incarc\u00e9r\u00e9s les d\u00e9tenus en attente de jugement &#8211; et donc pr\u00e9sum\u00e9s innocents &#8211; et ceux condamn\u00e9s \u00e0 de courtes peines.<\/p>\n\n\n\n<p>Quarante-huit prisons affichent une densit\u00e9 sup\u00e9rieure \u00e0 150%. Ce taux d&rsquo;occupation atteint ou d\u00e9passe m\u00eame 200% dans cinq \u00e9tablissements (dont 229,6% \u00e0 Fresnes, 211,4% \u00e0 Bordeaux-Gradignan et 214,1% \u00e0 Carcassonne).<\/p>\n\n\n\n<p>Pr\u00e8s de 15.000 d\u00e9tenus sont actuellement en surnombre par rapport aux places disponibles dans les \u00e9tablissements p\u00e9nitentiaires.<\/p>\n\n\n\n<p>En raison de cette surpopulation, 2 036 sont contraints de dormir sur des matelas pos\u00e9s \u00e0 m\u00eame le sol.<\/p>\n\n\n\n<p>Parmi les d\u00e9tenus, 19 390 sont des pr\u00e9venus, incarc\u00e9r\u00e9s dans l&rsquo;attente de leur jugement.<\/p>\n","protected":false},"excerpt":{"rendered":"<p>Le nombre de d\u00e9tenus dans les prisons fran\u00e7aises est reparti l\u00e9g\u00e8rement \u00e0 la hausse avec 72 294 personnes incarc\u00e9r\u00e9es au 1er f\u00e9vrier, selon les donn\u00e9es du minist\u00e8re de la Justice.&nbsp;Apr\u00e8s un haut historique au 1er d\u00e9cembre avec 72 836 prisonniers, le nombre de d\u00e9tenus avait l\u00e9g\u00e8rement fl\u00e9chi au 1er janvier avec 72 173 personnes incarc\u00e9r\u00e9es. [&hellip;]<\/p>\n","protected":false},"author":2,"featured_media":24142,"comment_status":"open","ping_status":"open","sticky":false,"template":"","format":"standard","meta":{"_jetpack_memberships_contains_paid_content":false,"footnotes":"","jetpack_publicize_message":"","jetpack_publicize_feature_enabled":true,"jetpack_social_post_already_shared":true,"jetpack_social_options":{"image_generator_settings":{"template":"highway","default_image_id":0,"font":"","enabled":false},"version":2},"_wpas_customize_per_network":false},"categories":[405],"tags":[],"class_list":["post-24141","post","type-post","status-publish","format-standard","has-post-thumbnail","hentry","category-actu-france-monde"],"jetpack_publicize_connections":[],"jetpack_featured_media_url":"https:\/\/i0.wp.com\/www.iceagetv.com\/radiosite\/wp-content\/uploads\/2023\/03\/Le-nombre-de-detenus-dans-les-prisons-francaises.jpg?fit=679%2C293&ssl=1","jetpack_sharing_enabled":true,"_links":{"self":[{"href":"https:\/\/www.iceagetv.com\/radiosite\/wp-json\/wp\/v2\/posts\/24141","targetHints":{"allow":["GET"]}}],"collection":[{"href":"https:\/\/www.iceagetv.com\/radiosite\/wp-json\/wp\/v2\/posts"}],"about":[{"href":"https:\/\/www.iceagetv.com\/radiosite\/wp-json\/wp\/v2\/types\/post"}],"author":[{"embeddable":true,"href":"https:\/\/www.iceagetv.com\/radiosite\/wp-json\/wp\/v2\/users\/2"}],"replies":[{"embeddable":true,"href":"https:\/\/www.iceagetv.com\/radiosite\/wp-json\/wp\/v2\/comments?post=24141"}],"version-history":[{"count":1,"href":"https:\/\/www.iceagetv.com\/radiosite\/wp-json\/wp\/v2\/posts\/24141\/revisions"}],"predecessor-version":[{"id":24143,"href":"https:\/\/www.iceagetv.com\/radiosite\/wp-json\/wp\/v2\/posts\/24141\/revisions\/24143"}],"wp:featuredmedia":[{"embeddable":true,"href":"https:\/\/www.iceagetv.com\/radiosite\/wp-json\/wp\/v2\/media\/24142"}],"wp:attachment":[{"href":"https:\/\/www.iceagetv.com\/radiosite\/wp-json\/wp\/v2\/media?parent=24141"}],"wp:term":[{"taxonomy":"category","embeddable":true,"href":"https:\/\/www.iceagetv.com\/radiosite\/wp-json\/wp\/v2\/categories?post=24141"},{"taxonomy":"post_tag","embeddable":true,"href":"https:\/\/www.iceagetv.com\/radiosite\/wp-json\/wp\/v2\/tags?post=24141"}],"curies":[{"name":"wp","href":"https:\/\/api.w.org\/{rel}","templated":true}]}}