{"id":24151,"date":"2023-03-05T07:55:34","date_gmt":"2023-03-05T07:55:34","guid":{"rendered":"https:\/\/www.iceagetv.com\/radiosite\/?p=24151"},"modified":"2023-03-05T07:55:34","modified_gmt":"2023-03-05T07:55:34","slug":"retraites-le-senat-vote-la-fin-des-regimes-speciaux-pour-les-futurs-embauches","status":"publish","type":"post","link":"https:\/\/www.iceagetv.com\/radiosite\/retraites-le-senat-vote-la-fin-des-regimes-speciaux-pour-les-futurs-embauches\/","title":{"rendered":"Retraites: le S\u00e9nat vote la fin des r\u00e9gimes sp\u00e9ciaux pour les futurs embauch\u00e9s"},"content":{"rendered":"\n<p>Le\u00a0<a href=\"https:\/\/www.lefigaro.fr\/politique\/reforme-des-retraites-le-senat-imprime-sa-marque-20230301\">S\u00e9nat \u00e0 majorit\u00e9 de droite<\/a>\u00a0a vot\u00e9 le samedi 4 mars au soir l&rsquo;extinction de plusieurs r\u00e9gimes sp\u00e9ciaux, dont ceux de la\u00a0<a href=\"https:\/\/www.lefigaro.fr\/societes\/absenteisme-manque-de-personnel-la-ratp-paie-au-prix-fort-son-annus-horribilis-de-2022-20230303\">RATP\u00a0<\/a>et des \u00e9nerg\u00e9ticiens, pr\u00e9vue dans l&rsquo;article premier de la r\u00e9forme des retraites, seulement pour les futurs embauch\u00e9s. Le vote a \u00e9t\u00e9 acquis par 233 voix \u00ab<em>pour<\/em>\u00bb et 99 \u00ab<em>contre<\/em>\u00bb.La gauche s&rsquo;est appropri\u00e9 la parole toute la journ\u00e9e contre cette premi\u00e8re mesure tr\u00e8s sensible du projet gouvernemental qui pr\u00e9voit l&rsquo;extinction progressive de cinq r\u00e9gimes sp\u00e9ciaux (industries \u00e9lectriques et gazi\u00e8res, RATP,\u00a0<a href=\"https:\/\/www.lefigaro.fr\/conjoncture\/la-banque-de-france-ecarte-le-risque-de-recession-pour-2023-et-devrait-relever-sa-prevision-de-croissance-20230301\">Banque de France<\/a>, clercs et employ\u00e9s de notaire, membres du Conseil \u00e9conomique, social et environnemental).<\/p>\n\n\n\n<h2 class=\"wp-block-heading\" id=\"subhead-52502cb7-0acc-4ebf-8173-b05ecfe3b65f\">Un serpent de mer\u00bb<\/h2>\n\n\n\n<p>\u00ab<em>Quand on lit cet article, c&rsquo;est un petit peu l&rsquo;auberge espagnole<\/em>\u00bb, a raill\u00e9 la socialiste Marie-Pierre de la Gontrie, pour qui \u00ab<em>ce qui int\u00e9resse le gouvernement, c&rsquo;est la RATP et les \u00e9lectriciens et gaziers<\/em>\u00bb. Plusieurs s\u00e9nateurs de gauche ont dit en souriant que la r\u00e9forme allait \u00ab<em>compliquer la t\u00e2che de Monsieur Castex<\/em>\u00bb en vue des JO de 2024. La communiste Eliane Assassi a d\u00e9nonc\u00e9 \u00ab<em>un serpent de mer qui se nourrit des ranc\u0153urs et des ressentiments<\/em>\u00bb, l&rsquo;\u00e9cologiste Guillaume Gontard \u00ab<em>un jeu dangereux sur les clivages qu&rsquo;on essaie de faire monter entre les Fran\u00e7ais<\/em>\u00bb. \u00ab<em>Vous allez cr\u00e9er le chaos dans le pays<\/em>\u00bb, a affirm\u00e9 le communiste Pierre Laurent.<\/p>\n\n\n\n<p>Les \u00e9nerg\u00e9ticiens ont entam\u00e9 d\u00e8s vendredi une gr\u00e8ve reconductible contre le projet de r\u00e9forme, avec des baisses de production d&rsquo;\u00e9lectricit\u00e9 dans plusieurs centrales nucl\u00e9aires, pr\u00e9lude \u00e0 la journ\u00e9e de \u00ab<em>mise \u00e0 l&rsquo;arr\u00eat<\/em>\u00bb de la France pr\u00e9vue le 7 mars. L&rsquo;intersyndicale RATP a appel\u00e9 \u00e0 une gr\u00e8ve reconductible \u00e0 partir de cette date.<\/p>\n\n\n\n<p>Dans l&rsquo;h\u00e9micycle du S\u00e9nat, le d\u00e9bat sur le sujet n&rsquo;est pas clos puisque doit encore \u00eatre examin\u00e9 dans la suite du texte, apr\u00e8s l&rsquo;article 7, un amendement du patron des s\u00e9nateurs LR Bruno Retailleau contre la \u00ab<em>clause du grand-p\u00e8re<\/em>\u00bb. Contrairement au gouvernement, le s\u00e9nateur vend\u00e9en souhaite que la suppression progressive des r\u00e9gimes sp\u00e9ciaux s&rsquo;applique \u00e0 des salari\u00e9s d\u00e9j\u00e0 en poste.<\/p>\n\n\n\n<p>\u00ab<em>Mon amendement propose une convergence (entre les r\u00e9gimes, NDLR) jusqu&rsquo;en 2040, il n&rsquo;y a rien de brutal alors que pour tous les Fran\u00e7ais, \u00e0 partir du 1er septembre, la r\u00e9forme commencera progressivement \u00e0 s&rsquo;appliquer<\/em>\u00bb, insiste-t-il. Le ministre du Travail&nbsp;<a href=\"https:\/\/www.lefigaro.fr\/politique\/vous-m-avez-insulte-pendant-15-jours-olivier-dussopt-s-emporte-contre-les-deputes-lfi-20230218\">Olivier Dussopt<\/a>&nbsp;a redit samedi dans l&rsquo;h\u00e9micycle son opposition \u00e0 cet amendement qui pourrait \u00eatre rejet\u00e9, faute de soutien des centristes.<\/p>\n","protected":false},"excerpt":{"rendered":"<p>Le\u00a0S\u00e9nat \u00e0 majorit\u00e9 de droite\u00a0a vot\u00e9 le samedi 4 mars au soir l&rsquo;extinction de plusieurs r\u00e9gimes sp\u00e9ciaux, dont ceux de la\u00a0RATP\u00a0et des \u00e9nerg\u00e9ticiens, pr\u00e9vue dans l&rsquo;article premier de la r\u00e9forme des retraites, seulement pour les futurs embauch\u00e9s. Le vote a \u00e9t\u00e9 acquis par 233 voix \u00abpour\u00bb et 99 \u00abcontre\u00bb.La gauche s&rsquo;est appropri\u00e9 la parole toute [&hellip;]<\/p>\n","protected":false},"author":2,"featured_media":24152,"comment_status":"open","ping_status":"open","sticky":false,"template":"","format":"standard","meta":{"_jetpack_memberships_contains_paid_content":false,"footnotes":"","jetpack_publicize_message":"","jetpack_publicize_feature_enabled":true,"jetpack_social_post_already_shared":true,"jetpack_social_options":{"image_generator_settings":{"template":"highway","default_image_id":0,"font":"","enabled":false},"version":2},"_wpas_customize_per_network":false},"categories":[405],"tags":[],"class_list":["post-24151","post","type-post","status-publish","format-standard","has-post-thumbnail","hentry","category-actu-france-monde"],"jetpack_publicize_connections":[],"jetpack_featured_media_url":"https:\/\/i0.wp.com\/www.iceagetv.com\/radiosite\/wp-content\/uploads\/2023\/03\/le-Senat-vote-la-fin-des-regimes-speciaux-pour-les-futurs-embauches.jpg?fit=680%2C357&ssl=1","jetpack_sharing_enabled":true,"_links":{"self":[{"href":"https:\/\/www.iceagetv.com\/radiosite\/wp-json\/wp\/v2\/posts\/24151","targetHints":{"allow":["GET"]}}],"collection":[{"href":"https:\/\/www.iceagetv.com\/radiosite\/wp-json\/wp\/v2\/posts"}],"about":[{"href":"https:\/\/www.iceagetv.com\/radiosite\/wp-json\/wp\/v2\/types\/post"}],"author":[{"embeddable":true,"href":"https:\/\/www.iceagetv.com\/radiosite\/wp-json\/wp\/v2\/users\/2"}],"replies":[{"embeddable":true,"href":"https:\/\/www.iceagetv.com\/radiosite\/wp-json\/wp\/v2\/comments?post=24151"}],"version-history":[{"count":1,"href":"https:\/\/www.iceagetv.com\/radiosite\/wp-json\/wp\/v2\/posts\/24151\/revisions"}],"predecessor-version":[{"id":24153,"href":"https:\/\/www.iceagetv.com\/radiosite\/wp-json\/wp\/v2\/posts\/24151\/revisions\/24153"}],"wp:featuredmedia":[{"embeddable":true,"href":"https:\/\/www.iceagetv.com\/radiosite\/wp-json\/wp\/v2\/media\/24152"}],"wp:attachment":[{"href":"https:\/\/www.iceagetv.com\/radiosite\/wp-json\/wp\/v2\/media?parent=24151"}],"wp:term":[{"taxonomy":"category","embeddable":true,"href":"https:\/\/www.iceagetv.com\/radiosite\/wp-json\/wp\/v2\/categories?post=24151"},{"taxonomy":"post_tag","embeddable":true,"href":"https:\/\/www.iceagetv.com\/radiosite\/wp-json\/wp\/v2\/tags?post=24151"}],"curies":[{"name":"wp","href":"https:\/\/api.w.org\/{rel}","templated":true}]}}