{"id":24160,"date":"2023-03-06T19:40:43","date_gmt":"2023-03-06T19:40:43","guid":{"rendered":"https:\/\/www.iceagetv.com\/radiosite\/?p=24160"},"modified":"2023-03-06T19:41:03","modified_gmt":"2023-03-06T19:41:03","slug":"pierre-palmade-remis-en-liberte-la-juge-dinstruction-a-decide-de-lever-la-detention-provisoire-pour-raison-medicale-le-procureur-fait-appel-de-la-decision-appel-examine-vendredi-prochai","status":"publish","type":"post","link":"https:\/\/www.iceagetv.com\/radiosite\/pierre-palmade-remis-en-liberte-la-juge-dinstruction-a-decide-de-lever-la-detention-provisoire-pour-raison-medicale-le-procureur-fait-appel-de-la-decision-appel-examine-vendredi-prochai\/","title":{"rendered":"Pierre Palmade remis en libert\u00e9 &#8211; La juge d\u2019instruction a d\u00e9cid\u00e9 de lever la d\u00e9tention provisoire pour raison m\u00e9dicale &#8211; Le Procureur fait appel de la d\u00e9cision &#8211; Appel examin\u00e9 vendredi prochain"},"content":{"rendered":"\n<p>La juge d\u2019instruction qui enqu\u00eate sur l\u2019accident de Pierre Palmade a d\u00e9cid\u00e9 ce lundi de lever la d\u00e9tention provisoire de l\u2019humoriste pour raison m\u00e9dicale selon Le Parisien.<\/p>\n\n\n\n<p>Pierre Palmade a ainsi \u00e9t\u00e9, ce lundi, officiellement remis en libert\u00e9, pour motif m\u00e9dical. Il est plac\u00e9 sous contr\u00f4le judiciaire et reste hospitalis\u00e9 au&nbsp;Plessis-Robinson.&nbsp;<strong>Selon Le Parisien, \u00ab\u00a0le procureur de la R\u00e9publique de Melun a fait appel de cette d\u00e9cision. Cet appel sera examin\u00e9 ce vendredi 10&nbsp;mars devant la chambre de l\u2019instruction de la cour d\u2019appel de Paris.<\/strong><\/p>\n\n\n\n<p>La cour d\u2019appel de Paris avait ordonn\u00e9, lundi 27&nbsp;f\u00e9vrier, le placement en d\u00e9tention provisoire de Pierre Palmade, jusque-l\u00e0 assign\u00e9 \u00e0 r\u00e9sidence \u00e0 l\u2019h\u00f4pital, apr\u00e8s le grave accident de la route qu\u2019il a provoqu\u00e9 le 10&nbsp;f\u00e9vrier sous l\u2019emprise de la coca\u00efne.<\/p>\n\n\n\n<p>Depuis la collision qui a fait trois bless\u00e9s graves en Seine-et-Marne, dont une femme enceinte qui a perdu son b\u00e9b\u00e9, l\u2019humoriste de 54&nbsp;ans est mis en examen pour homicide et blessures involontaires par conducteur ayant fait usage de produits stup\u00e9fiants en \u00e9tat de r\u00e9cidive l\u00e9gale.<\/p>\n\n\n\n<p>Le 17&nbsp;f\u00e9vrier \u00e0 Melun, le juge des libert\u00e9s et de la d\u00e9tention l\u2019avait assign\u00e9 \u00e0 r\u00e9sidence, sous bracelet \u00e9lectronique, dans le service d\u2019addictologie d\u2019un h\u00f4pital.<\/p>\n\n\n\n<p>Cette d\u00e9cision, contest\u00e9e par le parquet, avait \u00e9t\u00e9 cass\u00e9e lundi par la chambre de l\u2019instruction de la cour d\u2019appel de Paris, qui a ordonn\u00e9 que l\u2019humoriste soit \u00e9crou\u00e9.<\/p>\n","protected":false},"excerpt":{"rendered":"<p>La juge d\u2019instruction qui enqu\u00eate sur l\u2019accident de Pierre Palmade a d\u00e9cid\u00e9 ce lundi de lever la d\u00e9tention provisoire de l\u2019humoriste pour raison m\u00e9dicale selon Le Parisien. Pierre Palmade a ainsi \u00e9t\u00e9, ce lundi, officiellement remis en libert\u00e9, pour motif m\u00e9dical. Il est plac\u00e9 sous contr\u00f4le judiciaire et reste hospitalis\u00e9 au&nbsp;Plessis-Robinson.&nbsp;Selon Le Parisien, \u00ab\u00a0le procureur [&hellip;]<\/p>\n","protected":false},"author":2,"featured_media":24161,"comment_status":"open","ping_status":"open","sticky":false,"template":"","format":"standard","meta":{"_jetpack_memberships_contains_paid_content":false,"footnotes":"","jetpack_publicize_message":"","jetpack_publicize_feature_enabled":true,"jetpack_social_post_already_shared":true,"jetpack_social_options":{"image_generator_settings":{"template":"highway","default_image_id":0,"font":"","enabled":false},"version":2},"_wpas_customize_per_network":false},"categories":[405],"tags":[],"class_list":["post-24160","post","type-post","status-publish","format-standard","has-post-thumbnail","hentry","category-actu-france-monde"],"jetpack_publicize_connections":[],"jetpack_featured_media_url":"https:\/\/i0.wp.com\/www.iceagetv.com\/radiosite\/wp-content\/uploads\/2023\/03\/Pierre-Palmade-remis-en-liberte.jpg?fit=679%2C293&ssl=1","jetpack_sharing_enabled":true,"_links":{"self":[{"href":"https:\/\/www.iceagetv.com\/radiosite\/wp-json\/wp\/v2\/posts\/24160","targetHints":{"allow":["GET"]}}],"collection":[{"href":"https:\/\/www.iceagetv.com\/radiosite\/wp-json\/wp\/v2\/posts"}],"about":[{"href":"https:\/\/www.iceagetv.com\/radiosite\/wp-json\/wp\/v2\/types\/post"}],"author":[{"embeddable":true,"href":"https:\/\/www.iceagetv.com\/radiosite\/wp-json\/wp\/v2\/users\/2"}],"replies":[{"embeddable":true,"href":"https:\/\/www.iceagetv.com\/radiosite\/wp-json\/wp\/v2\/comments?post=24160"}],"version-history":[{"count":1,"href":"https:\/\/www.iceagetv.com\/radiosite\/wp-json\/wp\/v2\/posts\/24160\/revisions"}],"predecessor-version":[{"id":24162,"href":"https:\/\/www.iceagetv.com\/radiosite\/wp-json\/wp\/v2\/posts\/24160\/revisions\/24162"}],"wp:featuredmedia":[{"embeddable":true,"href":"https:\/\/www.iceagetv.com\/radiosite\/wp-json\/wp\/v2\/media\/24161"}],"wp:attachment":[{"href":"https:\/\/www.iceagetv.com\/radiosite\/wp-json\/wp\/v2\/media?parent=24160"}],"wp:term":[{"taxonomy":"category","embeddable":true,"href":"https:\/\/www.iceagetv.com\/radiosite\/wp-json\/wp\/v2\/categories?post=24160"},{"taxonomy":"post_tag","embeddable":true,"href":"https:\/\/www.iceagetv.com\/radiosite\/wp-json\/wp\/v2\/tags?post=24160"}],"curies":[{"name":"wp","href":"https:\/\/api.w.org\/{rel}","templated":true}]}}