{"id":24167,"date":"2023-03-07T19:24:35","date_gmt":"2023-03-07T19:24:35","guid":{"rendered":"https:\/\/www.iceagetv.com\/radiosite\/?p=24167"},"modified":"2023-03-07T19:24:35","modified_gmt":"2023-03-07T19:24:35","slug":"retraites-nouvelle-mobilisation-samedi-11-mars-ainsi-que-mercredi-15-mars-la-cgt-annonce-35-millions-de-manifestants-en-france-contre-1280-million-selon-la-police","status":"publish","type":"post","link":"https:\/\/www.iceagetv.com\/radiosite\/retraites-nouvelle-mobilisation-samedi-11-mars-ainsi-que-mercredi-15-mars-la-cgt-annonce-35-millions-de-manifestants-en-france-contre-1280-million-selon-la-police\/","title":{"rendered":"Retraites &#8211; Nouvelle mobilisation samedi 11 mars ainsi que mercredi 15 mars &#8211; La CGT annonce 3,5 millions de manifestants en France contre 1,280 million selon la police"},"content":{"rendered":"\n<p>L&rsquo;intersyndicale annonce une nouvelle mobilisation ce samedi 11 mars ainsi que la semaine prochaine, le mercredi 15 mars, le jour de l&rsquo;examen du texte de la r\u00e9forme des retraites par la commission mixte paritaire.<strong>La CGT annonce 3,5 millions de manifestants en France, ce qui serait une participation record alors que la police annonce 1,28 million.<\/strong><\/p>\n\n\n\n<p>Plus de 2000 foyers ont \u00e9t\u00e9 priv\u00e9s d&rsquo;\u00e9lectricit\u00e9 en d\u00e9but d&rsquo;apr\u00e8s-midi \u00e0 Annonay, fief du ministre du Travail Olivier Dussopt, en marge de la mobilisation contre la r\u00e9forme des retraites, a rapport\u00e9 Enedis, qui n&rsquo;exclut pas la piste de coupures \u00absauvages\u00bb de la part de gr\u00e9vistes. Ces interruptions s&rsquo;ajoutent aux coupures provoqu\u00e9es par des gr\u00e9vistes qui ont affect\u00e9 plus de 4 000 usagers mardi \u00e0 Boulogne-sur-Mer, dans le Pas-de-Calais, et Neuville-en-Ferrain, dans le Nord, visant des zones industrielles et commerciales.<\/p>\n\n\n\n<p>\u00c0 Annonay, ville dont Olivier Dussopt &#8211; en premi\u00e8re ligne sur la r\u00e9forme des retraites &#8211; a \u00e9t\u00e9 maire (2008-2017) puis d\u00e9put\u00e9 (2007-2022), \u00abpr\u00e8s de 2 200 clients \u00e9taient priv\u00e9s d&rsquo;\u00e9lectricit\u00e9 en d\u00e9but d&rsquo;apr\u00e8s-midi. Le r\u00e9tablissement est en cours mais 200 clients demeuraient sans courant \u00e0 16h30\u00bb, a indiqu\u00e9 Enedis, confirmant une information du Dauphin\u00e9 Lib\u00e9r\u00e9. Le distributeur d&rsquo;\u00e9lectricit\u00e9 n&rsquo;\u00e9tait pas imm\u00e9diatement en mesure de d\u00e9terminer les causes des coupures ard\u00e9choises, mais \u00abn&rsquo;exclut pas la piste de coupures sauvages de gr\u00e9vistes.\u00bb \u00abNous sommes en train d&rsquo;enqu\u00eater. Si c&rsquo;est le cas, Enedis portera plainte.\u00bb<\/p>\n\n\n\n<p>Un journaliste de l&rsquo;AFP a pu constater les coupures de courant dans le centre-ville d&rsquo;Annonay, o\u00f9 s&rsquo;est tenue une manifestation mardi, mais aucun syndicaliste n&rsquo;avait \u00e0 ce stade revendiqu\u00e9 de coupures sauvages. La marche a rassembl\u00e9 entre 5 500 (pr\u00e9fecture) et 12.000 manifestants (CGT) dans cette ville de quelque 16.000 habitants. Plus t\u00f4t mardi, d&rsquo;autres coupures avaient affect\u00e9 les Hauts-de-France.A 17 heures, les forces de l&rsquo;ordre avaient interpell\u00e9 \u00e0 Paris 13 personnes, indique la pr\u00e9fecture de police.<strong>La CGT annonce 700.000 manifestants \u00e0 Paris, ce qui serait une participation record<\/strong><\/p>\n","protected":false},"excerpt":{"rendered":"<p>L&rsquo;intersyndicale annonce une nouvelle mobilisation ce samedi 11 mars ainsi que la semaine prochaine, le mercredi 15 mars, le jour de l&rsquo;examen du texte de la r\u00e9forme des retraites par la commission mixte paritaire.La CGT annonce 3,5 millions de manifestants en France, ce qui serait une participation record alors que la police annonce 1,28 million. [&hellip;]<\/p>\n","protected":false},"author":2,"featured_media":24168,"comment_status":"open","ping_status":"open","sticky":false,"template":"","format":"standard","meta":{"_jetpack_memberships_contains_paid_content":false,"footnotes":"","jetpack_publicize_message":"","jetpack_publicize_feature_enabled":true,"jetpack_social_post_already_shared":true,"jetpack_social_options":{"image_generator_settings":{"template":"highway","default_image_id":0,"font":"","enabled":false},"version":2},"_wpas_customize_per_network":false},"categories":[405],"tags":[],"class_list":["post-24167","post","type-post","status-publish","format-standard","has-post-thumbnail","hentry","category-actu-france-monde"],"jetpack_publicize_connections":[],"jetpack_featured_media_url":"https:\/\/i0.wp.com\/www.iceagetv.com\/radiosite\/wp-content\/uploads\/2023\/03\/Nouvelle-mobilisation-samedi-11-mars.jpg?fit=679%2C293&ssl=1","jetpack_sharing_enabled":true,"_links":{"self":[{"href":"https:\/\/www.iceagetv.com\/radiosite\/wp-json\/wp\/v2\/posts\/24167","targetHints":{"allow":["GET"]}}],"collection":[{"href":"https:\/\/www.iceagetv.com\/radiosite\/wp-json\/wp\/v2\/posts"}],"about":[{"href":"https:\/\/www.iceagetv.com\/radiosite\/wp-json\/wp\/v2\/types\/post"}],"author":[{"embeddable":true,"href":"https:\/\/www.iceagetv.com\/radiosite\/wp-json\/wp\/v2\/users\/2"}],"replies":[{"embeddable":true,"href":"https:\/\/www.iceagetv.com\/radiosite\/wp-json\/wp\/v2\/comments?post=24167"}],"version-history":[{"count":1,"href":"https:\/\/www.iceagetv.com\/radiosite\/wp-json\/wp\/v2\/posts\/24167\/revisions"}],"predecessor-version":[{"id":24169,"href":"https:\/\/www.iceagetv.com\/radiosite\/wp-json\/wp\/v2\/posts\/24167\/revisions\/24169"}],"wp:featuredmedia":[{"embeddable":true,"href":"https:\/\/www.iceagetv.com\/radiosite\/wp-json\/wp\/v2\/media\/24168"}],"wp:attachment":[{"href":"https:\/\/www.iceagetv.com\/radiosite\/wp-json\/wp\/v2\/media?parent=24167"}],"wp:term":[{"taxonomy":"category","embeddable":true,"href":"https:\/\/www.iceagetv.com\/radiosite\/wp-json\/wp\/v2\/categories?post=24167"},{"taxonomy":"post_tag","embeddable":true,"href":"https:\/\/www.iceagetv.com\/radiosite\/wp-json\/wp\/v2\/tags?post=24167"}],"curies":[{"name":"wp","href":"https:\/\/api.w.org\/{rel}","templated":true}]}}