{"id":24177,"date":"2023-03-08T16:42:06","date_gmt":"2023-03-08T16:42:06","guid":{"rendered":"https:\/\/www.iceagetv.com\/radiosite\/?p=24177"},"modified":"2023-03-08T16:42:06","modified_gmt":"2023-03-08T16:42:06","slug":"meurtre-de-valentin-21-ans-stagiaire-dans-la-societe-de-public-de-touche-pas-a-mon-poste-un-homme-en-garde-a-vue-il-pourrait-sagir-dune-affaire-sentimentale","status":"publish","type":"post","link":"https:\/\/www.iceagetv.com\/radiosite\/meurtre-de-valentin-21-ans-stagiaire-dans-la-societe-de-public-de-touche-pas-a-mon-poste-un-homme-en-garde-a-vue-il-pourrait-sagir-dune-affaire-sentimentale\/","title":{"rendered":"Meurtre de Valentin, 21 ans, stagiaire dans la soci\u00e9t\u00e9 de public de \u00ab\u00a0Touche pas \u00e0 mon poste\u00a0\u00bb : Un homme en garde \u00e0 vue: \u00ab\u00a0Il pourrait s&rsquo;agir d&rsquo;une affaire sentimentale\u00a0\u00bb"},"content":{"rendered":"\n<p>Selon&nbsp;<a href=\"https:\/\/www.leparisien.fr\/faits-divers\/meurtre-de-valentin-a-paris-un-suspect-en-garde-a-vue-08-03-2023-LBCDFIQODRBFDARLWZYZ2W4VRQ.php\" target=\"_blank\" rel=\"noreferrer noopener\">Le Parisien,<\/a>&nbsp;quatre jours apr\u00e8s la d\u00e9couverte du corps de Valentin dans le XVIe arrondissement de Paris, un homme \u00e2g\u00e9 de 24 ans a \u00e9t\u00e9 interpell\u00e9 \u00e0 son domicile parisien. Nos confr\u00e8res pr\u00e9cisent que l&rsquo;individu a \u00e9t\u00e9 plac\u00e9 en garde \u00e0 vue pour homicide volontaire.<\/p>\n\n\n\n<p>A l&rsquo;heure actuelle, aucune pr\u00e9cision suppl\u00e9mentaire n&rsquo;a \u00e9t\u00e9 d\u00e9voil\u00e9e sur l&rsquo;identit\u00e9 du suspect. \u00ab\u00a0Le nombre de coups est un signe. C\u2019est probablement une affaire sentimentale, car seuls les meurtriers amoureux s\u2019acharnent souvent sur leur victime\u00a0\u00bb, a indiqu\u00e9 une source proche de l&rsquo;affaire \u00e0 nos confr\u00e8res.<\/p>\n\n\n\n<p>Le corps de Valentin F., 21 ans, qui \u00e9tait stagiaire dans la soci\u00e9t\u00e9 qui g\u00e8re le public de Cyril Hanouna, a \u00e9t\u00e9 retrouv\u00e9 samedi apr\u00e8s-midi dans son appartement du XVIe arrondissement parisien, alors que l&rsquo;\u00e9tudiant ne r\u00e9pondait plus aux appels depuis jeudi.<\/p>\n\n\n\n<p>Les policiers locaux ont constat\u00e9 \u00e0 leur arriv\u00e9e sur place des traces de sang sur la porte d&rsquo;entr\u00e9e de l&rsquo;appartement, qui ne pr\u00e9sentait aucune trace d&rsquo;effraction. \u00c0 l\u2019int\u00e9rieur, ils ont indiqu\u00e9 avoir retrouv\u00e9 plusieurs objets cass\u00e9s et une forte quantit\u00e9 de sang au sol.<\/p>\n\n\n\n<p>Selon les premiers \u00e9l\u00e9ments de l&rsquo;enqu\u00eate dont l&rsquo;AFP a eu connaissance, une personne cagoul\u00e9e aurait \u00e9t\u00e9 vue sur des cam\u00e9ras de vid\u00e9osurveillance se diriger vers le domicile de la victime. La Brigade criminelle est en charge de l&rsquo;enqu\u00eate confi\u00e9e par le parquet de Paris.<\/p>\n","protected":false},"excerpt":{"rendered":"<p>Selon&nbsp;Le Parisien,&nbsp;quatre jours apr\u00e8s la d\u00e9couverte du corps de Valentin dans le XVIe arrondissement de Paris, un homme \u00e2g\u00e9 de 24 ans a \u00e9t\u00e9 interpell\u00e9 \u00e0 son domicile parisien. Nos confr\u00e8res pr\u00e9cisent que l&rsquo;individu a \u00e9t\u00e9 plac\u00e9 en garde \u00e0 vue pour homicide volontaire. A l&rsquo;heure actuelle, aucune pr\u00e9cision suppl\u00e9mentaire n&rsquo;a \u00e9t\u00e9 d\u00e9voil\u00e9e sur l&rsquo;identit\u00e9 [&hellip;]<\/p>\n","protected":false},"author":2,"featured_media":24178,"comment_status":"open","ping_status":"open","sticky":false,"template":"","format":"standard","meta":{"_jetpack_memberships_contains_paid_content":false,"footnotes":"","jetpack_publicize_message":"","jetpack_publicize_feature_enabled":true,"jetpack_social_post_already_shared":true,"jetpack_social_options":{"image_generator_settings":{"template":"highway","default_image_id":0,"font":"","enabled":false},"version":2},"_wpas_customize_per_network":false},"categories":[405],"tags":[],"class_list":["post-24177","post","type-post","status-publish","format-standard","has-post-thumbnail","hentry","category-actu-france-monde"],"jetpack_publicize_connections":[],"jetpack_featured_media_url":"https:\/\/i0.wp.com\/www.iceagetv.com\/radiosite\/wp-content\/uploads\/2023\/03\/Meurtre-de-Valentin.jpg?fit=899%2C388&ssl=1","jetpack_sharing_enabled":true,"_links":{"self":[{"href":"https:\/\/www.iceagetv.com\/radiosite\/wp-json\/wp\/v2\/posts\/24177","targetHints":{"allow":["GET"]}}],"collection":[{"href":"https:\/\/www.iceagetv.com\/radiosite\/wp-json\/wp\/v2\/posts"}],"about":[{"href":"https:\/\/www.iceagetv.com\/radiosite\/wp-json\/wp\/v2\/types\/post"}],"author":[{"embeddable":true,"href":"https:\/\/www.iceagetv.com\/radiosite\/wp-json\/wp\/v2\/users\/2"}],"replies":[{"embeddable":true,"href":"https:\/\/www.iceagetv.com\/radiosite\/wp-json\/wp\/v2\/comments?post=24177"}],"version-history":[{"count":1,"href":"https:\/\/www.iceagetv.com\/radiosite\/wp-json\/wp\/v2\/posts\/24177\/revisions"}],"predecessor-version":[{"id":24179,"href":"https:\/\/www.iceagetv.com\/radiosite\/wp-json\/wp\/v2\/posts\/24177\/revisions\/24179"}],"wp:featuredmedia":[{"embeddable":true,"href":"https:\/\/www.iceagetv.com\/radiosite\/wp-json\/wp\/v2\/media\/24178"}],"wp:attachment":[{"href":"https:\/\/www.iceagetv.com\/radiosite\/wp-json\/wp\/v2\/media?parent=24177"}],"wp:term":[{"taxonomy":"category","embeddable":true,"href":"https:\/\/www.iceagetv.com\/radiosite\/wp-json\/wp\/v2\/categories?post=24177"},{"taxonomy":"post_tag","embeddable":true,"href":"https:\/\/www.iceagetv.com\/radiosite\/wp-json\/wp\/v2\/tags?post=24177"}],"curies":[{"name":"wp","href":"https:\/\/api.w.org\/{rel}","templated":true}]}}