{"id":24185,"date":"2023-03-09T08:36:02","date_gmt":"2023-03-09T08:36:02","guid":{"rendered":"https:\/\/www.iceagetv.com\/radiosite\/?p=24185"},"modified":"2023-03-09T08:36:02","modified_gmt":"2023-03-09T08:36:02","slug":"marcel-amont-chanteur-bondissant-connu-pour-de-nombreux-tubes-qui-ont-traverse-le-temps-comme-bleu-blanc-blond-ou-dans-le-coeur-de-ma-blonde-est-decede","status":"publish","type":"post","link":"https:\/\/www.iceagetv.com\/radiosite\/marcel-amont-chanteur-bondissant-connu-pour-de-nombreux-tubes-qui-ont-traverse-le-temps-comme-bleu-blanc-blond-ou-dans-le-coeur-de-ma-blonde-est-decede\/","title":{"rendered":"Marcel Amont, chanteur bondissant, connu pour de nombreux tubes qui ont travers\u00e9 le temps, comme \u00ab\u00a0Bleu, blanc, blond\u00a0\u00bb ou \u00ab\u00a0Dans le coeur de ma blonde\u00a0\u00bb est d\u00e9c\u00e9d\u00e9"},"content":{"rendered":"\n<p>Marcel Amont, chanteur bondissant et show-man fantaisiste d\u00e9c\u00e9d\u00e9 \u00e0 l&rsquo;\u00e2ge de 93 ans, \u00e9tait connu pour de nombreux tubes qui ont travers\u00e9 le temps, comme \u00ab\u00a0Bleu, blanc, blond\u00a0\u00bb ou \u00ab\u00a0Dans le coeur de ma blonde\u00a0\u00bb. \u00ab\u00a0Lorsque l&rsquo;id\u00e9e de monter sur les planches s&rsquo;est pr\u00e9cis\u00e9e en moi, j&rsquo;ai voulu devenir un com\u00e9dien de la chanson\u00a0\u00bb, confiait en 1989 le B\u00e9arnais, connu pour son entrain et sa dr\u00f4lerie. Marcel Miramon, de son vrai nom, na\u00eet le 1er avril 1929 \u00e0 Bordeaux.<\/p>\n\n\n\n<p>Il \u00ab\u00a0monte\u00a0\u00bb \u00e0 Paris en 1950 et se fait peu \u00e0 peu un nom dans des cabarets. En 1956, son premier disque re\u00e7oit un Grand prix de l&rsquo;Acad\u00e9mie Charles-Cros et il fait la premi\u00e8re partie d&rsquo;Edith Piaf \u00e0 l&rsquo;Olympia.<\/p>\n\n\n\n<p>D\u00e8s lors, la r\u00e9ussite s&rsquo;attache \u00e0 cette nouvelle vedette populaire, homme svelte, vif, infatigable, qui eut des cheveux blancs tr\u00e8s jeune. Pour lui, la chanson se vivait au music-hall: \u00ab\u00a0Ma vie, c&rsquo;est la sc\u00e8ne\u00a0\u00bb. Avant Claude Fran\u00e7ois, il s&rsquo;entoure de danseurs, de choristes et d&rsquo;\u00e9crans g\u00e9ants. Ses concerts, entre r\u00e9cital et one man show, sont ponctu\u00e9s de sketches.<\/p>\n\n\n\n<p>En d\u00e9pit de la d\u00e9ferlante y\u00e9-y\u00e9, le chanteur, qui se qualifiait de \u00ab\u00a0divertisseur\u00a0\u00bb, s&rsquo;accroche \u00e0 la sc\u00e8ne et reste fid\u00e8le \u00e0 lui-m\u00eame, avec des titres comme \u00ab\u00a0Maria et le pot au lait\u00a0\u00bb (1965). Il d\u00e9plore \u00eatre \u00ab\u00a0l&rsquo;un des rares rescap\u00e9s\u00a0\u00bb des fantaisistes. Le d\u00e9but des ann\u00e9es 70 marque le point culminant de sa carri\u00e8re: un disque d&rsquo;or en 1971 (\u00ab\u00a0L&rsquo;amour \u00e7a passe le temps\u00a0\u00bb), un Olympia triomphal et une \u00e9mission de t\u00e9l\u00e9, \u00ab\u00a0Amont-Tour\u00a0\u00bb, o\u00f9 il se produit avec choristes et danseuses.<\/p>\n\n\n\n<p>Il s&rsquo;essaie \u00e0 la com\u00e9die musicale avec \u00ab\u00a0Pourquoi tu chanterais pas ?\u00a0\u00bb (1975), dont il dit que \u00ab\u00a0la critique a \u00e9t\u00e9 bonne mais personne n&rsquo;est venu\u00a0\u00bb.<\/p>\n\n\n\n<p>Georges Brassens, cet \u00ab\u00a0ami exceptionnel\u00a0\u00bb, lui offre la chanson \u00ab\u00a0Le chapeau de Mireille\u00a0\u00bb en 1975, en consolation d&rsquo;un chagrin d&rsquo;amour et alors que son succ\u00e8s commence \u00e0 passer.<\/p>\n\n\n\n<p>En 1956 d\u00e9j\u00e0, Charles Aznavour lui avait \u00e9crit le \u00ab\u00a0Mexicain\u00a0\u00bb. Tr\u00e8s vite, il se fait acteur, avec un petit r\u00f4le aux c\u00f4t\u00e9s de Brigitte Bardot dans \u00ab\u00a0La mari\u00e9e \u00e9tait trop belle\u00a0\u00bb (1956), mais sa carri\u00e8re cin\u00e9matographique sera limit\u00e9e. Souvent invit\u00e9 \u00e0 la t\u00e9l\u00e9, il appara\u00eet aussi dans des t\u00e9l\u00e9films, jusqu&rsquo;en 2014. Apr\u00e8s une p\u00e9riode de disgr\u00e2ce, il fait son \u00ab\u00a0come back\u00a0\u00bb \u00e0 l&rsquo;Olympia en 1989.<\/p>\n\n\n\n<p>\u00ab\u00a0Le d\u00e9but d&rsquo;une nouvelle carri\u00e8re et en aucun cas un spectacle d&rsquo;adieux\u00a0\u00bb, esp\u00e9rait-il. Il signe aussi ses d\u00e9but litt\u00e9raires en 1994.<\/p>\n\n\n\n<p>Toujours dynamique, il disait sa h\u00e2te de repartir en concert fin 2016, \u00e0 87 ans, r\u00e9p\u00e9tant: \u00ab\u00a0Apr\u00e8s soixante-cinq ans de m\u00e9tier, je ne sais que monter sur sc\u00e8ne !\u00a0\u00bb. Il \u00e9tait fier de garde la forme, ayant toujours fait \u00ab\u00a0attention \u00e0 sa sant\u00e9, sa fa\u00e7on de vivre, de boire et de manger\u00a0\u00bb.<\/p>\n\n\n\n<p>PDG de la soci\u00e9t\u00e9 d&rsquo;\u00e9dition musicale Le Verger depuis 1967, il \u00e9tait mari\u00e9 et p\u00e8re de quatre enfants. Fier de ses origines, il a enregistr\u00e9 de nombreux disques en b\u00e9arnais. Ces derni\u00e8res ann\u00e9es, il avait f\u00eat\u00e9 ses 90 ans sur sc\u00e8ne \u00e0 Paris en 2019, \u00e0 l&rsquo;occasion d&rsquo;un concert \u00e0 l&rsquo;Alhambra, en compagnie d&rsquo;artistes comme Serge Lama ou Nicoletta.<\/p>\n","protected":false},"excerpt":{"rendered":"<p>Marcel Amont, chanteur bondissant et show-man fantaisiste d\u00e9c\u00e9d\u00e9 \u00e0 l&rsquo;\u00e2ge de 93 ans, \u00e9tait connu pour de nombreux tubes qui ont travers\u00e9 le temps, comme \u00ab\u00a0Bleu, blanc, blond\u00a0\u00bb ou \u00ab\u00a0Dans le coeur de ma blonde\u00a0\u00bb. \u00ab\u00a0Lorsque l&rsquo;id\u00e9e de monter sur les planches s&rsquo;est pr\u00e9cis\u00e9e en moi, j&rsquo;ai voulu devenir un com\u00e9dien de la chanson\u00a0\u00bb, confiait [&hellip;]<\/p>\n","protected":false},"author":2,"featured_media":24186,"comment_status":"open","ping_status":"open","sticky":false,"template":"","format":"standard","meta":{"_jetpack_memberships_contains_paid_content":false,"footnotes":"","jetpack_publicize_message":"","jetpack_publicize_feature_enabled":true,"jetpack_social_post_already_shared":true,"jetpack_social_options":{"image_generator_settings":{"template":"highway","default_image_id":0,"font":"","enabled":false},"version":2},"_wpas_customize_per_network":false},"categories":[68],"tags":[],"class_list":["post-24185","post","type-post","status-publish","format-standard","has-post-thumbnail","hentry","category-actu-culturelle"],"jetpack_publicize_connections":[],"jetpack_featured_media_url":"https:\/\/i0.wp.com\/www.iceagetv.com\/radiosite\/wp-content\/uploads\/2023\/03\/Marcel-Amont.jpg?fit=899%2C388&ssl=1","jetpack_sharing_enabled":true,"_links":{"self":[{"href":"https:\/\/www.iceagetv.com\/radiosite\/wp-json\/wp\/v2\/posts\/24185","targetHints":{"allow":["GET"]}}],"collection":[{"href":"https:\/\/www.iceagetv.com\/radiosite\/wp-json\/wp\/v2\/posts"}],"about":[{"href":"https:\/\/www.iceagetv.com\/radiosite\/wp-json\/wp\/v2\/types\/post"}],"author":[{"embeddable":true,"href":"https:\/\/www.iceagetv.com\/radiosite\/wp-json\/wp\/v2\/users\/2"}],"replies":[{"embeddable":true,"href":"https:\/\/www.iceagetv.com\/radiosite\/wp-json\/wp\/v2\/comments?post=24185"}],"version-history":[{"count":1,"href":"https:\/\/www.iceagetv.com\/radiosite\/wp-json\/wp\/v2\/posts\/24185\/revisions"}],"predecessor-version":[{"id":24187,"href":"https:\/\/www.iceagetv.com\/radiosite\/wp-json\/wp\/v2\/posts\/24185\/revisions\/24187"}],"wp:featuredmedia":[{"embeddable":true,"href":"https:\/\/www.iceagetv.com\/radiosite\/wp-json\/wp\/v2\/media\/24186"}],"wp:attachment":[{"href":"https:\/\/www.iceagetv.com\/radiosite\/wp-json\/wp\/v2\/media?parent=24185"}],"wp:term":[{"taxonomy":"category","embeddable":true,"href":"https:\/\/www.iceagetv.com\/radiosite\/wp-json\/wp\/v2\/categories?post=24185"},{"taxonomy":"post_tag","embeddable":true,"href":"https:\/\/www.iceagetv.com\/radiosite\/wp-json\/wp\/v2\/tags?post=24185"}],"curies":[{"name":"wp","href":"https:\/\/api.w.org\/{rel}","templated":true}]}}