{"id":24191,"date":"2023-03-09T14:48:31","date_gmt":"2023-03-09T14:48:31","guid":{"rendered":"https:\/\/www.iceagetv.com\/radiosite\/?p=24191"},"modified":"2023-03-09T14:48:31","modified_gmt":"2023-03-09T14:48:31","slug":"vive-inquietude-en-espagne-ou-trois-mineurs-sont-pris-au-piege-a-900-metres-de-profondeur-dans-une-mine-de-potasse-en-catalogne-a-la-suite-de-leffondrement-dune-galerie","status":"publish","type":"post","link":"https:\/\/www.iceagetv.com\/radiosite\/vive-inquietude-en-espagne-ou-trois-mineurs-sont-pris-au-piege-a-900-metres-de-profondeur-dans-une-mine-de-potasse-en-catalogne-a-la-suite-de-leffondrement-dune-galerie\/","title":{"rendered":"Vive inqui\u00e9tude en Espagne o\u00f9 trois mineurs sont pris au pi\u00e8ge \u00e0 900 m\u00e8tres de profondeur dans une mine de potasse en Catalogne, \u00e0 la suite de l&rsquo;effondrement d&rsquo;une galerie"},"content":{"rendered":"\n<p>Le \u00ab\u00a0pire\u00a0\u00bb est \u00e0 craindre apr\u00e8s un accident \u00e0 900 m\u00e8tres de profondeur dont ont \u00e9t\u00e9 victimes trois personnes dans une mine de potasse \u00e0 Suria, en Catalogne (nord-est de l&rsquo;Espagne), ont affirm\u00e9 les autorit\u00e9s locales.<\/p>\n\n\n\n<p>\u00ab\u00a0Les informations dont nous disposons nous font craindre le pire\u00a0\u00bb, a indiqu\u00e9 sur les lieux \u00e0 la presse Joan Ignasi Elena, responsable du portefeuille de l&rsquo;Int\u00e9rieur au sein du gouvernement r\u00e9gional, sans toutefois confirmer leur mort.<\/p>\n\n\n\n<p>Les pompiers sont en train de travailler pour assurer la s\u00fbret\u00e9 des lieux afin de \u00ab\u00a0pouvoir acc\u00e9der \u00e0 l&rsquo;endroit o\u00f9 sont les trois salari\u00e9s\u00a0\u00bb victimes d&rsquo;un \u00ab\u00a0effondrement\u00a0\u00bb dans la mine, a-t-il ajout\u00e9.<\/p>\n\n\n\n<p>Plusieurs m\u00e9dias espagnols, citant des sources au sein des services de secours intervenant sur place, affirment que ces trois personnes sont mortes.<\/p>\n\n\n\n<p>Mais interrog\u00e9 par l&rsquo;AFP, un porte-parole de la police r\u00e9gionale a indiqu\u00e9 que \u00ab\u00a0la confirmation officielle (de leur mort) n&rsquo;interviendrait qu&rsquo;une fois que les m\u00e9decins seront parvenus \u00e0 leur niveau, certifieront qu&rsquo;ils sont morts et auront inform\u00e9 les familles\u00a0\u00bb.<\/p>\n\n\n\n<p>Selon les pompiers, ces trois personnes se sont retrouv\u00e9es \u00ab\u00a0prises au pi\u00e8ge \u00e0 environ 900 m\u00e8tres de profondeur\u00a0\u00bb.<\/p>\n\n\n\n<p>L&rsquo;accident a eu lieu peu avant 09H00 locales(08H00 GMT), a indiqu\u00e9 la police r\u00e9gionale, qui a d\u00e9ploy\u00e9 des unit\u00e9s sp\u00e9cialis\u00e9es pour participer \u00e0 l&rsquo;op\u00e9ration, dont une unit\u00e9 canine.<\/p>\n\n\n\n<p>Les services d&rsquo;urgence r\u00e9gionaux ont pr\u00e9cis\u00e9 avoir envoy\u00e9 sur place deux h\u00e9licopt\u00e8res m\u00e9dicalis\u00e9s et une \u00e9quipe de psychologues.<\/p>\n\n\n\n<p>Parlant d&rsquo;une \u00ab\u00a0terrible nouvelle\u00a0\u00bb, la ministre du Travail, Yolanda D\u00edaz, a fait part de sa \u00ab\u00a0solidarit\u00e9 aux familles et aux coll\u00e8gues des salari\u00e9s victimes d&rsquo;un effondrement dans la mine de Suria\u00a0\u00bb.<\/p>\n\n\n\n<p>Responsable des entreprises au sein du gouvernement r\u00e9gional catalan, Roger Torrent a assur\u00e9, pour sa part, que le dernier contr\u00f4le de la mine par les autorit\u00e9s avait eu lieu \u00ab\u00a0il y a trois semaines\u00a0\u00bb et qu'\u00a0\u00bbaucune irr\u00e9gularit\u00e9\u00a0\u00bb n&rsquo;avait \u00e9t\u00e9 d\u00e9tect\u00e9e.<\/p>\n\n\n\n<p>Cette mine de potasse appartient \u00e0 ICL Iberia, filiale en Espagne du groupe isra\u00e9lien ICL.<\/p>\n\n\n\n<p>Sur son site internet, cette entreprise bas\u00e9e \u00e0 Suria, localit\u00e9 situ\u00e9e \u00e0 environ 80 km au nord-ouest de Barcelone, dit employer 1.100 salari\u00e9s et \u00eatre \u00ab\u00a0l&rsquo;unique entreprise produisant des sels de potassium en Espagne\u00a0\u00bb.<\/p>\n\n\n\n<p>Elle poss\u00e8de deux mines dans cette zone \u00ab\u00a0qui repr\u00e9sentent\u00a0\u00bb, selon elle, \u00ab\u00a0l&rsquo;une des r\u00e9serves de potasse les plus importantes d&rsquo;Europe occidentale\u00a0\u00bb.<\/p>\n\n\n\n<p>Deux mineurs \u00e9taient morts dans un accident dans cette m\u00eame mine de Suria en d\u00e9cembre 2013 \u00e0 la suite de l&rsquo;effondrement d&rsquo;une galerie, selon les m\u00e9dias locaux.<\/p>\n\n\n\n<p>Le plus grave accident minier survenu ces derni\u00e8res ann\u00e9es en Espagne a eu lieu en octobre 2013. Six personnes \u00e9taient mortes et cinq avaient \u00e9t\u00e9 bless\u00e9es en raison d&rsquo;un coup de grisou dans la mine de charbon de Santa Luc\u00eda, dans la province de Le\u00f3n (nord-ouest). Le proc\u00e8s des dirigeants de l&rsquo;entreprise s&rsquo;est ouvert r\u00e9cemment.<\/p>\n\n\n\n<p>En ao\u00fbt 1995, quatorze personnes \u00e9taient mortes \u00e0 la suite d&rsquo;un autre coup de grisou, dans une mine de la r\u00e9gion des Asturies (nord).<\/p>\n","protected":false},"excerpt":{"rendered":"<p>Le \u00ab\u00a0pire\u00a0\u00bb est \u00e0 craindre apr\u00e8s un accident \u00e0 900 m\u00e8tres de profondeur dont ont \u00e9t\u00e9 victimes trois personnes dans une mine de potasse \u00e0 Suria, en Catalogne (nord-est de l&rsquo;Espagne), ont affirm\u00e9 les autorit\u00e9s locales. \u00ab\u00a0Les informations dont nous disposons nous font craindre le pire\u00a0\u00bb, a indiqu\u00e9 sur les lieux \u00e0 la presse Joan [&hellip;]<\/p>\n","protected":false},"author":2,"featured_media":24192,"comment_status":"open","ping_status":"open","sticky":false,"template":"","format":"standard","meta":{"_jetpack_memberships_contains_paid_content":false,"footnotes":"","jetpack_publicize_message":"","jetpack_publicize_feature_enabled":true,"jetpack_social_post_already_shared":true,"jetpack_social_options":{"image_generator_settings":{"template":"highway","default_image_id":0,"font":"","enabled":false},"version":2},"_wpas_customize_per_network":false},"categories":[405],"tags":[],"class_list":["post-24191","post","type-post","status-publish","format-standard","has-post-thumbnail","hentry","category-actu-france-monde"],"jetpack_publicize_connections":[],"jetpack_featured_media_url":"https:\/\/i0.wp.com\/www.iceagetv.com\/radiosite\/wp-content\/uploads\/2023\/03\/Vive-inquietude-en-Espagne.jpg?fit=899%2C388&ssl=1","jetpack_sharing_enabled":true,"_links":{"self":[{"href":"https:\/\/www.iceagetv.com\/radiosite\/wp-json\/wp\/v2\/posts\/24191","targetHints":{"allow":["GET"]}}],"collection":[{"href":"https:\/\/www.iceagetv.com\/radiosite\/wp-json\/wp\/v2\/posts"}],"about":[{"href":"https:\/\/www.iceagetv.com\/radiosite\/wp-json\/wp\/v2\/types\/post"}],"author":[{"embeddable":true,"href":"https:\/\/www.iceagetv.com\/radiosite\/wp-json\/wp\/v2\/users\/2"}],"replies":[{"embeddable":true,"href":"https:\/\/www.iceagetv.com\/radiosite\/wp-json\/wp\/v2\/comments?post=24191"}],"version-history":[{"count":1,"href":"https:\/\/www.iceagetv.com\/radiosite\/wp-json\/wp\/v2\/posts\/24191\/revisions"}],"predecessor-version":[{"id":24193,"href":"https:\/\/www.iceagetv.com\/radiosite\/wp-json\/wp\/v2\/posts\/24191\/revisions\/24193"}],"wp:featuredmedia":[{"embeddable":true,"href":"https:\/\/www.iceagetv.com\/radiosite\/wp-json\/wp\/v2\/media\/24192"}],"wp:attachment":[{"href":"https:\/\/www.iceagetv.com\/radiosite\/wp-json\/wp\/v2\/media?parent=24191"}],"wp:term":[{"taxonomy":"category","embeddable":true,"href":"https:\/\/www.iceagetv.com\/radiosite\/wp-json\/wp\/v2\/categories?post=24191"},{"taxonomy":"post_tag","embeddable":true,"href":"https:\/\/www.iceagetv.com\/radiosite\/wp-json\/wp\/v2\/tags?post=24191"}],"curies":[{"name":"wp","href":"https:\/\/api.w.org\/{rel}","templated":true}]}}