{"id":24202,"date":"2023-03-10T10:13:31","date_gmt":"2023-03-10T10:13:31","guid":{"rendered":"https:\/\/www.iceagetv.com\/radiosite\/?p=24202"},"modified":"2023-03-10T10:13:31","modified_gmt":"2023-03-10T10:13:31","slug":"greves-contre-la-reforme-des-retraites-reprise-des-expeditions-de-carburants-a-esso-exxonmobil-de-fos-sur-mer","status":"publish","type":"post","link":"https:\/\/www.iceagetv.com\/radiosite\/greves-contre-la-reforme-des-retraites-reprise-des-expeditions-de-carburants-a-esso-exxonmobil-de-fos-sur-mer\/","title":{"rendered":"Gr\u00e8ves contre la r\u00e9forme des retraites: reprise des exp\u00e9ditions de carburants \u00e0 Esso-ExxonMobil de Fos-sur-Mer"},"content":{"rendered":"\n<h2 class=\"wp-block-heading\" id=\"emmanuel-macron-va-repondre-a-la-lettre-de-l-intersyndicale\">Emmanuel Macron va r\u00e9pondre \u00e0 la lettre de l&rsquo;intersyndicale<\/h2>\n\n\n\n<p>Les huit principaux syndicats fran\u00e7ais et cinq organisations de jeunesse ont \u00e9crit jeudi au pr\u00e9sident de la R\u00e9publique pour lui demander une rencontre au sujet de la r\u00e9forme des retraites, voyant dans le silence de l&rsquo;ex\u00e9cutif face au mouvement social un \u00ab<em>grave probl\u00e8me d\u00e9mocratique<\/em>\u00bb. L&rsquo;entourage d&rsquo;<a href=\"https:\/\/www.lefigaro.fr\/social\/retraites-l-intersyndicale-a-ecrit-une-lettre-a-emmanuel-macron-20230309\">Emmanuel Macron<\/a>&nbsp;annonce ce vendredi que \u00ab<em>le pr\u00e9sident r\u00e9pond toujours \u00e0 tous les courriers qui lui sont adress\u00e9s<\/em>\u00bb.<\/p>\n\n\n\n<h2 class=\"wp-block-heading\" id=\"le-trafic-s-ameliore-dans-les-transports\">Le trafic s&rsquo;am\u00e9liore dans les transports<\/h2>\n\n\n\n<p>Si une \u00ab<em>nette am\u00e9lioration<\/em>\u00bb est observ\u00e9e \u00e0 la&nbsp;<strong>RATP<\/strong>&nbsp;ce vendredi, la&nbsp;<strong>SNCF<\/strong>&nbsp;fait toujours face \u00e0 des difficult\u00e9s sensibles, qui devraient durer ce week-end. Un TGV Inoui et un Ouigo sur deux circulent en moyenne, indique le groupe ferroviaire. Un train sur deux est pr\u00e9vu sur les axes Est et Sud-est, et deux sur cinq sur les axes Nord et Atlantique. Un train sur dix seulement circule de province \u00e0 province. \u00c0 l&rsquo;international, la SNCF pr\u00e9voit deux Eurostar sur trois, trois Thalys sur cinq et deux Lyria sur cinq. Il y a \u00e9galement un train sur trois sur la liaison avec l&rsquo;Italie, un sur quatre sur celle avec l&rsquo;Espagne et deux sur cinq sur celle avec l&rsquo;Allemagne. Du c\u00f4t\u00e9 des Intercit\u00e9s, le groupe s&rsquo;attend \u00e0 voir circuler un train sur quatre la journ\u00e9e, et toujours aucun les nuits de jeudi \u00e0 vendredi et de vendredi \u00e0 samedi. De fortes difficult\u00e9s sont aussi attendues du c\u00f4t\u00e9 des r\u00e9gions. Deux TER sur cinq circulent seulement ce vendredi, anticipe la SNCF.<\/p>\n\n\n\n<p>Dans le&nbsp;<strong>secteur a\u00e9rien<\/strong>, la Direction g\u00e9n\u00e9rale de l&rsquo;aviation civile (DGAC) a, pour ce vendredi, fait la m\u00eame demande aux compagnies a\u00e9riennes que jeudi, c&rsquo;est-\u00e0-dire d&rsquo;annuler 20% des vols \u00e0 l&rsquo;a\u00e9roport Paris-Charles-de-Gaulle et 30% dans les a\u00e9roports d&rsquo;Orly, Nice, Beauvais, Bordeaux, Lyon, Lille, Toulouse, Marseille, Montpellier et Nantes.<\/p>\n\n\n\n<p>Ce vendredi marque le pas des mobilisations en France, mais cela n&rsquo;exclut pas quelques actions en r\u00e9gions. Le mouvement devrait reprendre de plus belle samedi 11 mars, \u00e0 l&rsquo;appel d&rsquo;une nouvelle journ\u00e9e de mobilisation par les\u00a0<a href=\"https:\/\/www.lefigaro.fr\/social\/retraites-le-vote-au-senat-du-report-a-64-ans-ne-change-rien-a-la-determination-des-syndicats-reagit-martinez-20230309\">syndicats<\/a>. Alors que les leaders ont envoy\u00e9 une\u00a0<a href=\"https:\/\/www.lefigaro.fr\/social\/retraites-l-intersyndicale-a-ecrit-une-lettre-a-emmanuel-macron-20230309\">lettre<\/a>\u00a0au pr\u00e9sident de la R\u00e9publique, ils r\u00e9futent toujours le projet de r\u00e9forme des retraites du gouvernement.\u00a0<em>Le Figaro<\/em>\u00a0fait le point sur les actions des gr\u00e9vistes et des syndicats de ce vendredi 10 mars.<\/p>\n\n\n\n<h2 class=\"wp-block-heading\" id=\"reprise-des-expeditions-de-carburants-a-fos-sur-mer\"><strong>Reprise des exp\u00e9ditions de carburants \u00e0 Fos-sur-Mer<\/strong><\/h2>\n\n\n\n<p>Les exp\u00e9ditions de\u00a0<a href=\"https:\/\/www.lefigaro.fr\/social\/du-carburant-manque-dans-pres-de-6-des-stations-service-francaises-20230308\">carburants<\/a>\u00a0ont repris ce vendredi, au moins pour la matin\u00e9e, \u00e0 la raffinerie Esso-ExxonMobil de Fos-sur-Mer, selon le groupe. Il n&rsquo;y a \u00ab<em>plus de<\/em>\u00a0<em>gr\u00e8ves \u00e0 la raffinerie de Fos sur le quart de ce matin<\/em>\u00bb, avec une \u00ab<em>reprise des exp\u00e9ditions depuis 6h ce jour<\/em>\u00bb, a indiqu\u00e9 une porte-parole du groupe p\u00e9trolier. La nouvelle ligne de quart de l&rsquo;apr\u00e8s-midi d\u00e9cidera dans la journ\u00e9e si elle prend la m\u00eame d\u00e9cision que le quart du matin, ou si elle poursuit le mouvement.<\/p>\n\n\n\n<h2 class=\"wp-block-heading\" id=\"emmanuel-macron-va-repondre-a-la-lettre-de-l-intersyndicale\">Emmanuel Macron va r\u00e9pondre \u00e0 la lettre de l&rsquo;intersyndicale<\/h2>\n\n\n\n<p>Les huit principaux syndicats fran\u00e7ais et cinq organisations de jeunesse ont \u00e9crit jeudi au pr\u00e9sident de la R\u00e9publique pour lui demander une rencontre au sujet de la r\u00e9forme des retraites, voyant dans le silence de l&rsquo;ex\u00e9cutif face au mouvement social un \u00ab<em>grave probl\u00e8me d\u00e9mocratique<\/em>\u00bb. L&rsquo;entourage d&rsquo;<a href=\"https:\/\/www.lefigaro.fr\/social\/retraites-l-intersyndicale-a-ecrit-une-lettre-a-emmanuel-macron-20230309\">Emmanuel Macron<\/a>&nbsp;annonce ce vendredi que \u00ab<em>le pr\u00e9sident r\u00e9pond toujours \u00e0 tous les courriers qui lui sont adress\u00e9s<\/em>\u00bb.<\/p>\n\n\n\n<h2 class=\"wp-block-heading\" id=\"le-trafic-s-ameliore-dans-les-transports\">Le trafic s&rsquo;am\u00e9liore dans les transports<\/h2>\n\n\n\n<p>Si une \u00ab<em>nette am\u00e9lioration<\/em>\u00bb est observ\u00e9e \u00e0 la&nbsp;<strong>RATP<\/strong>&nbsp;ce vendredi, la&nbsp;<strong>SNCF<\/strong>&nbsp;fait toujours face \u00e0 des difficult\u00e9s sensibles, qui devraient durer ce week-end. Un TGV Inoui et un Ouigo sur deux circulent en moyenne, indique le groupe ferroviaire. Un train sur deux est pr\u00e9vu sur les axes Est et Sud-est, et deux sur cinq sur les axes Nord et Atlantique. Un train sur dix seulement circule de province \u00e0 province. \u00c0 l&rsquo;international, la SNCF pr\u00e9voit deux Eurostar sur trois, trois Thalys sur cinq et deux Lyria sur cinq. Il y a \u00e9galement un train sur trois sur la liaison avec l&rsquo;Italie, un sur quatre sur celle avec l&rsquo;Espagne et deux sur cinq sur celle avec l&rsquo;Allemagne. Du c\u00f4t\u00e9 des Intercit\u00e9s, le groupe s&rsquo;attend \u00e0 voir circuler un train sur quatre la journ\u00e9e, et toujours aucun les nuits de jeudi \u00e0 vendredi et de vendredi \u00e0 samedi. De fortes difficult\u00e9s sont aussi attendues du c\u00f4t\u00e9 des r\u00e9gions. Deux TER sur cinq circulent seulement ce vendredi, anticipe la SNCF.<\/p>\n\n\n\n<p>Dans le&nbsp;<strong>secteur a\u00e9rien<\/strong>, la Direction g\u00e9n\u00e9rale de l&rsquo;aviation civile (DGAC) a, pour ce vendredi, fait la m\u00eame demande aux compagnies a\u00e9riennes que jeudi, c&rsquo;est-\u00e0-dire d&rsquo;annuler 20% des vols \u00e0 l&rsquo;a\u00e9roport Paris-Charles-de-Gaulle et 30% dans les a\u00e9roports d&rsquo;Orly, Nice, Beauvais, Bordeaux, Lyon, Lille, Toulouse, Marseille, Montpellier et Nantes.<\/p>\n","protected":false},"excerpt":{"rendered":"<p>Emmanuel Macron va r\u00e9pondre \u00e0 la lettre de l&rsquo;intersyndicale Les huit principaux syndicats fran\u00e7ais et cinq organisations de jeunesse ont \u00e9crit jeudi au pr\u00e9sident de la R\u00e9publique pour lui demander une rencontre au sujet de la r\u00e9forme des retraites, voyant dans le silence de l&rsquo;ex\u00e9cutif face au mouvement social un \u00abgrave probl\u00e8me d\u00e9mocratique\u00bb. L&rsquo;entourage d&rsquo;Emmanuel [&hellip;]<\/p>\n","protected":false},"author":2,"featured_media":24203,"comment_status":"open","ping_status":"open","sticky":false,"template":"","format":"standard","meta":{"_jetpack_memberships_contains_paid_content":false,"footnotes":"","jetpack_publicize_message":"","jetpack_publicize_feature_enabled":true,"jetpack_social_post_already_shared":true,"jetpack_social_options":{"image_generator_settings":{"template":"highway","default_image_id":0,"font":"","enabled":false},"version":2},"_wpas_customize_per_network":false},"categories":[405],"tags":[],"class_list":["post-24202","post","type-post","status-publish","format-standard","has-post-thumbnail","hentry","category-actu-france-monde"],"jetpack_publicize_connections":[],"jetpack_featured_media_url":"https:\/\/i0.wp.com\/www.iceagetv.com\/radiosite\/wp-content\/uploads\/2023\/03\/reprise-des-expeditions-de-carburants-a-Esso-ExxonMobil-de-Fos-sur-Mer.png?fit=747%2C370&ssl=1","jetpack_sharing_enabled":true,"_links":{"self":[{"href":"https:\/\/www.iceagetv.com\/radiosite\/wp-json\/wp\/v2\/posts\/24202","targetHints":{"allow":["GET"]}}],"collection":[{"href":"https:\/\/www.iceagetv.com\/radiosite\/wp-json\/wp\/v2\/posts"}],"about":[{"href":"https:\/\/www.iceagetv.com\/radiosite\/wp-json\/wp\/v2\/types\/post"}],"author":[{"embeddable":true,"href":"https:\/\/www.iceagetv.com\/radiosite\/wp-json\/wp\/v2\/users\/2"}],"replies":[{"embeddable":true,"href":"https:\/\/www.iceagetv.com\/radiosite\/wp-json\/wp\/v2\/comments?post=24202"}],"version-history":[{"count":1,"href":"https:\/\/www.iceagetv.com\/radiosite\/wp-json\/wp\/v2\/posts\/24202\/revisions"}],"predecessor-version":[{"id":24204,"href":"https:\/\/www.iceagetv.com\/radiosite\/wp-json\/wp\/v2\/posts\/24202\/revisions\/24204"}],"wp:featuredmedia":[{"embeddable":true,"href":"https:\/\/www.iceagetv.com\/radiosite\/wp-json\/wp\/v2\/media\/24203"}],"wp:attachment":[{"href":"https:\/\/www.iceagetv.com\/radiosite\/wp-json\/wp\/v2\/media?parent=24202"}],"wp:term":[{"taxonomy":"category","embeddable":true,"href":"https:\/\/www.iceagetv.com\/radiosite\/wp-json\/wp\/v2\/categories?post=24202"},{"taxonomy":"post_tag","embeddable":true,"href":"https:\/\/www.iceagetv.com\/radiosite\/wp-json\/wp\/v2\/tags?post=24202"}],"curies":[{"name":"wp","href":"https:\/\/api.w.org\/{rel}","templated":true}]}}