{"id":24213,"date":"2023-03-12T05:41:11","date_gmt":"2023-03-12T05:41:11","guid":{"rendered":"https:\/\/www.iceagetv.com\/radiosite\/?p=24213"},"modified":"2023-03-12T05:41:11","modified_gmt":"2023-03-12T05:41:11","slug":"le-senat-adopte-le-projet-de-reforme-des-retraites-etape-cruciale-pour-le-parcours-du-texte","status":"publish","type":"post","link":"https:\/\/www.iceagetv.com\/radiosite\/le-senat-adopte-le-projet-de-reforme-des-retraites-etape-cruciale-pour-le-parcours-du-texte\/","title":{"rendered":"Le S\u00e9nat adopte le projet de r\u00e9forme des retraites, \u00e9tape cruciale pour le parcours du texte"},"content":{"rendered":"\n<p>Le recours au vote bloqu\u00e9, activ\u00e9 vendredi par le gouvernement, a consid\u00e9rablement acc\u00e9l\u00e9r\u00e9 les d\u00e9bats. D\u00e9put\u00e9s et s\u00e9nateurs doivent \u00e0 pr\u00e9sent se mettre d\u2019accord sur un texte lors d\u2019une commission mixte paritaire pr\u00e9vue mercredi..<\/p>\n\n\n\n<p>Le S\u00e9nat, domin\u00e9 par la droite, a adopt\u00e9 samedi 11&nbsp;mars, tard dans la soir\u00e9e, le projet de <a href=\"https:\/\/www.lemonde.fr\/debat-sur-les-retraites\/\">r\u00e9forme des retraites<\/a> par 195&nbsp;voix pour et 112&nbsp;contre. Ce vote a eu lieu <a href=\"https:\/\/www.lemonde.fr\/politique\/article\/2023\/03\/11\/l-amertume-des-manifestants-contre-la-reforme-des-retraites-face-a-un-gouvernement-qui-reste-sourd_6165118_823448.html\">le jour de la septi\u00e8me journ\u00e9e de mobilisation contre le texte<\/a>, qui a \u00e9t\u00e9 marqu\u00e9e par une nette baisse du nombre de manifestants. Il \u00e9tait tr\u00e8s attendu par le gouvernement et lui permet de donner une l\u00e9gitimit\u00e9 parlementaire \u00e0 sa r\u00e9forme hautement contest\u00e9e, et de donner un \u00e9lan en vue de son adoption d\u00e9finitive.<\/p>\n\n\n\n<p><em>\u00ab&nbsp;Une \u00e9tape importante a \u00e9t\u00e9 franchie ce soir avec un vote large du texte de la r\u00e9forme des retraites au S\u00e9nat&nbsp;\u00bb<\/em>, s\u2019est aussit\u00f4t f\u00e9licit\u00e9e Elisabeth Borne aupr\u00e8s de l\u2019Agence France-Presse. <em>\u00ab&nbsp;Malgr\u00e9 les tentatives d\u2019obstruction de certains groupes, le d\u00e9bat d\u00e9mocratique s\u2019est tenu&nbsp;\u00bb<\/em>, a salu\u00e9 la premi\u00e8re ministre. <em>\u00ab&nbsp;Je suis s\u00fbre qu\u2019il existe une majorit\u00e9 au Parlement pour voter ce texte&nbsp;\u00bb,<\/em> a-t-elle assur\u00e9, alors qu\u2019un vote autrement plus serr\u00e9 s\u2019annonce \u00e0 l\u2019Assembl\u00e9e nationale.<\/p>\n","protected":false},"excerpt":{"rendered":"<p>Le recours au vote bloqu\u00e9, activ\u00e9 vendredi par le gouvernement, a consid\u00e9rablement acc\u00e9l\u00e9r\u00e9 les d\u00e9bats. D\u00e9put\u00e9s et s\u00e9nateurs doivent \u00e0 pr\u00e9sent se mettre d\u2019accord sur un texte lors d\u2019une commission mixte paritaire pr\u00e9vue mercredi.. Le S\u00e9nat, domin\u00e9 par la droite, a adopt\u00e9 samedi 11&nbsp;mars, tard dans la soir\u00e9e, le projet de r\u00e9forme des retraites par [&hellip;]<\/p>\n","protected":false},"author":2,"featured_media":24214,"comment_status":"open","ping_status":"open","sticky":false,"template":"","format":"standard","meta":{"_jetpack_memberships_contains_paid_content":false,"footnotes":"","jetpack_publicize_message":"","jetpack_publicize_feature_enabled":true,"jetpack_social_post_already_shared":true,"jetpack_social_options":{"image_generator_settings":{"template":"highway","default_image_id":0,"font":"","enabled":false},"version":2},"_wpas_customize_per_network":false},"categories":[405],"tags":[],"class_list":["post-24213","post","type-post","status-publish","format-standard","has-post-thumbnail","hentry","category-actu-france-monde"],"jetpack_publicize_connections":[],"jetpack_featured_media_url":"https:\/\/i0.wp.com\/www.iceagetv.com\/radiosite\/wp-content\/uploads\/2023\/03\/212c351_1678570282216-cbir4064.jpg?fit=1328%2C886&ssl=1","jetpack_sharing_enabled":true,"_links":{"self":[{"href":"https:\/\/www.iceagetv.com\/radiosite\/wp-json\/wp\/v2\/posts\/24213","targetHints":{"allow":["GET"]}}],"collection":[{"href":"https:\/\/www.iceagetv.com\/radiosite\/wp-json\/wp\/v2\/posts"}],"about":[{"href":"https:\/\/www.iceagetv.com\/radiosite\/wp-json\/wp\/v2\/types\/post"}],"author":[{"embeddable":true,"href":"https:\/\/www.iceagetv.com\/radiosite\/wp-json\/wp\/v2\/users\/2"}],"replies":[{"embeddable":true,"href":"https:\/\/www.iceagetv.com\/radiosite\/wp-json\/wp\/v2\/comments?post=24213"}],"version-history":[{"count":1,"href":"https:\/\/www.iceagetv.com\/radiosite\/wp-json\/wp\/v2\/posts\/24213\/revisions"}],"predecessor-version":[{"id":24215,"href":"https:\/\/www.iceagetv.com\/radiosite\/wp-json\/wp\/v2\/posts\/24213\/revisions\/24215"}],"wp:featuredmedia":[{"embeddable":true,"href":"https:\/\/www.iceagetv.com\/radiosite\/wp-json\/wp\/v2\/media\/24214"}],"wp:attachment":[{"href":"https:\/\/www.iceagetv.com\/radiosite\/wp-json\/wp\/v2\/media?parent=24213"}],"wp:term":[{"taxonomy":"category","embeddable":true,"href":"https:\/\/www.iceagetv.com\/radiosite\/wp-json\/wp\/v2\/categories?post=24213"},{"taxonomy":"post_tag","embeddable":true,"href":"https:\/\/www.iceagetv.com\/radiosite\/wp-json\/wp\/v2\/tags?post=24213"}],"curies":[{"name":"wp","href":"https:\/\/api.w.org\/{rel}","templated":true}]}}