{"id":24218,"date":"2023-03-12T18:12:24","date_gmt":"2023-03-12T18:12:24","guid":{"rendered":"https:\/\/www.iceagetv.com\/radiosite\/?p=24218"},"modified":"2023-03-12T18:12:27","modified_gmt":"2023-03-12T18:12:27","slug":"retraites-la-greve-des-eboueurs-est-reconduite-jusqua-mercredi-le-trafic-sera-normal-demain-dans-le-metro-parisien-mais-pas-dans-le-rer-b-les-choses-vont-rester-compliquees-a-la-sncf","status":"publish","type":"post","link":"https:\/\/www.iceagetv.com\/radiosite\/retraites-la-greve-des-eboueurs-est-reconduite-jusqua-mercredi-le-trafic-sera-normal-demain-dans-le-metro-parisien-mais-pas-dans-le-rer-b-les-choses-vont-rester-compliquees-a-la-sncf\/","title":{"rendered":"Retraites &#8211; La gr\u00e8ve des \u00e9boueurs est reconduite jusqu&rsquo;\u00e0 mercredi &#8211; Le trafic sera normal demain dans le m\u00e9tro parisien mais pas dans le RER B &#8211; Les choses vont rester compliqu\u00e9es \u00e0 la SNCF"},"content":{"rendered":"\n<p>Retraites &#8211; La gr\u00e8ve des \u00e9boueurs est reconduite jusqu&rsquo;\u00e0 mercredi &#8211; Le trafic sera normal demain dans le m\u00e9tro parisien mais pas dans le RER B &#8211; Les choses vont rester compliqu\u00e9es \u00e0 la SNCF<\/p>\n\n\n\n<p><strong>Le trafic sera normal sur la quasi-totalit\u00e9 du r\u00e9seau de m\u00e9tro parisien lundi, mais le RER B restera perturb\u00e9 au septi\u00e8me jour d&rsquo;une gr\u00e8ve reconductible \u00e0 l&rsquo;appel des syndicats de la RATP contre la r\u00e9forme des retraites.<\/strong>&nbsp;Sur l&rsquo;ensemble du r\u00e9seau de m\u00e9tro, seule la ligne 3 sera l\u00e9g\u00e8rement affect\u00e9e lundi par le mouvement social, avec un trafic qui sera cependant \u00ab\u00a0quasi-normal\u00a0\u00bb, a soulign\u00e9 la RATP dans un communiqu\u00e9.<\/p>\n\n\n\n<p>La circulation du RER A devrait s&rsquo;am\u00e9liorer lundi par rapport \u00e0 ce week-end, passant d&rsquo;un train sur deux en moyenne \u00e0 trois trains sur quatre. Le trafic du RER B sera \u00e0 nouveau \u00ab\u00a0perturb\u00e9\u00a0\u00bb, avec en moyenne deux trains sur trois en circulation. L&rsquo;interconnexion \u00e0 Gare du Nord sera en revanche r\u00e9tablie lundi, a pr\u00e9cis\u00e9 la RATP.<\/p>\n\n\n\n<p>\u00ab\u00a0Les r\u00e9seaux bus, tramway et Orlyval fonctionnent normalement comme depuis plusieurs jours\u00a0\u00bb, a ajout\u00e9 la r\u00e9gie.<strong>\u00a0Deux s\u00e9nateurs de Haute-Loire, Alain Cigolotti (UDI) et Laurent Duplomb (LR), ont \u00e9t\u00e9 priv\u00e9s d&rsquo;\u00e9lectricit\u00e9<\/strong>\u00a0apr\u00e8s que leurs contrats de fourniture d&rsquo;\u00e9nergie ont \u00e9t\u00e9 r\u00e9sili\u00e9s \u00e0 leur insu, a appris l&rsquo;AFP ce dimanche. \u00ab\u00a0Quand j&rsquo;ai d\u00e9couvert que la veille mon fournisseur d&rsquo;\u00e9nergie EDF avait envoy\u00e9 un ordre de coupure \u00e0 \u00c9nedis, j&rsquo;ai fait le lien avec le d\u00e9bat sur la r\u00e9forme des retraites\u00a0\u00bb, confie le s\u00e9nateur UDI Alain Cigolotti.<\/p>\n\n\n\n<p>Ce matin, le secr\u00e9taire g\u00e9n\u00e9ral de la CFDT, Laurent Berger, a mis en garde le gouvernement contre l&rsquo;id\u00e9e \u00abdangereuse\u00bb de faire adopter le projet de r\u00e9forme des retraites via le 49.3. \u00abQue la fin de l&rsquo;histoire soit un 49.3, \u00e7a me para\u00eet incroyable et dangereux\u00bb, a pr\u00e9venu Laurent Berger, ce dimanche 12 mars. Alors que le projet de r\u00e9forme des retraites vient d&rsquo;\u00eatre adopt\u00e9 par le S\u00e9nat, le secr\u00e9taire g\u00e9n\u00e9ral de la CFDT met en garde contre ce qu&rsquo;il consid\u00e9rerait comme \u00abune forme de vice d\u00e9mocratique\u00bb.<\/p>\n\n\n\n<p>Dans une interview au Journal du dimanche, il rappelle que \u00able d\u00e9bat n&rsquo;a pas eu lieu \u00e0 l&rsquo;Assembl\u00e9e nationale et il a \u00e9t\u00e9 acc\u00e9l\u00e9r\u00e9 au S\u00e9nat, alors que ce dernier a l&rsquo;habitude d&rsquo;aller au bout des textes dans une ambiance sereine\u00bb. Voil\u00e0 pourquoi adopter la r\u00e9forme des retraites gr\u00e2ce au 49.3 est selon lui \u00abimpossible\u00bb.<\/p>\n","protected":false},"excerpt":{"rendered":"<p>Retraites &#8211; La gr\u00e8ve des \u00e9boueurs est reconduite jusqu&rsquo;\u00e0 mercredi &#8211; Le trafic sera normal demain dans le m\u00e9tro parisien mais pas dans le RER B &#8211; Les choses vont rester compliqu\u00e9es \u00e0 la SNCF Le trafic sera normal sur la quasi-totalit\u00e9 du r\u00e9seau de m\u00e9tro parisien lundi, mais le RER B restera perturb\u00e9 au [&hellip;]<\/p>\n","protected":false},"author":2,"featured_media":24214,"comment_status":"open","ping_status":"open","sticky":false,"template":"","format":"standard","meta":{"_jetpack_memberships_contains_paid_content":false,"footnotes":"","jetpack_publicize_message":"","jetpack_publicize_feature_enabled":true,"jetpack_social_post_already_shared":true,"jetpack_social_options":{"image_generator_settings":{"template":"highway","default_image_id":0,"font":"","enabled":false},"version":2},"_wpas_customize_per_network":false},"categories":[405],"tags":[],"class_list":["post-24218","post","type-post","status-publish","format-standard","has-post-thumbnail","hentry","category-actu-france-monde"],"jetpack_publicize_connections":[],"jetpack_featured_media_url":"https:\/\/i0.wp.com\/www.iceagetv.com\/radiosite\/wp-content\/uploads\/2023\/03\/212c351_1678570282216-cbir4064.jpg?fit=1328%2C886&ssl=1","jetpack_sharing_enabled":true,"_links":{"self":[{"href":"https:\/\/www.iceagetv.com\/radiosite\/wp-json\/wp\/v2\/posts\/24218","targetHints":{"allow":["GET"]}}],"collection":[{"href":"https:\/\/www.iceagetv.com\/radiosite\/wp-json\/wp\/v2\/posts"}],"about":[{"href":"https:\/\/www.iceagetv.com\/radiosite\/wp-json\/wp\/v2\/types\/post"}],"author":[{"embeddable":true,"href":"https:\/\/www.iceagetv.com\/radiosite\/wp-json\/wp\/v2\/users\/2"}],"replies":[{"embeddable":true,"href":"https:\/\/www.iceagetv.com\/radiosite\/wp-json\/wp\/v2\/comments?post=24218"}],"version-history":[{"count":1,"href":"https:\/\/www.iceagetv.com\/radiosite\/wp-json\/wp\/v2\/posts\/24218\/revisions"}],"predecessor-version":[{"id":24220,"href":"https:\/\/www.iceagetv.com\/radiosite\/wp-json\/wp\/v2\/posts\/24218\/revisions\/24220"}],"wp:featuredmedia":[{"embeddable":true,"href":"https:\/\/www.iceagetv.com\/radiosite\/wp-json\/wp\/v2\/media\/24214"}],"wp:attachment":[{"href":"https:\/\/www.iceagetv.com\/radiosite\/wp-json\/wp\/v2\/media?parent=24218"}],"wp:term":[{"taxonomy":"category","embeddable":true,"href":"https:\/\/www.iceagetv.com\/radiosite\/wp-json\/wp\/v2\/categories?post=24218"},{"taxonomy":"post_tag","embeddable":true,"href":"https:\/\/www.iceagetv.com\/radiosite\/wp-json\/wp\/v2\/tags?post=24218"}],"curies":[{"name":"wp","href":"https:\/\/api.w.org\/{rel}","templated":true}]}}